{"id":2329,"date":"2024-02-21T14:33:20","date_gmt":"2024-02-21T14:33:20","guid":{"rendered":"https:\/\/www.automakers.cz\/?p=2329"},"modified":"2024-02-25T20:16:25","modified_gmt":"2024-02-25T20:16:25","slug":"pr-roku-martin-hejral-mel-winners-evening","status":"publish","type":"post","link":"https:\/\/www.automakers.cz\/?p=2329","title":{"rendered":"Winners Evening PR roku Martina Hejrala"},"content":{"rendered":"<p><strong>V\u00edt\u011bz ankety PR roku SDA 2023, mluv\u010d\u00ed Opelu Martin Hejral, uspo\u0159\u00e1dal sv\u016fj &#8222;Winners Evening&#8220; v pra\u017esk\u00e9 Kolkovn\u011b. Na d\u011bkova\u010dku sezval \u010dleny poroty sout\u011b\u017ee i dal\u0161\u00ed novin\u00e1\u0159e. Objevil se i jeho \u0161\u00e9f, country mana\u017eer O Automobil Importu Josef \u0160op\u00edk.<br \/>\n<\/strong><!--more--><\/p>\n<p>\u010casopis Automakers a KMN letos op\u011bt organizovaly anketu o nejlep\u0161\u00ed medi\u00e1ln\u00ed servis v r\u00e1mci SDA v roce 2023. Ceny v\u00edt\u011bz\u016fm ofici\u00e1ln\u011b p\u0159edal p\u0159edseda klubu Michal Busta na fin\u00e1le ankety Auto roku 2024 v \u010cR. Zlato si se ziskem 14 hlas\u016f (z celkem 31 hlasuj\u00edc\u00edch) odnesl \u0161\u00e9f komunikace Opelu Hejral.<\/p>\n<p><img loading=\"lazy\" decoding=\"async\" class=\"alignnone size-medium wp-image-2008\" src=\"http:\/\/www.automakers.cz\/wp-content\/uploads\/2024\/02\/PR-roku-Hejral-Busta-Pisarik-1-900x506.jpg\" alt=\"\" width=\"900\" height=\"506\" srcset=\"https:\/\/www.automakers.cz\/wp-content\/uploads\/2024\/02\/PR-roku-Hejral-Busta-Pisarik-1-900x506.jpg 900w, https:\/\/www.automakers.cz\/wp-content\/uploads\/2024\/02\/PR-roku-Hejral-Busta-Pisarik-1-1024x576.jpg 1024w, https:\/\/www.automakers.cz\/wp-content\/uploads\/2024\/02\/PR-roku-Hejral-Busta-Pisarik-1-768x432.jpg 768w, https:\/\/www.automakers.cz\/wp-content\/uploads\/2024\/02\/PR-roku-Hejral-Busta-Pisarik-1-1536x864.jpg 1536w, https:\/\/www.automakers.cz\/wp-content\/uploads\/2024\/02\/PR-roku-Hejral-Busta-Pisarik-1-1280x720.jpg 1280w, https:\/\/www.automakers.cz\/wp-content\/uploads\/2024\/02\/PR-roku-Hejral-Busta-Pisarik-1.jpg 2048w\" sizes=\"auto, (max-width: 900px) 100vw, 900px\" \/><\/p>\n<p>&#8222;R\u00e1d v\u00e1m bych pod\u011bkoval za dlouholetou p\u0159\u00edze\u0148 a d\u016fv\u011bru, kter\u00e9 si cen\u00edm,&#8220; \u0159ekl shrom\u00e1\u017ed\u011bn\u00fdm novin\u00e1\u0159\u016fm Martin, kter\u00fd se na stupn\u00edch v\u00edt\u011bz\u016f sout\u011b\u017ee objevuje v posledn\u00edch letech pravideln\u011b.<\/p>\n<p><strong>\u0160op\u00edk mu prodlou\u017e\u00ed smlouvu<\/strong><\/p>\n<p>Spokojenost s \u00farovn\u00ed PR servisu zna\u010dky vyj\u00e1d\u0159il i country mana\u017eer zna\u010dky Josef \u0160op\u00edk: &#8222;Je to pro n\u00e1s znamen\u00ed, \u017ee si Martina m\u00e1me je\u0161t\u011b alespo\u0148 rok nechat,&#8220; za\u017eertoval \u0161\u00e9f importu.<\/p>\n<p><img loading=\"lazy\" decoding=\"async\" class=\"alignnone size-medium wp-image-2349\" src=\"http:\/\/www.automakers.cz\/wp-content\/uploads\/2024\/02\/Opel-Hejral-Kolkovna-Sopik-900x675.jpg\" alt=\"\" width=\"900\" height=\"675\" srcset=\"https:\/\/www.automakers.cz\/wp-content\/uploads\/2024\/02\/Opel-Hejral-Kolkovna-Sopik-900x675.jpg 900w, https:\/\/www.automakers.cz\/wp-content\/uploads\/2024\/02\/Opel-Hejral-Kolkovna-Sopik-1024x768.jpg 1024w, https:\/\/www.automakers.cz\/wp-content\/uploads\/2024\/02\/Opel-Hejral-Kolkovna-Sopik-768x576.jpg 768w, https:\/\/www.automakers.cz\/wp-content\/uploads\/2024\/02\/Opel-Hejral-Kolkovna-Sopik-1536x1152.jpg 1536w, https:\/\/www.automakers.cz\/wp-content\/uploads\/2024\/02\/Opel-Hejral-Kolkovna-Sopik.jpg 2040w\" sizes=\"auto, (max-width: 900px) 100vw, 900px\" \/><\/p>\n<p><strong>P\u0159\u00edmo v Kolkovn\u011b ocitoval p\u0159\u00edmo z volebn\u00edch l\u00edstk\u016f leto\u0161n\u00ed zd\u016fvodn\u011bn\u00ed organiz\u00e1tor ankety Erich Handl:<\/strong><\/p>\n<p>Podle porotc\u016f je Martin boduje &#8222;dobrou komunikac\u00ed, d\u00e1v\u00e1 srdce zna\u010dce, m\u00e1 vst\u0159\u00edcn\u00e9 chov\u00e1n\u00ed, profi p\u0159\u00edstup a je vtipn\u00fd&#8220;.<\/p>\n<p>Podle jednoho hlasu dokonce nejvtipn\u011bj\u0161\u00ed z v\u0161ech. Podle dal\u0161\u00edho motonovin\u00e1\u0159e je to skute\u010dn\u00e1 &#8222;vesel\u00e1 kopa&#8220;.<\/p>\n<p><strong>Nejslavn\u011bj\u0161\u00ed akce Opelu<br \/>\n<\/strong><\/p>\n<p>\u010c\u00edm si Hejral z\u00edskal novin\u00e1\u0159e? Dlouh\u00e1 l\u00e9ta je zn\u00e1m z\u00e1bavn\u00fdmi prezentacemi novinek, p\u0159i nich\u017e nev\u00e1h\u00e1 vyu\u017e\u00edvat kabaretn\u00ed p\u0159evleky v\u010detn\u011b sudeton\u011bmeck\u00fdch kroj\u016f.<\/p>\n<p><img loading=\"lazy\" decoding=\"async\" class=\"alignnone size-medium wp-image-2338\" src=\"http:\/\/www.automakers.cz\/wp-content\/uploads\/2024\/02\/Opel-Hejral-Silha-kroj-900x600.jpg\" alt=\"\" width=\"900\" height=\"600\" srcset=\"https:\/\/www.automakers.cz\/wp-content\/uploads\/2024\/02\/Opel-Hejral-Silha-kroj-900x600.jpg 900w, https:\/\/www.automakers.cz\/wp-content\/uploads\/2024\/02\/Opel-Hejral-Silha-kroj-1024x683.jpg 1024w, https:\/\/www.automakers.cz\/wp-content\/uploads\/2024\/02\/Opel-Hejral-Silha-kroj-768x512.jpg 768w, https:\/\/www.automakers.cz\/wp-content\/uploads\/2024\/02\/Opel-Hejral-Silha-kroj-1536x1024.jpg 1536w, https:\/\/www.automakers.cz\/wp-content\/uploads\/2024\/02\/Opel-Hejral-Silha-kroj-2048x1365.jpg 2048w\" sizes=\"auto, (max-width: 900px) 100vw, 900px\" \/><\/p>\n<p>Na jedn\u00e9 z akc\u00ed dokonce do novin\u00e1\u0159\u016f pou\u0161t\u011bl elektrick\u00fd proud. Nejd\u00e9le tehdy dok\u00e1zal odol\u00e1vat nap\u011bt\u00ed \u0161\u00e9fredaktor Sv\u011bta motor\u016f Zby\u0161ek Pechr.<\/p>\n<p><img loading=\"lazy\" decoding=\"async\" class=\"alignnone size-medium wp-image-2335\" src=\"http:\/\/www.automakers.cz\/wp-content\/uploads\/2024\/02\/Opel-Hejral-Pech-proud-900x600.jpg\" alt=\"\" width=\"900\" height=\"600\" srcset=\"https:\/\/www.automakers.cz\/wp-content\/uploads\/2024\/02\/Opel-Hejral-Pech-proud-900x600.jpg 900w, https:\/\/www.automakers.cz\/wp-content\/uploads\/2024\/02\/Opel-Hejral-Pech-proud-1024x683.jpg 1024w, https:\/\/www.automakers.cz\/wp-content\/uploads\/2024\/02\/Opel-Hejral-Pech-proud-768x512.jpg 768w, https:\/\/www.automakers.cz\/wp-content\/uploads\/2024\/02\/Opel-Hejral-Pech-proud-1536x1024.jpg 1536w, https:\/\/www.automakers.cz\/wp-content\/uploads\/2024\/02\/Opel-Hejral-Pech-proud.jpg 2048w\" sizes=\"auto, (max-width: 900px) 100vw, 900px\" \/>Nejpam\u00e1tn\u011bj\u0161\u00ed ale byla premi\u00e9ra Opelu Insignia na pra\u017esk\u00e9 Salabce, kterou ozdobila Burleska s exotick\u00fdmi tane\u010dnicemi. Novin\u00e1\u0159i dodnes vzpom\u00ednaj\u00ed na poveden\u00e9 kost\u00fdmy vystupuj\u00edc\u00edch.<\/p>\n<p><img loading=\"lazy\" decoding=\"async\" class=\"alignnone size-medium wp-image-2340\" src=\"http:\/\/www.automakers.cz\/wp-content\/uploads\/2024\/02\/Burleska-Salabka-900x507.jpg\" alt=\"\" width=\"900\" height=\"507\" srcset=\"https:\/\/www.automakers.cz\/wp-content\/uploads\/2024\/02\/Burleska-Salabka-900x507.jpg 900w, https:\/\/www.automakers.cz\/wp-content\/uploads\/2024\/02\/Burleska-Salabka-768x432.jpg 768w, https:\/\/www.automakers.cz\/wp-content\/uploads\/2024\/02\/Burleska-Salabka.jpg 1000w\" sizes=\"auto, (max-width: 900px) 100vw, 900px\" \/><\/p>\n<p><strong>Erich Handl, Kolkovna Bud\u011bjovick\u00e1, archiv<br \/>\n<\/strong><\/p>\n<p>&nbsp;<\/p>\n","protected":false},"excerpt":{"rendered":"<p>V\u00edt\u011bz ankety PR roku SDA 2023, mluv\u010d\u00ed Opelu Martin Hejral, uspo\u0159\u00e1dal sv\u016fj &#8222;Winners Evening&#8220; v&#8230;<\/p>\n","protected":false},"author":1,"featured_media":2332,"comment_status":"closed","ping_status":"closed","sticky":false,"template":"","format":"standard","meta":{"footnotes":""},"categories":[24,32,21],"tags":[],"class_list":["post-2329","post","type-post","status-publish","format-standard","has-post-thumbnail","hentry","category-akce","category-ankety","category-pr"],"_links":{"self":[{"href":"https:\/\/www.automakers.cz\/index.php?rest_route=\/wp\/v2\/posts\/2329","targetHints":{"allow":["GET"]}}],"collection":[{"href":"https:\/\/www.automakers.cz\/index.php?rest_route=\/wp\/v2\/posts"}],"about":[{"href":"https:\/\/www.automakers.cz\/index.php?rest_route=\/wp\/v2\/types\/post"}],"author":[{"embeddable":true,"href":"https:\/\/www.automakers.cz\/index.php?rest_route=\/wp\/v2\/users\/1"}],"replies":[{"embeddable":true,"href":"https:\/\/www.automakers.cz\/index.php?rest_route=%2Fwp%2Fv2%2Fcomments&post=2329"}],"version-history":[{"count":22,"href":"https:\/\/www.automakers.cz\/index.php?rest_route=\/wp\/v2\/posts\/2329\/revisions"}],"predecessor-version":[{"id":2357,"href":"https:\/\/www.automakers.cz\/index.php?rest_route=\/wp\/v2\/posts\/2329\/revisions\/2357"}],"wp:featuredmedia":[{"embeddable":true,"href":"https:\/\/www.automakers.cz\/index.php?rest_route=\/wp\/v2\/media\/2332"}],"wp:attachment":[{"href":"https:\/\/www.automakers.cz\/index.php?rest_route=%2Fwp%2Fv2%2Fmedia&parent=2329"}],"wp:term":[{"taxonomy":"category","embeddable":true,"href":"https:\/\/www.automakers.cz\/index.php?rest_route=%2Fwp%2Fv2%2Fcategories&post=2329"},{"taxonomy":"post_tag","embeddable":true,"href":"https:\/\/www.automakers.cz\/index.php?rest_route=%2Fwp%2Fv2%2Ftags&post=2329"}],"curies":[{"name":"wp","href":"https:\/\/api.w.org\/{rel}","templated":true}]}}