{"id":2358,"date":"2024-02-22T07:34:29","date_gmt":"2024-02-22T07:34:29","guid":{"rendered":"https:\/\/www.automakers.cz\/?p=2358"},"modified":"2024-02-22T07:34:29","modified_gmt":"2024-02-22T07:34:29","slug":"fm-logistic-se-dohodl-s-groupe-seb","status":"publish","type":"post","link":"https:\/\/www.automakers.cz\/?p=2358","title":{"rendered":"FM Logistic se dohodl s\u00a0Groupe SEB"},"content":{"rendered":"<p><strong><b>FM Logistic, mezin\u00e1rodn\u00ed poskytovatel slu\u017eeb v oblasti dodavatelsk\u00fdch \u0159et\u011bzc\u016f (v \u010cR provozuje 3 sklady), oznamuje spolupr\u00e1ci se sv\u011btov\u00fdm v\u00fdrobcem mal\u00fdch dom\u00e1c\u00edch za\u0159\u00edzen\u00ed Groupe SEB. <\/b><\/strong><!--more--><\/p>\n<p>Spolupr\u00e1ce vznikla s\u00a0c\u00edlem pos\u00edlit logistick\u00e9 operace <strong><b>Groupe SEB<\/b><\/strong>\u00a0v\u00a0Evrop\u011b a zv\u00fd\u0161it efektivitu dodavatelsk\u00e9ho \u0159et\u011bzce pro distribuci \u0161irok\u00e9 \u0161k\u00e1ly jej\u00edch v\u00fdrobk\u016f, kter\u00e9 zahrnuj\u00ed zna\u010dky jako Tefal, Moulinex, Krups, do obchod\u016f a n\u00e1kupn\u00edch center.<\/p>\n<p><strong><b>Distribuce nen\u00ed lehk\u00fd \u00fakol<\/b><\/strong><\/p>\n<p>Rozs\u00e1hl\u00fd sortiment v\u00fdrobk\u016f a intenzivn\u00ed r\u016fst spolu s\u00a0v\u00edcekan\u00e1lovou prodejn\u00ed s\u00edt\u00ed vy\u017eaduj\u00ed <strong><b>vysokou efektivitu<\/b><\/strong>\u00a0a zvl\u00e1\u0161tn\u00ed d\u016fraz na <strong><b>logistiku<\/b><\/strong>. V\u00a0tomto ohledu se Groupe SEB m\u016f\u017ee spolehnout na profesion\u00e1ln\u00ed podporu l\u00eddra v\u00a0logistick\u00fdch slu\u017eb\u00e1ch ve st\u0159edn\u00ed Evrop\u011b \u2013 FM Logistic. Distribuce do obchod\u016f a n\u00e1kupn\u00edch center je n\u00e1ro\u010dn\u00fd proces, p\u0159i kter\u00e9m hraje roli \u010das. Je tomu tak proto, \u017ee n\u00e1kupn\u00ed centra a m\u00edstn\u00ed p\u0159edpisy v\u00fdslovn\u011b stanovuj\u00ed hodiny, ve kter\u00fdch mus\u00ed b\u00fdt dod\u00e1vky uskute\u010dn\u011bny. <em><i>\u201eN\u011bkdy se \u010dasov\u00fd interval pohybuje od pouh\u00fdch zhruba deseti minut a\u017e po maxim\u00e1ln\u011b n\u011bco m\u00e1lo p\u0159es hodinu. To byl jeden z\u00a0d\u016fvod\u016f, pro\u010d jsme hledali spolehliv\u00e9ho logistick\u00e9ho partnera s\u00a0odpov\u00eddaj\u00edc\u00ed infrastrukturou, kter\u00fd by se tohoto \u00fakolu ujal,\u201c<\/i><\/em>\u00a0\u0159\u00edk\u00e1 S\u00e9bastien Mauriange, \u0159editel logistick\u00fdch operac\u00ed EE ve spole\u010dnosti Groupe SEB.<\/p>\n<p>\u010cas ale nen\u00ed jedin\u00fdm probl\u00e9mem, se kter\u00fdm <strong><b>mus\u00ed logistick\u00fd oper\u00e1tor po\u010d\u00edtat<\/b><\/strong>. V\u00a0mnoha p\u0159\u00edpadech se obchody a n\u00e1kupn\u00ed centra nach\u00e1zej\u00ed v\u00a0centrech m\u011bst, a nejsou tak dostupn\u00e9 n\u00e1kladn\u00edmi automobily. <em><i>\u201eK\u00a0tomu se p\u0159id\u00e1vaj\u00ed dal\u0161\u00ed probl\u00e9my: omezen\u00fd po\u010det ramp, mal\u00e9 skladovac\u00ed prostory v\u00a0prodejn\u00e1ch, omezen\u00fd po\u010det zam\u011bstnanc\u016f a skute\u010dnost, \u017ee se mus\u00ed kontrolovat hmotnost jednotliv\u00fdch palet, kter\u00e9 obvykle tahaj\u00ed zam\u011bstnanci s\u00a0ru\u010dn\u00edmi voz\u00edky. To v\u0161e znamen\u00e1, \u017ee dod\u00e1vka zbo\u017e\u00ed mus\u00ed b\u00fdt p\u0159esn\u011b napl\u00e1nov\u00e1na a v\u0161echny prvky mus\u00ed b\u00fdt dokonale zkoordinov\u00e1ny. V\u00edme, \u017ee pokud se n\u00e1m to nepoda\u0159\u00ed, obchod z\u016fstane bez zbo\u017e\u00ed, a<\/i><\/em>\u00a0<em><i>to by bylo nep\u0159ijateln\u00e9,\u201c<\/i><\/em>\u00a0dod\u00e1v\u00e1 Magdalena W\u00f3jcik, Senior Business Development Manager ve spole\u010dnosti FM Logistic.<\/p>\n<p><strong><b>Kl\u00ed\u010dem je \u010das a komunikace<\/b><\/strong><\/p>\n<p>Jak zd\u016fraz\u0148uj\u00ed z\u00e1stupci spole\u010dnost\u00ed Groupe SEB a FM Logistic, kl\u00ed\u010dem k\u00a0\u00fasp\u011bchu je komunikace, kter\u00e1 za\u010d\u00edn\u00e1 v\u00a0hlavn\u00edm skladu. <em><i>\u201eNejd\u016fle\u017eit\u011bj\u0161\u00ed je v\u010dasnost a nakl\u00e1d\u00e1n\u00ed zbo\u017e\u00ed podle pl\u00e1nu. Jak\u00e9koli zpo\u017ed\u011bn\u00ed v\u00a0doprav\u011b ovliv\u0148uje pr\u00e1ci cel\u00e9ho skladu a omezuje provozn\u00ed kapacitu, a to jak z\u00a0hlediska prostoru, tak i zapojen\u00fdch zam\u011bstnanc\u016f. V\u0161e tedy z\u00e1vis\u00ed na dobr\u00e9 komunikaci s\u00a0poskytovatelem dopravy a rychl\u00e9 reakci na p\u0159\u00edpadn\u00e9 zm\u011bny,\u201c<\/i><\/em>\u00a0zd\u016fraz\u0148uje Branislav Hubinsk\u00fd, mana\u017eer distribuce EE.<\/p>\n<p>P\u0159esn\u011b kv\u016fli t\u011bmto d\u016fvod\u016fm si Groupe SEB na\u0161la spolehliv\u00e9ho logistick\u00e9ho partnera se spr\u00e1vnou infrastrukturou, kter\u00fd by se tohoto \u00fakolu ujal \u2013 FM Logistics.<\/p>\n<p><strong><b>Groupe SEB<\/b><\/strong><\/p>\n<p>P\u0159edn\u00ed sv\u011btov\u00fd v\u00fdrobce mal\u00fdch dom\u00e1c\u00edch za\u0159\u00edzen\u00ed a profesion\u00e1ln\u00edch k\u00e1vovar\u016f. V\u00fdrobky skupiny lze nal\u00e9zt ve 150\u00a0zem\u00edch sv\u011bta, v\u010detn\u011b Polska. V\u00a0tov\u00e1rn\u00e1ch skupiny se vyr\u00e1b\u011bj\u00ed spot\u0159ebi\u010de a\u00a0p\u0159\u00edslu\u0161enstv\u00ed celkem 35\u00a0zna\u010dek. V\u00a0Polsku jsou nejobl\u00edben\u011bj\u0161\u00ed zna\u010dky Tefal a Krups.<\/p>\n<p><strong><b>O spole\u010dnosti FM Logistic<\/b><\/strong><\/p>\n<p>Podpora rozvoje udr\u017eiteln\u00fdch v\u00edcekan\u00e1lov\u00fdch dodavatelsk\u00fdch \u0159et\u011bzc\u016f je j\u00e1drem strategie spole\u010dnosti FM Logistic, co\u017e mimo jin\u00e9 dokl\u00e1d\u00e1 jej\u00ed slogan \u201eSupply Chain\u201c.<\/p>\n<p>Spole\u010dnost byla zalo\u017eena ve Francii v\u00a0roce 1967 jako rodinn\u00fd podnik a dnes je jedn\u00edm z\u00a0p\u0159edn\u00edch evropsk\u00fdch poskytovatel\u016f slu\u017eeb v\u00a0oblasti dodavatelsk\u00fdch \u0159et\u011bzc\u016f. Mezi jej\u00ed klienty pat\u0159\u00ed spole\u010dnosti z\u00a0oblasti rychloobr\u00e1tkov\u00e9ho zbo\u017e\u00ed, maloobchodu, kosmetick\u00fdch v\u00fdrobk\u016f, pr\u016fmyslov\u00e9 v\u00fdroby a zdravotnictv\u00ed.<\/p>\n<p>Slu\u017eby spole\u010dnosti zahrnuj\u00ed skladov\u00e1n\u00ed, multikan\u00e1lov\u00e9 pln\u011bn\u00ed, spole\u010dn\u00e9 balen\u00ed, vnitrost\u00e1tn\u00ed a\u00a0mezin\u00e1rodn\u00ed dopravu, m\u011bstskou logistiku a \u0159\u00eddic\u00ed centra dodavatelsk\u00e9ho \u0159et\u011bzce.<\/p>\n<p>FM Logistic p\u016fsob\u00ed ve v\u00edce ne\u017e 14\u00a0zem\u00edch Evropy, Asie a Latinsk\u00e9 Ameriky. Ro\u010dn\u00ed tr\u017eby spole\u010dnosti \u010din\u00ed 14\u00a0miliard eur a zam\u011bstn\u00e1v\u00e1 27\u00a0200\u00a0lid\u00ed. V\u00a0\u010cesk\u00e9 republice provozuje celkem t\u0159i sklady \u2013 v\u00a0Tuchom\u011b\u0159ic\u00edch, Lovosic\u00edch a Jirnech a p\u0159ekladi\u0161t\u011b v\u00a0Olomouci.<\/p>\n","protected":false},"excerpt":{"rendered":"<p>FM Logistic, mezin\u00e1rodn\u00ed poskytovatel slu\u017eeb v oblasti dodavatelsk\u00fdch \u0159et\u011bzc\u016f (v \u010cR provozuje 3 sklady), oznamuje&#8230;<\/p>\n","protected":false},"author":1,"featured_media":2359,"comment_status":"closed","ping_status":"closed","sticky":false,"template":"","format":"standard","meta":{"footnotes":""},"categories":[43],"tags":[],"class_list":["post-2358","post","type-post","status-publish","format-standard","has-post-thumbnail","hentry","category-logistika"],"_links":{"self":[{"href":"https:\/\/www.automakers.cz\/index.php?rest_route=\/wp\/v2\/posts\/2358","targetHints":{"allow":["GET"]}}],"collection":[{"href":"https:\/\/www.automakers.cz\/index.php?rest_route=\/wp\/v2\/posts"}],"about":[{"href":"https:\/\/www.automakers.cz\/index.php?rest_route=\/wp\/v2\/types\/post"}],"author":[{"embeddable":true,"href":"https:\/\/www.automakers.cz\/index.php?rest_route=\/wp\/v2\/users\/1"}],"replies":[{"embeddable":true,"href":"https:\/\/www.automakers.cz\/index.php?rest_route=%2Fwp%2Fv2%2Fcomments&post=2358"}],"version-history":[{"count":1,"href":"https:\/\/www.automakers.cz\/index.php?rest_route=\/wp\/v2\/posts\/2358\/revisions"}],"predecessor-version":[{"id":2360,"href":"https:\/\/www.automakers.cz\/index.php?rest_route=\/wp\/v2\/posts\/2358\/revisions\/2360"}],"wp:featuredmedia":[{"embeddable":true,"href":"https:\/\/www.automakers.cz\/index.php?rest_route=\/wp\/v2\/media\/2359"}],"wp:attachment":[{"href":"https:\/\/www.automakers.cz\/index.php?rest_route=%2Fwp%2Fv2%2Fmedia&parent=2358"}],"wp:term":[{"taxonomy":"category","embeddable":true,"href":"https:\/\/www.automakers.cz\/index.php?rest_route=%2Fwp%2Fv2%2Fcategories&post=2358"},{"taxonomy":"post_tag","embeddable":true,"href":"https:\/\/www.automakers.cz\/index.php?rest_route=%2Fwp%2Fv2%2Ftags&post=2358"}],"curies":[{"name":"wp","href":"https:\/\/api.w.org\/{rel}","templated":true}]}}