{"id":2363,"date":"2024-02-22T07:48:41","date_gmt":"2024-02-22T07:48:41","guid":{"rendered":"https:\/\/www.automakers.cz\/?p=2363"},"modified":"2024-02-22T07:54:28","modified_gmt":"2024-02-22T07:54:28","slug":"csg-sponzoruje-pilota-na-ceste-do-formule-1","status":"publish","type":"post","link":"https:\/\/www.automakers.cz\/?p=2363","title":{"rendered":"CSG sponzoruje pilota na cest\u011b do Formule 1"},"content":{"rendered":"<p class=\"xmprfx_MsoNormal\"><b>Skupina Czechoslovak Group (CSG) se stala hlavn\u00edm partnerem mlad\u00e9ho z\u00e1vodn\u00edka Romana Sta\u0148ka, kter\u00fd je jedin\u00fdm \u010desk\u00fdm z\u00e1stupcem ve Formuli 2. Talentovan\u00fd devaten\u00e1ctilet\u00fd pilot je v\u00a0sou\u010dasnosti jedinou \u010deskou nad\u011bj\u00ed, kter\u00e1 by mohla z\u00e1vodit a\u017e v\u00a0nejvy\u0161\u0161\u00ed sout\u011b\u017ei z\u00e1vod\u016f voz\u016f formule. <\/b><!--more--><\/p>\n<p class=\"xmprfx_MsoNormal\">CSG se proto rozhodla Romana Sta\u0148ka podpo\u0159it s c\u00edlem a spole\u010dn\u011b dos\u00e1hnout t\u00e9to mety \u2013 \u00fa\u010dasti v\u00a0z\u00e1vodech Formule 1. V ned\u011bli 11. \u00fanora 2024 se poprv\u00e9 na testovac\u00edch j\u00edzd\u00e1ch v\u00a0Bahrajnu p\u0159edstavilo logo CSG na z\u00e1vodn\u00edm voze a v\u00fdstroji \u010desk\u00e9ho pilota.<b><\/b><\/p>\n<p class=\"xmprfx_MsoNormal\">\u201eSkupina CSG je historicky prov\u00e1z\u00e1na se sv\u011btem \u010desk\u00e9ho motoristick\u00e9ho sportu prost\u0159ednictv\u00edm na\u0161\u00ed automobilky Tatra. Roman Stan\u011bk se z\u00e1vod\u011bn\u00ed v\u011bnuje u\u017e od sv\u00fdch dev\u00edti let a jen d\u00edky sv\u00fdm v\u00fdkon\u016fm se dostal a\u017e do Formule 2. Jako siln\u00e1 a dynamicky rostouc\u00ed skupina ch\u00e1peme ambice a odhodl\u00e1n\u00ed prorazit na mezin\u00e1rodn\u00edm poli a chceme s Romanem Sta\u0148kem dos\u00e1hnout \u00fa\u010dasti ve slavn\u00e9 Formuli 1. Podporujeme mlad\u00e9 talenty, kte\u0159\u00ed maj\u00ed zdravou dravost, cht\u011bj\u00ed dos\u00e1hnout \u00fasp\u011bchu a jdou si vytrvale s p\u00edl\u00ed za sv\u00fdmi c\u00edli. Roman Stan\u011bk je toho p\u0159\u00edkladem,\u201c \u0159\u00edk\u00e1 David Chour, v\u00fdkonn\u00fd \u0159editel CSG.<\/p>\n<p><strong>Druh\u00fdm rokem ve Formuli 2<\/strong><\/p>\n<p class=\"xmprfx_MsoNormal\">Roman Stan\u011bk, rod\u00e1k z\u00a0Vala\u0161sk\u00e9ho Mezi\u0159\u00ed\u010d\u00ed, se b\u011bhem sv\u00e9 kari\u00e9ry p\u0159es \u00fasp\u011b\u0161n\u00e9 sez\u00f3ny v\u00a0z\u00e1vodech motok\u00e1r a ni\u017e\u0161\u00edch formulov\u00fdch s\u00e9ri\u00edch dostal a\u017e do Formule 2, ve kter\u00e9 z\u00e1vod\u00ed druh\u00fdm rokem. Alespo\u0148 jeden jezdec ro\u010dn\u011b se m\u016f\u017ee z\u00a0t\u00e9to sout\u011b\u017ee probojovat do Formule 1, co\u017e je jeho c\u00edlem. V\u011b\u0159\u00ed, \u017ee leto\u0161n\u00ed sez\u00f3nu, kdy se ve Formuli 2 p\u0159ech\u00e1z\u00ed na monoposty nov\u00e9 generace, zvl\u00e1dne a probojuje se na \u010deln\u00ed um\u00edst\u011bn\u00ed v z\u00e1vodech i v celkov\u00e9m po\u0159ad\u00ed \u0161ampion\u00e1tu.<\/p>\n<p class=\"xmprfx_MsoNormal\">\u201eZ\u00e1vod\u011bn\u00ed ob\u011btuji v\u0161e, tvrd\u011b na sob\u011b mak\u00e1m a d\u011bl\u00e1m v\u0161e pro to, abych dos\u00e1hl na sv\u016fj sen. Velmi si proto v\u00e1\u017e\u00edm podpory skupiny CSG, kter\u00e1 mi umo\u017en\u00ed uskute\u010dnit dal\u0161\u00ed starty ve Formuli 2. CSG je siln\u00fdm partnerem a respektovanou zna\u010dkou a nov\u00e9ho hlavn\u00edho partnera budu r\u00e1d hrd\u011b reprezentovat a usilovat o to, abychom spole\u010dn\u011b dos\u00e1hli Formule 1,\u201c dod\u00e1v\u00e1 z\u00e1vodn\u00edk, kter\u00fd startuje ji\u017e t\u0159et\u00edm rokem za italskou st\u00e1j Trident.<\/p>\n<p class=\"xmprfx_MsoNormal\">\u201ePro \u0159adu div\u00e1k\u016f jsou z\u00e1vody formule velmi atraktivn\u00ed a jsme r\u00e1di, \u017ee jim m\u016f\u017eeme tento sport\u00a0p\u0159ibl\u00ed\u017eit pr\u00e1v\u011b d\u00edky podpo\u0159e jedin\u00e9ho \u010desk\u00e9ho reprezentanta ve vrcholn\u00fdch z\u00e1vodech formule. V\u011b\u0159\u00edme, \u017ee div\u00e1k\u016fm naplno uk\u00e1\u017ee sv\u00e9 z\u00e1vodn\u00ed um\u011bn\u00ed, dravost a talent,\u201c dod\u00e1v\u00e1 David Chour.<\/p>\n<p class=\"xmprfx_MsoNormal\">Skupina CSG m\u00e1 k\u00a0historii \u010desk\u00e9ho motoristick\u00e9ho sportu bl\u00edzko. Do skupiny CSG toti\u017e pat\u0159\u00ed\u00a0automobilka Tatra, kter\u00e1 je t\u0159et\u00ed nejstar\u0161\u00ed na sv\u011bt\u011b. Funguje u\u017e od roku 1850, prvn\u00ed automobil\u00a0vyrobila v\u00a0roce 1897 a b\u011bhem historie v\u00fdznamn\u011b ovlivnila sv\u011btov\u00fd automobilov\u00fd pr\u016fmysl. N\u00e1kladn\u00ed vozy Tatra z\u00e1vod\u00ed des\u00edtky let na Dakar Rallye a Tatra historicky podporuje n\u011bkter\u00e9 z\u00e1vodn\u00ed t\u00fdmy.<\/p>\n<p><img loading=\"lazy\" decoding=\"async\" class=\"alignnone size-medium wp-image-1930\" src=\"http:\/\/www.automakers.cz\/wp-content\/uploads\/2024\/02\/Tatra-Force-6x6-small-900x486.jpg\" alt=\"\" width=\"900\" height=\"486\" srcset=\"https:\/\/www.automakers.cz\/wp-content\/uploads\/2024\/02\/Tatra-Force-6x6-small-900x486.jpg 900w, https:\/\/www.automakers.cz\/wp-content\/uploads\/2024\/02\/Tatra-Force-6x6-small-1024x552.jpg 1024w, https:\/\/www.automakers.cz\/wp-content\/uploads\/2024\/02\/Tatra-Force-6x6-small-768x414.jpg 768w, https:\/\/www.automakers.cz\/wp-content\/uploads\/2024\/02\/Tatra-Force-6x6-small-1536x829.jpg 1536w, https:\/\/www.automakers.cz\/wp-content\/uploads\/2024\/02\/Tatra-Force-6x6-small-2048x1105.jpg 2048w\" sizes=\"auto, (max-width: 900px) 100vw, 900px\" \/><\/p>\n<p class=\"xmprfx_MsoNormal\"><b>Skupina CSG<\/b><\/p>\n<p class=\"xmprfx_MsoNormal\">Glob\u00e1ln\u00ed pr\u016fmyslov\u011b-technologick\u00e1 skupina CSG vlastn\u011bn\u00e1 \u010desk\u00fdm podnikatelem Michalem Strnadem m\u00e1 kl\u00ed\u010dov\u00e9 v\u00fdrobn\u00ed podniky v\u00a0\u010cesk\u00e9 republice, na Slovensku, ve \u0160pan\u011blsku, v\u00a0It\u00e1lii, Indii, Velk\u00e9 Brit\u00e1nii a USA a sv\u00e9 v\u00fdrobky exportuje do cel\u00e9ho sv\u011bta. CSG soustavn\u011b investuje do rozvoje sv\u00fdch spole\u010dnost\u00ed a z\u00e1rove\u0148 expanduje v\u00a0hlavn\u00edch oborech sv\u00e9ho podnik\u00e1n\u00ed. Sou\u010d\u00e1st\u00ed skupiny jsou nap\u0159\u00edklad \u010desk\u00e1 automobilka Tatra Trucks, v\u00fdznamn\u00fd sv\u011btov\u00fd v\u00fdrobce malor\u00e1\u017eov\u00e9 munice Fiocchi nebo \u010desk\u00fd v\u00fdrobce radar\u016f Eldis.<\/p>\n<p class=\"xmprfx_MsoNormal\">V podnic\u00edch za\u010dlen\u011bn\u00fdch do skupiny CSG a v propojen\u00fdch firm\u00e1ch pracuje v\u00edce ne\u017e 10 000 zam\u011bstnanc\u016f. V roce 2022 dos\u00e1hly konsolidovan\u00e9 tr\u017eby skupiny hodnoty 25 mld. korun. Hlavn\u00edmi obory CSG jsou stroj\u00edrenstv\u00ed, automobilov\u00fd, \u017eelezni\u010dn\u00ed, leteck\u00fd pr\u016fmysl, obrann\u00fd pr\u016fmysl a v\u00fdroba malor\u00e1\u017eov\u00e9 munice. S produkty spole\u010dnost\u00ed CSG se lze d\u00edky siln\u00e9 proexportn\u00ed orientaci setkat na v\u0161ech kontinentech.<\/p>\n<p><strong>Zdroj: CSG, Andrej \u010c\u00edrtek<\/strong><\/p>\n","protected":false},"excerpt":{"rendered":"<p>Skupina Czechoslovak Group (CSG) se stala hlavn\u00edm partnerem mlad\u00e9ho z\u00e1vodn\u00edka Romana Sta\u0148ka, kter\u00fd je jedin\u00fdm&#8230;<\/p>\n","protected":false},"author":1,"featured_media":2365,"comment_status":"closed","ping_status":"closed","sticky":false,"template":"","format":"standard","meta":{"footnotes":""},"categories":[19,29],"tags":[],"class_list":["post-2363","post","type-post","status-publish","format-standard","has-post-thumbnail","hentry","category-motorsport","category-sponzoring"],"_links":{"self":[{"href":"https:\/\/www.automakers.cz\/index.php?rest_route=\/wp\/v2\/posts\/2363","targetHints":{"allow":["GET"]}}],"collection":[{"href":"https:\/\/www.automakers.cz\/index.php?rest_route=\/wp\/v2\/posts"}],"about":[{"href":"https:\/\/www.automakers.cz\/index.php?rest_route=\/wp\/v2\/types\/post"}],"author":[{"embeddable":true,"href":"https:\/\/www.automakers.cz\/index.php?rest_route=\/wp\/v2\/users\/1"}],"replies":[{"embeddable":true,"href":"https:\/\/www.automakers.cz\/index.php?rest_route=%2Fwp%2Fv2%2Fcomments&post=2363"}],"version-history":[{"count":4,"href":"https:\/\/www.automakers.cz\/index.php?rest_route=\/wp\/v2\/posts\/2363\/revisions"}],"predecessor-version":[{"id":2369,"href":"https:\/\/www.automakers.cz\/index.php?rest_route=\/wp\/v2\/posts\/2363\/revisions\/2369"}],"wp:featuredmedia":[{"embeddable":true,"href":"https:\/\/www.automakers.cz\/index.php?rest_route=\/wp\/v2\/media\/2365"}],"wp:attachment":[{"href":"https:\/\/www.automakers.cz\/index.php?rest_route=%2Fwp%2Fv2%2Fmedia&parent=2363"}],"wp:term":[{"taxonomy":"category","embeddable":true,"href":"https:\/\/www.automakers.cz\/index.php?rest_route=%2Fwp%2Fv2%2Fcategories&post=2363"},{"taxonomy":"post_tag","embeddable":true,"href":"https:\/\/www.automakers.cz\/index.php?rest_route=%2Fwp%2Fv2%2Ftags&post=2363"}],"curies":[{"name":"wp","href":"https:\/\/api.w.org\/{rel}","templated":true}]}}