{"id":2370,"date":"2024-02-22T14:20:06","date_gmt":"2024-02-22T14:20:06","guid":{"rendered":"https:\/\/www.automakers.cz\/?p=2370"},"modified":"2024-02-22T14:24:43","modified_gmt":"2024-02-22T14:24:43","slug":"acea-prodeje-aut-v-evrope-rostou-ct24","status":"publish","type":"post","link":"https:\/\/www.automakers.cz\/?p=2370","title":{"rendered":"ACEA: prodeje aut v Evrop\u011b rostou. St\u00edhaj\u00ed automobilky vyr\u00e1b\u011bt? (koment\u00e1\u0159 \u010cT24)"},"content":{"rendered":"<p><strong>ACEA se\u010detla lednov\u00e9 prodeje vozidel v Evropsk\u00e9 unii (EU). Podle sdru\u017een\u00ed do\u0161lo k o\u017eiven\u00ed prodeje nov\u00fdch vozidel, kter\u00fd n\u00e1sledoval po poklesu v prosinci p\u0159edchoz\u00edho roku. K tomuto o\u017eiven\u00ed p\u0159isp\u011blo zejm\u00e9na dvoucifern\u00e9 tempo r\u016fstu prodeje v N\u011bmecku a It\u00e1lii.<\/strong><!--more--><\/p>\n<p>I prodej pln\u011b elektrick\u00fdch vozidel zaznamenal n\u00e1r\u016fst, av\u0161ak meziro\u010dn\u011b poklesl. Tuto informaci zve\u0159ejnila v \u00fater\u00fd Evropsk\u00e1 asociace v\u00fdrobc\u016f automobil\u016f (ACEA). Podle nejnov\u011bj\u0161\u00edch \u00fadaj\u016f se po\u010det nov\u011b zaregistrovan\u00fdch osobn\u00edch vozidel v EU v lednu 2024 meziro\u010dn\u011b zv\u00fd\u0161il o 12,1 % na 851 700 kus\u016f, \u010d\u00edm\u017e se zotavil z poklesu o 3,3 % v prosinci 2023. V\u0161echny hlavn\u00ed trhy v EU hl\u00e1sily v\u00fdznamn\u00fd r\u016fst prodeje, p\u0159i\u010dem\u017e N\u011bmecko (19,1 %) a It\u00e1lie (10,6 %) dos\u00e1hly dvoucifern\u00fdch n\u00e1r\u016fst\u016f a Francie (9,2 %) a \u0160pan\u011blsko (7,3 %) jednocifern\u00fdch.<\/p>\n<p>Registrace nov\u00fdch bateriov\u00fdch elektrick\u00fdch vozidel (BEV) v EU v lednu meziro\u010dn\u011b vzrostly o 28,9 % na 92 741 kus\u016f. To v\u0161ak p\u0159edstavovalo pokles o 42,3 % ve srovn\u00e1n\u00ed s prosincem. Hlavn\u00edm d\u016fvodem bylo zejm\u00e9na meziro\u010dn\u00ed sn\u00ed\u017een\u00ed prodeje v N\u011bmecku (-59 %) a ve Francii (-46 %), p\u0159esto\u017ee meziro\u010dn\u011b do\u0161lo k n\u00e1r\u016fstu.<\/p>\n<p>Celkov\u011b elektrifikovan\u00e1 vozidla, v\u010detn\u011b pln\u011b elektrick\u00fdch model\u016f, plug-in hybrid\u016f a pln\u011b hybridn\u00edch vozidel, p\u0159edstavovala v lednu 47,5 % v\u0161ech nov\u011b zaregistrovan\u00fdch osobn\u00edch automobil\u016f v EU, co\u017e je v\u00edce ne\u017e 42,7 % p\u0159ed rokem, av\u0161ak pokles oproti prosinci, kde to bylo 53,3 %.<\/p>\n<p>V lednu vzrostl prodej dvou nejv\u011bt\u0161\u00edch evropsk\u00fdch v\u00fdrobc\u016f automobil\u016f, Volkswagen (11,5 %) a Stellantis (15 %), zat\u00edmco prodej Renaultu podle \u00fadaj\u016f ACEA klesl o 2,9 %. Vzhledem k vysok\u00fdm n\u00e1klad\u016fm na n\u00e1kup elektromobil\u016f se Stellantis a Renault sna\u017e\u00ed vyv\u00edjet cenov\u011b dostupn\u011bj\u0161\u00ed modely. Americk\u00fd v\u00fdrobce elektromobil\u016f Tesla zaznamenal v lednu meziro\u010dn\u00ed n\u00e1r\u016fst prodeje v EU o 66,9 %.<\/p>\n<figure class=\"wp-block-embed wp-block-embed-youtube is-type-video is-provider-youtube epyt-figure\"><div class=\"wp-block-embed__wrapper\"><iframe loading=\"lazy\"  id=\"_ytid_91378\"  width=\"640\" height=\"360\"  data-origwidth=\"640\" data-origheight=\"360\" src=\"https:\/\/www.youtube.com\/embed\/UiNO_bknwME?enablejsapi=1&autoplay=0&cc_load_policy=0&cc_lang_pref=&iv_load_policy=1&loop=0&modestbranding=0&rel=1&fs=1&playsinline=0&autohide=2&theme=dark&color=red&controls=1&\" class=\"__youtube_prefs__  no-lazyload\" title=\"YouTube player\"  allow=\"accelerometer; autoplay; clipboard-write; encrypted-media; gyroscope; picture-in-picture\" allowfullscreen data-no-lazy=\"1\" data-skipgform_ajax_framebjll=\"\"><\/iframe><\/div><\/figure>\n","protected":false},"excerpt":{"rendered":"<p>ACEA se\u010detla lednov\u00e9 prodeje vozidel v Evropsk\u00e9 unii (EU). Podle sdru\u017een\u00ed do\u0161lo k o\u017eiven\u00ed prodeje&#8230;<\/p>\n","protected":false},"author":1,"featured_media":2371,"comment_status":"closed","ping_status":"closed","sticky":false,"template":"","format":"standard","meta":{"footnotes":""},"categories":[14,10,66],"tags":[],"class_list":["post-2370","post","type-post","status-publish","format-standard","has-post-thumbnail","hentry","category-komentar","category-statistika","category-video"],"_links":{"self":[{"href":"https:\/\/www.automakers.cz\/index.php?rest_route=\/wp\/v2\/posts\/2370","targetHints":{"allow":["GET"]}}],"collection":[{"href":"https:\/\/www.automakers.cz\/index.php?rest_route=\/wp\/v2\/posts"}],"about":[{"href":"https:\/\/www.automakers.cz\/index.php?rest_route=\/wp\/v2\/types\/post"}],"author":[{"embeddable":true,"href":"https:\/\/www.automakers.cz\/index.php?rest_route=\/wp\/v2\/users\/1"}],"replies":[{"embeddable":true,"href":"https:\/\/www.automakers.cz\/index.php?rest_route=%2Fwp%2Fv2%2Fcomments&post=2370"}],"version-history":[{"count":3,"href":"https:\/\/www.automakers.cz\/index.php?rest_route=\/wp\/v2\/posts\/2370\/revisions"}],"predecessor-version":[{"id":2376,"href":"https:\/\/www.automakers.cz\/index.php?rest_route=\/wp\/v2\/posts\/2370\/revisions\/2376"}],"wp:featuredmedia":[{"embeddable":true,"href":"https:\/\/www.automakers.cz\/index.php?rest_route=\/wp\/v2\/media\/2371"}],"wp:attachment":[{"href":"https:\/\/www.automakers.cz\/index.php?rest_route=%2Fwp%2Fv2%2Fmedia&parent=2370"}],"wp:term":[{"taxonomy":"category","embeddable":true,"href":"https:\/\/www.automakers.cz\/index.php?rest_route=%2Fwp%2Fv2%2Fcategories&post=2370"},{"taxonomy":"post_tag","embeddable":true,"href":"https:\/\/www.automakers.cz\/index.php?rest_route=%2Fwp%2Fv2%2Ftags&post=2370"}],"curies":[{"name":"wp","href":"https:\/\/api.w.org\/{rel}","templated":true}]}}