{"id":24324,"date":"2026-09-02T10:49:50","date_gmt":"2026-09-02T10:49:50","guid":{"rendered":"https:\/\/www.automakers.cz\/?p=24324"},"modified":"2026-09-02T10:51:01","modified_gmt":"2026-09-02T10:51:01","slug":"volkswagen-schyluje-se-ke-konfliktu-s-odbory","status":"publish","type":"post","link":"https:\/\/www.automakers.cz\/?p=24324","title":{"rendered":"Volkswagen: schyluje se ke konfliktu s odbory?"},"content":{"rendered":"<p class=\"c_bB f_i1 speakable\" data-dot=\"ogm-article-perex\"><strong>V koncernu Volkswagen skon\u010dila v pond\u011bl\u00ed kon\u010d\u00ed s\u00e9rie setk\u00e1n\u00ed veden\u00ed se zam\u011bstnanci. O budoucnosti podniku se jednalo v sedmi tov\u00e1rn\u00e1ch po cel\u00e9 zemi. \u0160\u00e9f vlivn\u00e9ho odborov\u00e9ho svazu IG Metall v Doln\u00edm Sasku, kde koncern s\u00eddl\u00ed, uvedl, \u017ee se podle n\u011bj schyluje ke konfliktu mezi zam\u011bstnanci a veden\u00edm.<\/strong><!--more--><\/p>\n<div class=\"_67f5fff6d27cec3392ad16c3 ogm-container\">\n<article class=\"f_i2\" aria-labelledby=\"accessibility-article\" data-dot=\"ogm-content\" data-e2e=\"ogm-content\">\n<div class=\"g_fo g_bG ogm-content__richContent\">\n<div class=\"g_bB speakable\" data-dot=\"mol-paragraph\">\n<div class=\"g_bB speakable\" data-dot=\"mol-paragraph\">\n<p class=\"c_bB\"><span class=\"c_fS\">Koncern se pot\u00fdk\u00e1 s americk\u00fdmi cly, propadem odbytu na \u010d\u00ednsk\u00e9m trhu, dopady konflikt\u016f na Bl\u00edzk\u00e9m v\u00fdchod\u011b, ale i s vysok\u00fdmi n\u00e1klady na v\u00fdrobu v n\u011bmeck\u00fdch z\u00e1vodech. Krom\u011b Emdenu a Zwickau nem\u00e1 VW podle d\u0159\u00edv\u011bj\u0161\u00edch vyj\u00e1d\u0159en\u00ed konkurenceschopn\u00e9 vyu\u017eit\u00ed ani pro tov\u00e1rny v Hannoveru a Neckarsulmu. Nap\u0159\u00edklad tov\u00e1rna v Osnabr\u00fccku by mohla p\u0159ej\u00edt na v\u00fdrobu pro zbrojn\u00ed pr\u016fmysl.<\/span><\/p>\n<p class=\"c_bB\"><span class=\"c_fS\"><strong>Minul\u00fd t\u00fdden v \u00fater\u00fd proto za\u010dala s\u00e9rie setk\u00e1n\u00ed veden\u00ed VW se zam\u011bstnanci n\u011bmeck\u00fdch tov\u00e1ren<\/strong>, a to ve form\u00e1tu takzvan\u00fdch z\u00e1vodn\u00edch rad. Nejprve se uskute\u010dnily v s\u00eddle koncernu ve Wolfsburgu a pak v Braunschweigu, Emdenu a Cvikov\u011b (Zwickau), Sask\u00e9 Kamenici (Chemnitz), Kasselu-Baunatalu a Salzgitteru.<\/span><\/p>\n<\/div>\n<div class=\"g_bB speakable\" data-dot=\"mol-paragraph\">\n<p class=\"c_bB\"><span class=\"c_fS\"><strong>Pl\u00e1novan\u00e9 shrom\u00e1\u017ed\u011bn\u00ed zam\u011bstnanc\u016f v\u00a0dr\u00e1\u017e\u010fansk\u00e9 Sklen\u011bn\u00e9 manufaktu\u0159e se nakonec nekonalo.<\/strong> V\u00a0pond\u011bl\u00ed se se\u0161la posledn\u00ed z\u00e1vodn\u00ed rada v\u00a0Hannoveru. Podle agentury Reuters na n\u00ed finan\u010dn\u00ed \u0159editel koncernu Arno Antlitz \u0159ekl, \u017ee veden\u00ed ud\u011bl\u00e1 v\u0161e, co je v\u00a0jeho sil\u00e1ch, aby zachr\u00e1nilo pracovn\u00ed m\u00edsta. Pro \u010dty\u0159i z\u00e1vody ale nen\u00ed po roce 2030\u00a0vyu\u017eit\u00ed.<\/span><\/p>\n<\/div>\n<p class=\"c_bB\"><span class=\"c_fS\">Veden\u00ed koncernu chce v p\u0159\u00ed\u0161t\u00edch letech v N\u011bmecku proti p\u016fvodn\u011b pl\u00e1novan\u00fdm 50 tis\u00edc\u016fm pracovn\u00edch m\u00edst zru\u0161it dal\u0161\u00edch mo\u017en\u00e1 50 tis\u00edc, podle n\u011bkter\u00fdch zdroj\u016f ale a\u017e 90 tis\u00edc m\u00edst. Volkswagen ve sv\u00e9 v\u00fdro\u010dn\u00ed zpr\u00e1v\u011b za lo\u0148sk\u00fd rok uv\u00e1d\u00ed, \u017ee celkov\u00fd po\u010det zam\u011bstnanc\u016f \u010dinil celosv\u011btov\u011b p\u0159ibli\u017en\u011b 663 tis\u00edc.<\/span><\/p>\n<\/div>\n<div class=\"g_bB speakable\" data-dot=\"mol-paragraph\">\n<blockquote>\n<p class=\"c_bB\"><span class=\"c_fS\">\u201eV\u0161e nasv\u011bd\u010duje tomu, \u017ee se schyluje ke konfliktu,\u201c \u0159ekl <strong>Thorsten Gr\u00f6ger<\/strong>, kter\u00fd vede odborov\u00fd svaz IG Metall v\u00a0Doln\u00edm Sasku, kde koncern s\u00eddl\u00ed.<\/span><\/p>\n<\/blockquote>\n<\/div>\n<div class=\"g_bB speakable\" data-dot=\"mol-paragraph\">\n<p class=\"c_bB\"><span class=\"c_fS\">Gr\u00f6ger p\u0159edev\u0161\u00edm kritizoval, jak\u00fdm zp\u016fsobem veden\u00ed koncernu komunikuje navenek. <\/span><\/p>\n<blockquote>\n<p class=\"c_bB\"><span class=\"c_fS\">\u201eTakto se nevys\u00edlaj\u00ed pozitivn\u00ed sign\u00e1ly z\u00e1kazn\u00edk\u016fm,\u201c \u0159ekl listu Neue Osnabr\u00fccker Zeitung. Eskalaci si podle n\u011bj odbor\u00e1\u0159i nep\u0159ej\u00ed. \u201eSamoz\u0159ejm\u011b se na ni ale p\u0159ipravujeme,\u201c dodal. Upozornil, \u017ee do konce roku nen\u00ed mo\u017en\u00e9 z\u00a0pr\u00e1vn\u00edch d\u016fvod\u016f st\u00e1vkovat. \u201eV nov\u00e9m roce by ale teoreticky bylo mo\u017en\u00e9 vyzvat ke st\u00e1vce,\u201c uvedl.<\/span><\/p>\n<\/blockquote>\n<p class=\"c_bB\"><strong class=\"c_fS\">Uzav\u0159en\u00ed a\u017e \u010dty\u0159 tov\u00e1ren<\/strong><\/p>\n<\/div>\n<div class=\"g_bB speakable\" data-dot=\"mol-paragraph\">\u00a0<span class=\"c_fS\">Z intern\u00edch setk\u00e1n\u00ed neuniklo na ve\u0159ejnost mnoho informac\u00ed. \u0160\u00e9f automobilky Oliver Blume ale podle Reuters mimo jin\u00e9 vyz\u00fdval, aby n\u011bkter\u00e9 tov\u00e1rny zintenzivnily snahu o \u00faspory. Nap\u0159\u00edklad v Emdenu \u0159ekl, \u017ee n\u00e1klady na v\u00fdrobu jsou ve srovn\u00e1n\u00ed s konkurenc\u00ed st\u00e1le p\u0159\u00edli\u0161 vysok\u00e9. Tov\u00e1rn\u011b v Emdenu hroz\u00ed uzav\u0159en\u00ed stejn\u011b jako z\u00e1vodu v sask\u00e9m Zwickau. Z\u00e1stupce odborov\u00e9ho svazu IG Metall ve Zwickau Thomas Knabel po z\u00e1vodn\u00ed rad\u011b \u0159ekl, \u017ee Blume neodpov\u011bd\u011bl na rozhoduj\u00edc\u00ed ot\u00e1zky o budoucnosti.<\/span><\/div>\n<div data-dot=\"mol-paragraph\">\n<figure id=\"attachment_22730\" aria-describedby=\"caption-attachment-22730\" style=\"width: 900px\" class=\"wp-caption alignnone\"><img loading=\"lazy\" decoding=\"async\" class=\"size-medium wp-image-22730\" src=\"http:\/\/www.automakers.cz\/wp-content\/uploads\/2026\/06\/Bosch-BCW-Oliver-Blume-900x608.jpg\" alt=\"\" width=\"900\" height=\"608\" srcset=\"https:\/\/www.automakers.cz\/wp-content\/uploads\/2026\/06\/Bosch-BCW-Oliver-Blume-900x608.jpg 900w, https:\/\/www.automakers.cz\/wp-content\/uploads\/2026\/06\/Bosch-BCW-Oliver-Blume-1024x692.jpg 1024w, https:\/\/www.automakers.cz\/wp-content\/uploads\/2026\/06\/Bosch-BCW-Oliver-Blume-768x519.jpg 768w, https:\/\/www.automakers.cz\/wp-content\/uploads\/2026\/06\/Bosch-BCW-Oliver-Blume-1536x1038.jpg 1536w, https:\/\/www.automakers.cz\/wp-content\/uploads\/2026\/06\/Bosch-BCW-Oliver-Blume.jpg 1704w\" sizes=\"auto, (max-width: 900px) 100vw, 900px\" \/><figcaption id=\"caption-attachment-22730\" class=\"wp-caption-text\">Oliver Blume vysv\u011btloval pl\u00e1ny VW Group zam\u011bstnanc\u016fm<\/figcaption><\/figure>\n<\/div>\n<div class=\"g_bB speakable\" data-dot=\"mol-paragraph\">\n<p><strong>Zdroj: novinky.cz a Reuters<\/strong><\/p>\n<\/div>\n<\/div>\n<\/article>\n<\/div>\n","protected":false},"excerpt":{"rendered":"<p>V koncernu Volkswagen skon\u010dila v pond\u011bl\u00ed kon\u010d\u00ed s\u00e9rie setk\u00e1n\u00ed veden\u00ed se zam\u011bstnanci. O budoucnosti podniku&#8230;<\/p>\n","protected":false},"author":1,"featured_media":20974,"comment_status":"closed","ping_status":"closed","sticky":false,"template":"","format":"standard","meta":{"footnotes":""},"categories":[31,18],"tags":[],"class_list":["post-24324","post","type-post","status-publish","format-standard","has-post-thumbnail","hentry","category-news","category-vyroba"],"_links":{"self":[{"href":"https:\/\/www.automakers.cz\/index.php?rest_route=\/wp\/v2\/posts\/24324","targetHints":{"allow":["GET"]}}],"collection":[{"href":"https:\/\/www.automakers.cz\/index.php?rest_route=\/wp\/v2\/posts"}],"about":[{"href":"https:\/\/www.automakers.cz\/index.php?rest_route=\/wp\/v2\/types\/post"}],"author":[{"embeddable":true,"href":"https:\/\/www.automakers.cz\/index.php?rest_route=\/wp\/v2\/users\/1"}],"replies":[{"embeddable":true,"href":"https:\/\/www.automakers.cz\/index.php?rest_route=%2Fwp%2Fv2%2Fcomments&post=24324"}],"version-history":[{"count":3,"href":"https:\/\/www.automakers.cz\/index.php?rest_route=\/wp\/v2\/posts\/24324\/revisions"}],"predecessor-version":[{"id":24327,"href":"https:\/\/www.automakers.cz\/index.php?rest_route=\/wp\/v2\/posts\/24324\/revisions\/24327"}],"wp:featuredmedia":[{"embeddable":true,"href":"https:\/\/www.automakers.cz\/index.php?rest_route=\/wp\/v2\/media\/20974"}],"wp:attachment":[{"href":"https:\/\/www.automakers.cz\/index.php?rest_route=%2Fwp%2Fv2%2Fmedia&parent=24324"}],"wp:term":[{"taxonomy":"category","embeddable":true,"href":"https:\/\/www.automakers.cz\/index.php?rest_route=%2Fwp%2Fv2%2Fcategories&post=24324"},{"taxonomy":"post_tag","embeddable":true,"href":"https:\/\/www.automakers.cz\/index.php?rest_route=%2Fwp%2Fv2%2Ftags&post=24324"}],"curies":[{"name":"wp","href":"https:\/\/api.w.org\/{rel}","templated":true}]}}