{"id":24338,"date":"2026-09-02T17:46:46","date_gmt":"2026-09-02T17:46:46","guid":{"rendered":"https:\/\/www.automakers.cz\/?p=24338"},"modified":"2026-09-02T17:46:46","modified_gmt":"2026-09-02T17:46:46","slug":"jahn-se-presouva-ze-skody-do-wolfsburgu","status":"publish","type":"post","link":"https:\/\/www.automakers.cz\/?p=24338","title":{"rendered":"Jahn se p\u0159esouv\u00e1 ze \u0160kody do Wolfsburgu"},"content":{"rendered":"<p><strong><span class=\"highlight-query highlight-E2id0 highlight-E2M highlight-Kid0\">Letn\u00ed neov\u011b\u0159en\u00e9 zpr\u00e1vy, \u017ee se \u010dlen p\u0159edstavenstva \u0160kody Auto Martin<\/span> <span class=\"highlight-query highlight-E2id0 highlight-E2M highlight-Kid1\">Jahn p\u0159esune v r\u00e1mci koncernu do Wolfsburgu, se potvrdily. Bude 1. \u0159\u00edjna jmenov\u00e1n \u010dlenem p\u0159edstavenstva zna\u010dky Volkswagen pro prodej, marketing a after sales. Z\u00e1rove\u0148 je nominov\u00e1n na pozici \u010dlena dozor\u010d\u00ed rady \u0160kodovky. Kdo ho nahrad\u00ed v jej\u00edm boardu?<\/span><\/strong><!--more--><\/p>\n<p>Do p\u0159edstavenstva \u0160kody m\u00ed\u0159\u00ed <strong>Martina Biene<\/strong>, dosavadn\u00ed p\u0159edsedkyn\u011b p\u0159edstavenstva a v\u00fdkonn\u00e1 \u0159editelka Volkswagen Group Africa. Ve \u0160kodovce se stane \u010dlenkou p\u0159edstavenstva pro Prodej a marketing.<\/p>\n<figure id=\"attachment_24340\" aria-describedby=\"caption-attachment-24340\" style=\"width: 900px\" class=\"wp-caption alignnone\"><img loading=\"lazy\" decoding=\"async\" class=\"size-medium wp-image-24340\" src=\"http:\/\/www.automakers.cz\/wp-content\/uploads\/2026\/09\/Martina-Biene_96360284-900x577.jpg\" alt=\"\" width=\"900\" height=\"577\" \/><figcaption id=\"caption-attachment-24340\" class=\"wp-caption-text\">Martina Biene<\/figcaption><\/figure>\n<p><strong>Martin Jahn nen\u00ed jen mana\u017eerem \u0160kody Auto<\/strong>, ale tak\u00e9 prezidentem Sdru\u017een\u00ed automobilov\u00e9ho pr\u016fmyslu. Ve funkci ho potvrdila ned\u00e1vn\u00e1 valn\u00e1 hromada sdru\u017een\u00ed za \u00fa\u010dasti ministra pr\u016fmyslu Karla Havl\u00ed\u010dka. D\u00e1le zast\u00e1v\u00e1 funkci \u010dlena p\u0159edstavenstva Svazu pr\u016fmyslu a dopravy.<\/p>\n<p><img loading=\"lazy\" decoding=\"async\" class=\"alignnone size-medium wp-image-24341\" src=\"http:\/\/www.automakers.cz\/wp-content\/uploads\/2026\/09\/Martin-Jahn_4145f266-600x900.jpg\" alt=\"\" width=\"600\" height=\"900\" \/><\/p>\n<table border=\"0\" width=\"100%\" cellspacing=\"0\" cellpadding=\"0\">\n<tbody>\n<tr>\n<td class=\"xmprfx_dark-text\" data-edit-id=\"25\"><\/td>\n<\/tr>\n<\/tbody>\n<\/table>\n","protected":false},"excerpt":{"rendered":"<p>Letn\u00ed neov\u011b\u0159en\u00e9 zpr\u00e1vy, \u017ee se \u010dlen p\u0159edstavenstva \u0160kody Auto Martin Jahn p\u0159esune v r\u00e1mci koncernu&#8230;<\/p>\n","protected":false},"author":1,"featured_media":18508,"comment_status":"closed","ping_status":"closed","sticky":false,"template":"","format":"standard","meta":{"footnotes":""},"categories":[7,6,5],"tags":[],"class_list":["post-24338","post","type-post","status-publish","format-standard","has-post-thumbnail","hentry","category-kariera","category-management","category-personalie"],"_links":{"self":[{"href":"https:\/\/www.automakers.cz\/index.php?rest_route=\/wp\/v2\/posts\/24338","targetHints":{"allow":["GET"]}}],"collection":[{"href":"https:\/\/www.automakers.cz\/index.php?rest_route=\/wp\/v2\/posts"}],"about":[{"href":"https:\/\/www.automakers.cz\/index.php?rest_route=\/wp\/v2\/types\/post"}],"author":[{"embeddable":true,"href":"https:\/\/www.automakers.cz\/index.php?rest_route=\/wp\/v2\/users\/1"}],"replies":[{"embeddable":true,"href":"https:\/\/www.automakers.cz\/index.php?rest_route=%2Fwp%2Fv2%2Fcomments&post=24338"}],"version-history":[{"count":3,"href":"https:\/\/www.automakers.cz\/index.php?rest_route=\/wp\/v2\/posts\/24338\/revisions"}],"predecessor-version":[{"id":24343,"href":"https:\/\/www.automakers.cz\/index.php?rest_route=\/wp\/v2\/posts\/24338\/revisions\/24343"}],"wp:featuredmedia":[{"embeddable":true,"href":"https:\/\/www.automakers.cz\/index.php?rest_route=\/wp\/v2\/media\/18508"}],"wp:attachment":[{"href":"https:\/\/www.automakers.cz\/index.php?rest_route=%2Fwp%2Fv2%2Fmedia&parent=24338"}],"wp:term":[{"taxonomy":"category","embeddable":true,"href":"https:\/\/www.automakers.cz\/index.php?rest_route=%2Fwp%2Fv2%2Fcategories&post=24338"},{"taxonomy":"post_tag","embeddable":true,"href":"https:\/\/www.automakers.cz\/index.php?rest_route=%2Fwp%2Fv2%2Ftags&post=24338"}],"curies":[{"name":"wp","href":"https:\/\/api.w.org\/{rel}","templated":true}]}}