{"id":24356,"date":"2026-09-03T11:29:07","date_gmt":"2026-09-03T11:29:07","guid":{"rendered":"https:\/\/www.automakers.cz\/?p=24356"},"modified":"2026-09-04T09:08:46","modified_gmt":"2026-09-04T09:08:46","slug":"martin-jahn-je-obeti-manazerske-rotace-ve-vw-group","status":"publish","type":"post","link":"https:\/\/www.automakers.cz\/?p=24356","title":{"rendered":"Martin Jahn je ob\u011bt\u00ed mana\u017eersk\u00e9 rotace ve Volkswagen Group (Koment\u00e1\u0159 \u010cT 24)"},"content":{"rendered":"<div class=\"f_bX speakable\" data-dot=\"mol-paragraph\">\n<p class=\"e_bX\"><strong><span class=\"atm-text-decorator\">Jak\u00e9 jsou d\u016fvody p\u0159esunu Martina Jahna z p\u0159edstavenstva \u0160kodovky na pozici \u0161\u00e9fa prodeje a marketingu zna\u010dky VW? Jde o sou\u010d\u00e1st velk\u00e9 person\u00e1ln\u00ed ro\u0161\u00e1dy uvnit\u0159 koncernu, p\u0159i kter\u00e9 dojde k obm\u011bn\u011b na \u010dtve\u0159ici vrcholn\u00fdch mana\u017eersk\u00fdch funkc\u00ed.<\/span><\/strong><\/p>\n<\/div>\n<p><!--more--><\/p>\n<div class=\"f_bX speakable\" data-dot=\"mol-paragraph\">\n<p class=\"e_bX\"><span class=\"atm-text-decorator\">Jedn\u00edm z\u00a0hlavn\u00edch d\u016fvod\u016f jsou probl\u00e9my Volkswagenu na trhu v\u00a0Severn\u00ed Americe, kter\u00fd chce automobilka sv\u011b\u0159it dosavadn\u00edmu \u0159editeli prodej\u016f Audi Marcu Schubertovi. Pos\u00edlen\u00ed pozic zejm\u00e9na v\u00a0USA je pro Volkswagen prioritou i\u00a0kv\u016fli upadaj\u00edc\u00edm zisk\u016fm v\u00a0\u010c\u00edn\u011b, kter\u00e1 byla pro automobilku dlouh\u00e1 l\u00e9ta kl\u00ed\u010dov\u00fdm odbyti\u0161t\u011bm.<\/span><\/p>\n<\/div>\n<div class=\"f_bX speakable\" data-dot=\"mol-paragraph\">\n<p class=\"e_bX\"><span class=\"atm-text-decorator\">Na Schubertovo m\u00edsto v\u00a0Audi nastoup\u00ed dosavadn\u00ed \u0161\u00e9f prodeje zna\u010dky Volkswagen Martin Sander, kter\u00e9ho nahrad\u00ed pr\u00e1v\u011b Jahn ze \u0160kody. P\u0159edstavenstvo mladoboleslavsk\u00e9 automobilky naopak dopln\u00ed Martina Biene, kter\u00e1 vedla koncernov\u00e9 aktivity v\u00a0Africe.<\/span><\/p>\n<p><iframe loading=\"lazy\"  id=\"_ytid_89754\"  width=\"640\" height=\"360\"  data-origwidth=\"640\" data-origheight=\"360\" src=\"https:\/\/www.youtube.com\/embed\/V3q3GXCyenE?enablejsapi=1&#038;autoplay=0&#038;cc_load_policy=0&#038;cc_lang_pref=&#038;iv_load_policy=1&#038;loop=0&#038;modestbranding=0&#038;rel=1&#038;fs=1&#038;playsinline=0&#038;autohide=2&#038;theme=dark&#038;color=red&#038;controls=1&#038;\" class=\"__youtube_prefs__  epyt-is-override  no-lazyload\" title=\"YouTube player\"  allow=\"accelerometer; autoplay; clipboard-write; encrypted-media; gyroscope; picture-in-picture\" allowfullscreen data-no-lazy=\"1\" data-skipgform_ajax_framebjll=\"\"><\/iframe><\/p>\n<p class=\"e_bX\"><span class=\"atm-text-decorator\">Jahn by ale mohl ve struktur\u00e1ch \u0160kody Auto \u010d\u00e1ste\u010dn\u011b z\u016fstat. Veden\u00ed firmy ho z\u00e1rove\u0148 nominovalo do dozor\u010d\u00ed \u0159ady, kam by po p\u0159\u00edslu\u0161n\u00fdch schv\u00e1len\u00edch mohl zasednout soub\u011b\u017en\u011b s pozic\u00ed ve Wolfsburgu.<\/span><\/p>\n<p><strong>Zdroj: novinky.cz<\/strong><\/p>\n<\/div>\n","protected":false},"excerpt":{"rendered":"<p>Jak\u00e9 jsou d\u016fvody p\u0159esunu Martina Jahna z p\u0159edstavenstva \u0160kodovky na pozici \u0161\u00e9fa prodeje a marketingu&#8230;<\/p>\n","protected":false},"author":1,"featured_media":16965,"comment_status":"closed","ping_status":"closed","sticky":false,"template":"","format":"standard","meta":{"footnotes":""},"categories":[14,6,5,66],"tags":[],"class_list":["post-24356","post","type-post","status-publish","format-standard","has-post-thumbnail","hentry","category-komentar","category-management","category-personalie","category-video"],"_links":{"self":[{"href":"https:\/\/www.automakers.cz\/index.php?rest_route=\/wp\/v2\/posts\/24356","targetHints":{"allow":["GET"]}}],"collection":[{"href":"https:\/\/www.automakers.cz\/index.php?rest_route=\/wp\/v2\/posts"}],"about":[{"href":"https:\/\/www.automakers.cz\/index.php?rest_route=\/wp\/v2\/types\/post"}],"author":[{"embeddable":true,"href":"https:\/\/www.automakers.cz\/index.php?rest_route=\/wp\/v2\/users\/1"}],"replies":[{"embeddable":true,"href":"https:\/\/www.automakers.cz\/index.php?rest_route=%2Fwp%2Fv2%2Fcomments&post=24356"}],"version-history":[{"count":6,"href":"https:\/\/www.automakers.cz\/index.php?rest_route=\/wp\/v2\/posts\/24356\/revisions"}],"predecessor-version":[{"id":24380,"href":"https:\/\/www.automakers.cz\/index.php?rest_route=\/wp\/v2\/posts\/24356\/revisions\/24380"}],"wp:featuredmedia":[{"embeddable":true,"href":"https:\/\/www.automakers.cz\/index.php?rest_route=\/wp\/v2\/media\/16965"}],"wp:attachment":[{"href":"https:\/\/www.automakers.cz\/index.php?rest_route=%2Fwp%2Fv2%2Fmedia&parent=24356"}],"wp:term":[{"taxonomy":"category","embeddable":true,"href":"https:\/\/www.automakers.cz\/index.php?rest_route=%2Fwp%2Fv2%2Fcategories&post=24356"},{"taxonomy":"post_tag","embeddable":true,"href":"https:\/\/www.automakers.cz\/index.php?rest_route=%2Fwp%2Fv2%2Ftags&post=24356"}],"curies":[{"name":"wp","href":"https:\/\/api.w.org\/{rel}","templated":true}]}}