{"id":2467,"date":"2024-02-27T09:55:03","date_gmt":"2024-02-27T09:55:03","guid":{"rendered":"https:\/\/www.automakers.cz\/?p=2467"},"modified":"2024-02-27T11:11:42","modified_gmt":"2024-02-27T11:11:42","slug":"alcar-ukazal-novinky-a-rozjel-zabijackove-hody-video","status":"publish","type":"post","link":"https:\/\/www.automakers.cz\/?p=2467","title":{"rendered":"Alcar uk\u00e1zal novinky a rozjel zab\u00edja\u010dkov\u00e9 hody"},"content":{"rendered":"<p><strong>\u0160\u00e9f Alcaru Bohemia Libor Rajdl svolal tiskovou konferenci k chystan\u00fdm novink\u00e1m pro rok 2024. Po skon\u010den\u00ed tiskovky pozval novin\u00e1\u0159e i obchodn\u00ed partnery na zab\u00edja\u010dkov\u00e9 hody konan\u00e9 p\u0159\u00edmo ve skladu spole\u010dnosti.<\/strong><!--more--><\/p>\n<p>&#8222;Tak jako ka\u017ed\u00fd rok, ALCAR p\u0159ed startem jarn\u00ed sez\u00f3ny s nad\u0161en\u00edm p\u0159edstavuje v\u00fdsledky mnoha hodin kreativn\u00ed i technicky n\u00e1ro\u010dn\u00e9 pr\u00e1ce v podob\u011b nov\u00fdch design\u016f lit\u00fdch kol. Pro rok 2024 svou nab\u00eddku obohatil o t\u0159i zcela nov\u00e9 designy v sedmi barevn\u00fdch variant\u00e1ch a o nov\u00fd barevn\u00fd odst\u00edn jednoho ze st\u00e1vaj\u00edc\u00edch bestseller\u016f, \u010d\u00edm\u017e vysly\u0161el \u010detn\u00e9 po\u017eadavky motoristick\u00e9 komunity,&#8220; uvedl Rajdl.<\/p>\n<figure class=\"wp-block-embed wp-block-embed-youtube is-type-video is-provider-youtube epyt-figure\"><div class=\"wp-block-embed__wrapper\"><iframe loading=\"lazy\"  id=\"_ytid_72776\"  width=\"640\" height=\"360\"  data-origwidth=\"640\" data-origheight=\"360\" src=\"https:\/\/www.youtube.com\/embed\/bsFtY6ofnfA?enablejsapi=1&autoplay=0&cc_load_policy=0&cc_lang_pref=&iv_load_policy=1&loop=0&modestbranding=0&rel=1&fs=1&playsinline=0&autohide=2&theme=dark&color=red&controls=1&\" class=\"__youtube_prefs__  no-lazyload\" title=\"YouTube player\"  allow=\"accelerometer; autoplay; clipboard-write; encrypted-media; gyroscope; picture-in-picture\" allowfullscreen data-no-lazy=\"1\" data-skipgform_ajax_framebjll=\"\"><\/iframe><\/div><\/figure>\n<p>Novou radost automobilov\u00fdm nad\u0161enc\u016fm podle n\u011bj letos p\u0159inese modern\u00ed AEZ Havanna ur\u010den\u00e1 pro velk\u00e9 vozy, v\u00fdrazn\u011b sportovn\u00ed, extrovertn\u00ed design DOTZ MarinaBay, odoln\u00fd DEZENT KE pro dod\u00e1vky i karavany a obl\u00edben\u00e1 DOTZ Suzuka s nov\u00fdm bronzov\u00fdm odst\u00ednem. Kompletn\u00ed sortiment lit\u00fdch a ocelov\u00fdch kol z produkce ALCARu je k dispozici u v\u00edce ne\u017e 2 000 obchodn\u00edch partner\u016f po cel\u00e9 \u010cesk\u00e9 republice a v\u0161echna kola si mohou motorist\u00e9 p\u0159edem prohl\u00e9dnout na 3D modelu sv\u00e9ho automobilu v konfigur\u00e1toru kol na www.alcar.cz.<\/p>\n<p>S nosnost\u00ed a\u017e 1 045 kg je novinka AEZ Havanna zam\u011b\u0159en\u00e1 p\u0159edev\u0161\u00edm na segment velk\u00fdch a t\u011b\u017ek\u00fdch model\u016f SUV, elektromobil\u016f nebo hybrid\u016f, jak\u00fdmi jsou Mercedes EQC, Audi SQ8 e-tron, BMW (i)7, \u0160koda Enyaq, Tesla Model Y, nebo t\u0159eba Volvo XC90 a XC40. Pro tyto a mnoho dal\u0161\u00edch model\u016f je Havanna k dispozici se schv\u00e1len\u00edm ECE v origin\u00e1ln\u00edm rozm\u011bru bez nutnosti z\u00e1pisu do Technick\u00e9ho pr\u016fkazu. Zvl\u00e1\u0161tn\u00ed p\u0159ita\u017elivost AEZ Havanna pramen\u00ed z jeho modern\u00edho designov\u00e9ho jazyka, kter\u00fd si pohr\u00e1v\u00e1 s asymetri\u00ed, p\u0159ekvapiv\u00fdmi zak\u0159iven\u00edmi i trojrozm\u011brn\u00fdm efektem. V nab\u00eddce je v povrchov\u00e9 \u00faprav\u011b s \u010dern\u00fdm leskl\u00fdm lakem a le\u0161t\u011bnou \u010deln\u00ed plochou nebo \u0161ed\u00fdm metalick\u00fdm lakem v rozm\u011brech od 8&#215;19 do 10,5&#215;21 palc\u016f.<\/p>\n<p>N\u00e1zev nov\u00e9ho designu DOTZ MarinaBay je inspirovan\u00fd m\u011bstsk\u00fdm z\u00e1vodn\u00edm okruhem v Singapuru, na kter\u00e9m pom\u011b\u0159uj\u00ed s\u00edly tak\u00e9 piloti Formule 1. Na prvn\u00ed pohled sportovn\u00ed, otev\u0159en\u00fd design s p\u011bti t\u00e9m\u011b\u0159 rovn\u00fdmi paprsky je dopln\u011bn ozdobn\u00fdm lemem r\u00e1fku, kter\u00fd je tvo\u0159en mal\u00fdmi rovnob\u011b\u017en\u00edky. Tento zd\u00e1nliv\u00fd detail vytv\u00e1\u0159\u00ed v\u00fdrazn\u00fd designov\u00fd prvek. \u010cist\u00e9, minimalistick\u00e9 uspo\u0159\u00e1d\u00e1n\u00ed paprsk\u016f DOTZ MarinaBay je k dispozici v rozm\u011brech od 8,5&#215;18 do 10&#215;21 palc\u016f ve t\u0159ech povrchov\u00fdch \u00faprav\u00e1ch, s \u0161ed\u00fdm metalick\u00fdm lakem a le\u0161t\u011bnou \u010deln\u00ed plochou, s matn\u00fdm \u010dern\u00fdm lakem a ve v\u00fdjime\u010dn\u011b extrovertn\u00ed verzi s bronzov\u00fdm matn\u00fdm lakem. Sportovn\u00ed design je schv\u00e1len\u00fd pro \u0161irokou paletu voz\u016f s\u00a0p\u011btid\u011brov\u00fdm uchycen\u00edm, nap\u0159\u00edklad modely BMW, Cupra, Ford, Kia, Hyundai, Subaru, Toyota \u010di koncernu VW.<\/p>\n<p>Popul\u00e1rn\u00ed bestseller, design DOTZ Suzuka, si z\u00edskal v\u011brn\u00e9 p\u0159\u00edznivce sv\u00fdm designem Y paprsk\u016f a m\u00edrn\u011b agresivn\u00edm vzhledem, kter\u00fd se skv\u011ble hod\u00ed ke sportovn\u011b orientovan\u00fdm voz\u016fm, jak\u00fdmi jsou Audi A3, A7 v\u010detn\u011b variant S a RS nebo BMW \u0159ady 3 a 6 ve v\u00fdbav\u00e1ch M. Proto\u017ee sportovn\u011bj\u0161\u00ed verze t\u011bchto vozidel maj\u00ed \u010dasto odli\u0161n\u00e9 rozm\u011bry kol na p\u0159edn\u00ed a zadn\u00ed n\u00e1prav\u011b, DOTZ Suzuka p\u0159ich\u00e1z\u00ed v origin\u00e1ln\u00edch rozm\u011brech \u00a0pro ka\u017edou n\u00e1pravu t\u011bchto voz\u016f. V nov\u00e9m bronzov\u00e9m lakov\u00e1n\u00ed upout\u00e1 Suzuka na prvn\u00ed pohled a p\u0159id\u00e1 nov\u00fd aspekt k charakteru ka\u017ed\u00e9ho vozu. DOTZ Suzuka je k dispozici ve velikostech od 8&#215;19 do 8,5&#215;20 palc\u016f. Krom\u011b nov\u00e9ho bronzov\u00e9ho odst\u00ednu je nad\u00e1le k dispozici v obl\u00edben\u00fdch povrchov\u00fdch \u00faprav\u00e1ch blaze, dark a black.<\/p>\n<p>Novinka DEZENT KE je ur\u010dena pro masivn\u00ed zat\u00ed\u017een\u00ed a\u017e 1 350 kg a um\u00ed tak dodat sportovn\u00ed a elegantn\u00ed n\u00e1dech i u\u017eitkov\u00fdm vozidl\u016fm, dod\u00e1vk\u00e1m a karavan\u016fm. DEZENT KE upout\u00e1 sv\u00fdm rafinovan\u00fdm uspo\u0159\u00e1d\u00e1n\u00edm a neot\u0159el\u00fdm diskov\u00fdm designem st\u0159edov\u00e9 \u010d\u00e1sti s atraktivn\u00edmi v\u00fdstupky a zahlouben\u00edmi, kter\u00e9 slou\u017e\u00ed nejen po estetick\u00e9 str\u00e1nce, ale tak\u00e9 pom\u00e1haj\u00ed DEZENT KE sn\u00ed\u017eit jeho hmotnost. DEZENT KE je schv\u00e1len v origin\u00e1ln\u00edm rozm\u011bru nap\u0159\u00edklad pro Mercedes t\u0159\u00eddy V, VW T5, T6, T7 Multivan, Crafter, Nissan NV400, Ford Transit\/Tourneo, Renault Master nebo SsangYong Rexton a Musso. Homologov\u00e1n je i pro obl\u00edben\u00fd Fiat Ducato. Kolo je dostupn\u00e9 ve velikostech od 6,5&#215;17 do 7,5&#215;18 palc\u016f s \u010dern\u00fdm leskl\u00fdm lakem nebo v jeho kombinaci s le\u0161t\u011bnou \u010deln\u00ed plochou.<\/p>\n<p>K\u00a0sad\u011b lit\u00fdch kol AEZ nebo DOTZ mohou motorist\u00e9 z\u00edskat praktick\u00fd bonus nav\u00edc. V\u00a0p\u0159\u00edpad\u011b, \u017ee si k\u00a0jak\u00e9mukoliv designu od zna\u010dky AEZ nebo DOTZ objednaj\u00ed ke kol\u016fm bezpe\u010dnostn\u00ed \u0161rouby \u010di matice Sicuplus, dostanou je od ALCARu a\u017e do 30. 6. 2024 zdarma.<\/p>\n<p><strong>Ak\u010dn\u00ed kola pro jarn\u00ed sez\u00f3nu nejen od zna\u010dky DEZENT<\/strong><\/p>\n<p>Jsme si v\u011bdomi toho, \u017ee pestr\u00e1 nab\u00eddka 90 design\u016f lit\u00fdch kol m\u016f\u017ee b\u00fdt pro n\u011bkoho a\u017e p\u0159\u00edli\u0161 \u0161irok\u00e1. Podobn\u011b jako je tomu ve v\u00fdborn\u00e9 restrauraci, kdy\u017e si \u010dlov\u011bk m\u00e1 vybrat jeden hlavn\u00ed chod z bohat\u00e9ho menu. Pro zjednodu\u0161en\u00ed v\u00fdb\u011bru jsme tak p\u0159edvybrali z\u00a0 atraktivn\u00edch design\u016f odli\u0161n\u00fdch charakter\u016f zejm\u00e9na kola zna\u010dky DEZENT a zv\u00fdhodnili u nich leto\u0161n\u00ed jarn\u00ed ceny.<\/p>\n<p>S homologovan\u00fdmi koly od ALCARu si motorist\u00e9 nepo\u0159izuj\u00ed jen atraktivn\u00ed dopln\u011bk vozu, ale tak\u00e9 klidn\u00e9 span\u00ed a jistotu, \u017ee p\u0159i kontrole na STK, policejn\u00ed kontrole i v\u00a0poji\u0161\u0165ovn\u011b mohou b\u00fdt v\u00a0klidu. Vedle t\u0159\u00edlet\u00e9 z\u00e1ruky se toti\u017e mohou spolehnout na to, \u017ee v\u00a0p\u0159\u00edpad\u011b pot\u0159eby jim r\u00e1di na zakoupen\u00e1 kola vystav\u00edme Typov\u00fd list zdarma, a to i po mnoha letech od jejich koup\u011b. V\u0161echna data a homologace, v\u010detn\u011b t\u011bch k\u00a0ji\u017e nevyr\u00e1b\u011bn\u00fdm design\u016fm m\u00e1me bezpe\u010dn\u011b ulo\u017eena v\u00a0na\u0161\u00ed datab\u00e1zi. \u00dasp\u011b\u0161n\u011b jsme vy\u0159e\u0161ili konkr\u00e9tn\u00ed p\u0159\u00edpady, kdy se motorista stal \u00fa\u010dastn\u00edkem dopravn\u00ed nehody a poji\u0161\u0165ovna zjistila, \u017ee nem\u00e1 v\u00a0Technick\u00e9m pr\u016fkazu zapsan\u00e1 kola, kter\u00e1 m\u011bl v\u00a0dob\u011b nehody namontovan\u00e1 na vozidle. Motorista se tak obr\u00e1til po n\u011bkolika letech od koup\u011b kol na n\u00e1s s\u00a0\u017e\u00e1dost\u00ed o vystaven\u00ed Typov\u00e9ho listu. Proto\u017ee se jednalo o lit\u00e1 kola z\u00a0na\u0161\u00ed produkce, kter\u00e1 byla na v\u016fz schv\u00e1len\u00e1, zdarma jsme mu Typov\u00fd list vystavili, on si na jeho z\u00e1klad\u011b nechal kola zapsat do Technick\u00e9ho pr\u016fkazu a mohl dolo\u017eit poji\u0161\u0165ovn\u011b, \u017ee kola jsou na v\u016fz schv\u00e1len\u00e1.<\/p>\n<p><strong><b>Hybridn\u00ed kola ALCAR v\u00a0nov\u00fdch designech a rozm\u011brech<\/b><\/strong><\/p>\n<p>Nab\u00eddka ALCAR Hybridn\u00edch kol se st\u00e1le roz\u0161i\u0159uje, co se t\u00fdk\u00e1 design\u016f, ale i dostupn\u00fdch rozm\u011br\u016f. Od prvn\u00ed chv\u00edle, kdy se toto kolo objevilo v\u00a0na\u0161\u00ed nab\u00eddce bylo alternativou ke klasick\u00fdm ocelov\u00fdm kol\u016fm a nab\u00edzelo toto\u017en\u00e9 rozm\u011bry jako origin\u00e1ln\u00ed ocelov\u00e1 kola. Vzhledem k\u00a0popt\u00e1vce na trhu, a to zejm\u00e9na od leasingov\u00fdch spole\u010dnost\u00ed, za\u010dal ALCAR nab\u00edzet Hybridn\u00ed kola tak\u00e9 jako alternativu k\u00a0lit\u00fdm kol\u016fm v\u00a0rozm\u011brech, ve kter\u00fdch origin\u00e1ln\u00ed ocelov\u00e1 kola neexistuj\u00ed. T\u00fdk\u00e1 se to nap\u0159\u00edklad Hybridn\u00edch kol v\u00a017 palc\u00edch pro \u0160kodu Octavia a \u0160kodu Kamiq. Pro ty origin\u00e1ln\u00ed ocelov\u00e9 kolo v\u00a0tomto rozm\u011bru neexistuje a ALCAR tak nab\u00edz\u00ed se sv\u00fdm Hybridn\u00edm kolem cenov\u011b \u00fasporn\u011bj\u0161\u00ed alternativu k\u00a017palcov\u00fdm lit\u00fdm kol\u016fm.<\/p>\n<p><strong><b>Rok 2023 byl pro ALCAR BOHEMIA obchodn\u011b \u00fasp\u011b\u0161n\u00fd<\/b><\/strong><\/p>\n<p>D\u00edky \u0161irok\u00e9 s\u00edti obchodn\u00edch partner\u016f ALCAR BOHEMIA si z\u00e1kazn\u00edci mohou vybrat lit\u00e1 kola exkluzivn\u00edch zna\u010dek po cel\u00e9 \u010cesk\u00e9 republice. ALCAR BOHEMIA se d\u00edky obs\u00e1hl\u00e9mu sortimentu a skladov\u00fdm z\u00e1sob\u00e1m stal spolehliv\u00fdm dodavatelem ka\u017ed\u00e9ho kvalitn\u00edho autoservisu a pneuservisu.\u00a0Na za\u010d\u00e1tku leto\u0161n\u00edho roku ALCAR spustil nov\u00fd webshop pro sv\u00e9 obchodn\u00ed partnery, kter\u00fd poskytuje komfortn\u00ed p\u0159\u00edstup do centr\u00e1ln\u00edho obchodn\u00edho a informa\u010dn\u00edho syst\u00e9mu ALCARu. Jeho sou\u010d\u00e1st\u00ed je tak\u00e9 vylep\u0161en\u00fd konfigur\u00e1tor kol, pneumatik, senzor\u016f i kompletn\u00edch kol, kter\u00fd partner\u016fm maxim\u00e1ln\u011b usnad\u0148uje objedn\u00e1v\u00e1n\u00ed zbo\u017e\u00ed.<\/p>\n<p>V\u00a0roce 2023 dodal ALCAR BOHEMIA z\u00e1kazn\u00edk\u016fm o 10 % lit\u00fdch a ocelov\u00fdch kol v\u00edce ne\u017e v\u00a0p\u0159ede\u0161l\u00e9m roce. Prodej kompletn\u00edch kol s pneumatikou meziro\u010dn\u011b vzrostl o 40 %, prodej pneumatik o 75 % a senzor\u016f TPMS ALCAR dodal o 30 % v\u00edce. Hlavn\u00edmi odb\u011brateli kompletn\u00edch kol jsou car deale\u0159i nap\u0159\u00ed\u010d v\u0161emi zna\u010dkami. ALCAR BOHEMIA spolupracuje tak\u00e9 s\u00a0n\u011bkter\u00fdm\u00ed import\u00e9ry, nap\u0159\u00edklad Hyundai, Kia, Toyota, Renault, Dacia nebo SsangYong.<\/p>\n<p><img loading=\"lazy\" decoding=\"async\" class=\"alignnone size-medium wp-image-2475\" src=\"http:\/\/www.automakers.cz\/wp-content\/uploads\/2024\/02\/Alcar-TMPS-900x675.jpg\" alt=\"\" width=\"900\" height=\"675\" srcset=\"https:\/\/www.automakers.cz\/wp-content\/uploads\/2024\/02\/Alcar-TMPS-900x675.jpg 900w, https:\/\/www.automakers.cz\/wp-content\/uploads\/2024\/02\/Alcar-TMPS-1024x768.jpg 1024w, https:\/\/www.automakers.cz\/wp-content\/uploads\/2024\/02\/Alcar-TMPS-768x576.jpg 768w, https:\/\/www.automakers.cz\/wp-content\/uploads\/2024\/02\/Alcar-TMPS-1536x1152.jpg 1536w, https:\/\/www.automakers.cz\/wp-content\/uploads\/2024\/02\/Alcar-TMPS.jpg 2040w\" sizes=\"auto, (max-width: 900px) 100vw, 900px\" \/><\/p>\n<p><strong><b>Povinn\u00fd TPMS pro n\u00e1kladn\u00ed vozidla<\/b><\/strong><\/p>\n<p>Ji\u017e od \u010dervence 2022 mus\u00ed b\u00fdt v\u0161echna nov\u011b homologovan\u00e1 n\u00e1kladn\u00ed vozidla t\u0159\u00edd N1, N2, N3, p\u0159\u00edv\u011bsy O3, O4 a autobusy M2 a M3 vybavena syst\u00e9mem sledov\u00e1n\u00ed tlaku v pneumatik\u00e1ch. Od \u010dervence 2024 se to pak bude t\u00fdkat v\u0161ech nov\u011b registrovan\u00fdch vozidel t\u011bchto t\u0159\u00edd. ALCAR pro n\u00e1kladn\u00ed vozy, autobusy a p\u0159\u00edv\u011bsy nab\u00edz\u00ed 100% univerz\u00e1ln\u00ed senzor ALCAR Sensor HD, kter\u00fd lze naprogramovat pro jak\u00fdkoliv model n\u00e1kladn\u00edho vozidla. Mont\u00e1\u017e prob\u00edh\u00e1 p\u0159\u00edmo na kolo pomoc\u00ed p\u00e1sku vyvinut\u00e9ho pro extr\u00e9mn\u00ed zat\u00ed\u017een\u00ed.<\/p>\n<p><strong><b>\u0160pi\u010dkov\u00e1 pneumatika pro elektromobily \u2013 Falken e. ZIEX<\/b><\/strong><\/p>\n<p>Pro nadch\u00e1zej\u00edc\u00ed letn\u00ed sez\u00f3nu ALCAR nab\u00edz\u00ed speci\u00e1ln\u00ed pneumatiku ur\u010denou pro elektromobily. Dez\u00e9n e. ZIEX od japonsk\u00e9 zna\u010dky Falken je dostupn\u00fd v\u00a0rozm\u011brech od 17 do 21 palc\u016f a je navr\u017een\u00fd pro vozidla, kter\u00e1 vy\u017eaduj\u00ed ultra n\u00edzk\u00fd valiv\u00fd odpor pro maximalizaci dojezdu. Jej\u00ed asymetrick\u00fd dez\u00e9n se vyzna\u010duje optimalizovan\u00fdmi okraji b\u011bhounu, kter\u00e9 zabra\u0148uj\u00ed koncentraci tlaku jen do jednoho m\u00edsta plynul\u00fdm rozlo\u017een\u00edm tlaku do zbytku pneumatiky. Dez\u00e9n b\u011bhounu je optimalizov\u00e1n tak, aby co nejv\u00edce kop\u00edroval obrys bo\u010dnice pneumatiky, \u010d\u00edm\u017e se sni\u017euje valiv\u00fd odpor a prodlu\u017euje dojezd vozidla, co\u017e je u voz\u016f s elektrick\u00fdm pohonem kl\u00ed\u010dov\u00fdm parametrem.<\/p>\n<p><strong><b>Nov\u00fd eTechni\u010d\u00e1k<\/b><\/strong><\/p>\n<p>Od 1. 1. 2024 se k vozidl\u016fm ji\u017e nevyd\u00e1vaj\u00ed velk\u00e9 technick\u00e9 pr\u016fkazy. Ministerstvo dopravy spustilo aplikaci a webovou str\u00e1nku, kde lze nahl\u00ed\u017eet do technick\u00fdch pr\u016fkaz\u016f v\u0161ech registrovan\u00fdch vozidel online. Sta\u010d\u00ed zn\u00e1t VIN nebo \u010d\u00edslo ORV (d\u0159\u00edve OTP) neboli mal\u00e9ho technick\u00e9ho pr\u016fkazu nebo \u010d\u00edslo velk\u00e9ho technick\u00e9ho pr\u016fkazu. N\u00e1hled do technick\u00fdch pr\u016fkaz\u016f online je mo\u017en\u00fd p\u0159es webovou str\u00e1nku nebo prost\u0159ednictv\u00edm aplikace eTechni\u010d\u00e1k. Ministerstvo dopravy upozor\u0148uje, \u017ee vzhledem k tomu, \u017ee se \u00fadaje do elektronick\u00e9ho registru p\u0159episovaly a zapisuj\u00ed ru\u010dn\u011b, m\u016f\u017ee doj\u00edt k chyb\u011b. P\u0159\u00edpadn\u00e9 chyby, nap\u0159\u00edklad v p\u0159\u00edpad\u011b rozm\u011br\u016f kol a pneumatik, oprav\u00ed \u00fa\u0159edn\u00edk na registru ve chv\u00edli, kdy se mu nap\u0159\u00edklad p\u0159i p\u0159eregistraci vozidla dostane do ruky velk\u00fd technick\u00fd pr\u016fkaz, kter\u00fd m\u00e1 p\u0159epsat a zkontrolovat. Pot\u00e9 pap\u00edrovov\u00fd technick\u00fd pr\u016fkaz motoristovi odebere a \u00fadaje o vozu tak ji\u017e budou evidov\u00e1ny pouze elektronicky.<\/p>\n<p><strong>Zdroj: Erich Handl, Nupaky, FOTO: autor, VIDEO: Lud\u011bk Kortus<br \/>\n<\/strong><\/p>\n<p><img loading=\"lazy\" decoding=\"async\" class=\"alignnone size-medium wp-image-2470\" src=\"http:\/\/www.automakers.cz\/wp-content\/uploads\/2024\/02\/Alcar-reznik-900x675.jpg\" alt=\"\" width=\"900\" height=\"675\" srcset=\"https:\/\/www.automakers.cz\/wp-content\/uploads\/2024\/02\/Alcar-reznik-900x675.jpg 900w, https:\/\/www.automakers.cz\/wp-content\/uploads\/2024\/02\/Alcar-reznik-1024x768.jpg 1024w, https:\/\/www.automakers.cz\/wp-content\/uploads\/2024\/02\/Alcar-reznik-768x576.jpg 768w, https:\/\/www.automakers.cz\/wp-content\/uploads\/2024\/02\/Alcar-reznik-1536x1152.jpg 1536w, https:\/\/www.automakers.cz\/wp-content\/uploads\/2024\/02\/Alcar-reznik.jpg 2040w\" sizes=\"auto, (max-width: 900px) 100vw, 900px\" \/><\/p>\n","protected":false},"excerpt":{"rendered":"<p>\u0160\u00e9f Alcaru Bohemia Libor Rajdl svolal tiskovou konferenci k chystan\u00fdm novink\u00e1m pro rok 2024. Po&#8230;<\/p>\n","protected":false},"author":1,"featured_media":2469,"comment_status":"closed","ping_status":"closed","sticky":false,"template":"","format":"standard","meta":{"footnotes":""},"categories":[26,66],"tags":[],"class_list":["post-2467","post","type-post","status-publish","format-standard","has-post-thumbnail","hentry","category-eventy","category-video"],"_links":{"self":[{"href":"https:\/\/www.automakers.cz\/index.php?rest_route=\/wp\/v2\/posts\/2467","targetHints":{"allow":["GET"]}}],"collection":[{"href":"https:\/\/www.automakers.cz\/index.php?rest_route=\/wp\/v2\/posts"}],"about":[{"href":"https:\/\/www.automakers.cz\/index.php?rest_route=\/wp\/v2\/types\/post"}],"author":[{"embeddable":true,"href":"https:\/\/www.automakers.cz\/index.php?rest_route=\/wp\/v2\/users\/1"}],"replies":[{"embeddable":true,"href":"https:\/\/www.automakers.cz\/index.php?rest_route=%2Fwp%2Fv2%2Fcomments&post=2467"}],"version-history":[{"count":9,"href":"https:\/\/www.automakers.cz\/index.php?rest_route=\/wp\/v2\/posts\/2467\/revisions"}],"predecessor-version":[{"id":2485,"href":"https:\/\/www.automakers.cz\/index.php?rest_route=\/wp\/v2\/posts\/2467\/revisions\/2485"}],"wp:featuredmedia":[{"embeddable":true,"href":"https:\/\/www.automakers.cz\/index.php?rest_route=\/wp\/v2\/media\/2469"}],"wp:attachment":[{"href":"https:\/\/www.automakers.cz\/index.php?rest_route=%2Fwp%2Fv2%2Fmedia&parent=2467"}],"wp:term":[{"taxonomy":"category","embeddable":true,"href":"https:\/\/www.automakers.cz\/index.php?rest_route=%2Fwp%2Fv2%2Fcategories&post=2467"},{"taxonomy":"post_tag","embeddable":true,"href":"https:\/\/www.automakers.cz\/index.php?rest_route=%2Fwp%2Fv2%2Ftags&post=2467"}],"curies":[{"name":"wp","href":"https:\/\/api.w.org\/{rel}","templated":true}]}}