{"id":2500,"date":"2024-02-28T13:34:51","date_gmt":"2024-02-28T13:34:51","guid":{"rendered":"https:\/\/www.automakers.cz\/?p=2500"},"modified":"2024-02-28T13:35:13","modified_gmt":"2024-02-28T13:35:13","slug":"besip-se-chysta-na-brnensky-motosalon","status":"publish","type":"post","link":"https:\/\/www.automakers.cz\/?p=2500","title":{"rendered":"Besip se chyst\u00e1 na brn\u011bnsk\u00fd Motosalon"},"content":{"rendered":"<p><strong>I letos budou m\u00edt n\u00e1v\u0161t\u011bvn\u00edci Motosalonu v term\u00ednu 29.2.-3.3. v Brn\u011b na v\u00fdstavi\u0161ti mo\u017enost zastavit se<span class=\"v1apple-converted-space\">\u00a0<\/span>u spole\u010dn\u00e9ho st\u00e1nku<span class=\"v1apple-converted-space\">\u00a0<\/span>BESIP a Policie \u010cR, kter\u00fd m\u00e1 p\u0159ipraveno mnoho aktivit jak pro dosp\u011bl\u00e9, tak pro d\u011bti.<\/strong><!--more--><\/p>\n<p>\u201eN\u00e1v\u0161t\u011bvn\u00edci se zde budou moci dozv\u011bd\u011bt nejen pravidla bezpe\u010dn\u00e9 j\u00edzdy na motorce, ale nap\u0159\u00edklad i to, na co se zam\u011b\u0159it p\u0159i kontrole motocyklu po zim\u011b. \u00da\u010dast p\u0159isl\u00edbilo i mnoho zaj\u00edmav\u00fdch host\u016f, jak v\u00e1\u0161niv\u00fdch motork\u00e1\u0159\u016f, tak odborn\u00edk\u016f na bezpe\u010dnost. Na programu budou tak\u00e9 sout\u011b\u017ee a kv\u00edzy pro motoristickou ve\u0159ejnost,&#8220;<span class=\"v1apple-converted-space\">\u00a0<\/span>vysv\u011btluje Tom\u00e1\u0161 Ne\u0159old, vedouc\u00ed BESIP.<span class=\"v1apple-converted-space\">\u00a0<\/span><\/p>\n<p><b>Brzdn\u00e1 dr\u00e1ha a rizika p\u0159edj\u00ed\u017ed\u011bn\u00ed a odbo\u010dov\u00e1n\u00ed<\/b><span class=\"v1apple-converted-space\"><b>\u00a0<\/b><\/span><\/p>\n<p>Na suchu je brzdn\u00e1 dr\u00e1ha automobilu a motorky p\u0159i v\u010dasn\u00e9 reakci p\u0159ibli\u017en\u011b stejn\u00e1. Na mokru se v\u0161ak brzdn\u00e1 dr\u00e1ha motocyklu v\u00fdrazn\u011b prodlu\u017euje. D\u016fle\u017eit\u00e9 je zm\u00ednit i to, \u017ee automobily d\u00edky modern\u00edm asisten\u010dn\u00edm syst\u00e9m\u016fm mohou naplno brzdit i v\u00a0zat\u00e1\u010dce, co\u017e motorka nem\u016f\u017ee.<span class=\"v1apple-converted-space\">\u00a0<\/span><\/p>\n<p>Je tak\u00e9 dobr\u00e9 pamatovat na to, \u017ee za v\u011bt\u0161\u00ed automobily, jako jsou SUV \u010di dod\u00e1vky, je z\u00a0motocyklu \u0161patn\u011b vid\u011bt, nen\u00ed tedy p\u0159\u00edli\u0161 bezpe\u010dn\u00e9 takov\u00e1 vozidla p\u0159edj\u00ed\u017ed\u011bt. Hlavn\u00ed rizika, na kter\u00e1 pamatovat p\u0159i p\u0159edj\u00ed\u017ed\u011bn\u00ed a odbo\u010dov\u00e1n\u00ed se \u0159idi\u010di tak\u00e9 dozv\u00ed u st\u00e1nku BESIP.\u00a0<span class=\"v1apple-converted-space\">\u00a0<\/span><\/p>\n<p><b>Co zkontrolovat u motorky po zim\u011b<\/b><\/p>\n<p>P\u0159ed za\u010d\u00e1tkem motocyklov\u00e9 sezony je d\u016fle\u017eit\u00e9 zkontrolovat tak\u00e9 technick\u00fd stav motocyklu. N\u00e1v\u0161t\u011bvn\u00edci se proto dozv\u011bd\u00ed d\u016fle\u017eit\u00e9 informace, na co se po zim\u011b p\u0159i kontrole motorky zam\u011b\u0159it, aby n\u00e1vrat za \u0159\u00edd\u00edtka prob\u011bhl hladce a bezpe\u010dn\u011b.<span class=\"v1apple-converted-space\">\u00a0<\/span><\/p>\n<p><b>\u00a0<\/b><b>Zaj\u00edmav\u00ed host\u00e9<\/b><\/p>\n<p>Krom\u011b osv\u011btov\u00e9 \u010d\u00e1sti na n\u00e1v\u0161t\u011bvn\u00edky \u010dek\u00e1 i mnoho zaj\u00edmav\u00fdch host\u016f a odborn\u00edk\u016f nejen z\u00a0oboru dopravn\u00ed bezpe\u010dnosti. St\u00e1nek BESIP n\u00e1v\u0161t\u011bvn\u00edci naleznou v\u00a0pavilonu F, bude m\u00edt \u010d\u00edslo 207.<\/p>\n<p>V\u00a0p\u00e1tek 1. b\u0159ezna budou hosty z\u00e1stupci \u00dastavu soudn\u00edho in\u017een\u00fdrstv\u00ed VUT Brno, kte\u0159\u00ed n\u00e1v\u0161t\u011bvn\u00edky sezn\u00e1m\u00ed s\u00a0vy\u0161et\u0159ov\u00e1n\u00edm re\u00e1ln\u00fdch dopravn\u00edch nehod motocyklist\u016f.<span class=\"v1apple-converted-space\">\u00a0<\/span><\/p>\n<p><span class=\"v1apple-converted-space\">N\u00e1v\u0161t\u011bvn\u00edci se budou moci potkat s dragsterov\u00fdm z\u00e1vodn\u00edkem Pavlem Kuberou, kter\u00fd bude ve\u0161ker\u00e9 d\u011bn\u00ed na st\u00e1nku BESIP po celou dobu veletrhu moderovat. Svou \u00fa\u010dast p\u0159isl\u00edbila i \u0161pi\u010dka \u010desk\u00e9ho road racingu a dvoun\u00e1sobn\u00fd v\u00edt\u011bz presti\u017en\u00edho z\u00e1vodu 300 Zat\u00e1\u010dek Gustava Havla Kamil Hol\u00e1n. Dal\u0161\u00edmi hosty, se kter\u00fdmi se budou moci n\u00e1v\u0161t\u011bvn\u00edci u st\u00e1nku Besip vid\u011bt jsou nap\u0159. plochodr\u00e1\u017en\u00ed \u0161ampion Mat\u011bj K\u016fs; Olga Rou\u010dkov\u00e1, kter\u00e1 dokon\u010dila jako prvn\u00ed \u010ce\u0161ka Rallye Dakar; Radek Skalick\u00fd, kter\u00fd z\u00e1vod\u00ed i navzdory tomu, \u017ee v\u00a0ml\u00e1d\u00ed p\u0159i\u0161el p\u0159i nehod\u011b o pravou ruku; instruktor moto\u0161kol Karel T\u00e1borsk\u00fd \u010di profesion\u00e1ln\u00ed motokaskad\u00e9r Adam &#8222;Special&#8220; Peschel.<\/span><\/p>\n<p><strong>Zdroj: Besip, Tom\u00e1\u0161 Ne\u0159old<\/strong><\/p>\n<p class=\"v1MsoNormal\">\n","protected":false},"excerpt":{"rendered":"<p>I letos budou m\u00edt n\u00e1v\u0161t\u011bvn\u00edci Motosalonu v term\u00ednu 29.2.-3.3. v Brn\u011b na v\u00fdstavi\u0161ti mo\u017enost zastavit&#8230;<\/p>\n","protected":false},"author":1,"featured_media":1868,"comment_status":"closed","ping_status":"closed","sticky":false,"template":"","format":"standard","meta":{"footnotes":""},"categories":[47,8],"tags":[],"class_list":["post-2500","post","type-post","status-publish","format-standard","has-post-thumbnail","hentry","category-doprava","category-vystavy"],"_links":{"self":[{"href":"https:\/\/www.automakers.cz\/index.php?rest_route=\/wp\/v2\/posts\/2500","targetHints":{"allow":["GET"]}}],"collection":[{"href":"https:\/\/www.automakers.cz\/index.php?rest_route=\/wp\/v2\/posts"}],"about":[{"href":"https:\/\/www.automakers.cz\/index.php?rest_route=\/wp\/v2\/types\/post"}],"author":[{"embeddable":true,"href":"https:\/\/www.automakers.cz\/index.php?rest_route=\/wp\/v2\/users\/1"}],"replies":[{"embeddable":true,"href":"https:\/\/www.automakers.cz\/index.php?rest_route=%2Fwp%2Fv2%2Fcomments&post=2500"}],"version-history":[{"count":4,"href":"https:\/\/www.automakers.cz\/index.php?rest_route=\/wp\/v2\/posts\/2500\/revisions"}],"predecessor-version":[{"id":2504,"href":"https:\/\/www.automakers.cz\/index.php?rest_route=\/wp\/v2\/posts\/2500\/revisions\/2504"}],"wp:featuredmedia":[{"embeddable":true,"href":"https:\/\/www.automakers.cz\/index.php?rest_route=\/wp\/v2\/media\/1868"}],"wp:attachment":[{"href":"https:\/\/www.automakers.cz\/index.php?rest_route=%2Fwp%2Fv2%2Fmedia&parent=2500"}],"wp:term":[{"taxonomy":"category","embeddable":true,"href":"https:\/\/www.automakers.cz\/index.php?rest_route=%2Fwp%2Fv2%2Fcategories&post=2500"},{"taxonomy":"post_tag","embeddable":true,"href":"https:\/\/www.automakers.cz\/index.php?rest_route=%2Fwp%2Fv2%2Ftags&post=2500"}],"curies":[{"name":"wp","href":"https:\/\/api.w.org\/{rel}","templated":true}]}}