{"id":2505,"date":"2024-02-28T13:59:28","date_gmt":"2024-02-28T13:59:28","guid":{"rendered":"https:\/\/www.automakers.cz\/?p=2505"},"modified":"2024-02-29T14:52:02","modified_gmt":"2024-02-29T14:52:02","slug":"ford-opet-zene-novinare-na-gladiator-race","status":"publish","type":"post","link":"https:\/\/www.automakers.cz\/?p=2505","title":{"rendered":"Ford op\u011bt \u017eene novin\u00e1\u0159e na Gladiatora"},"content":{"rendered":"<p class=\"v1MsoNormal\"><strong>Pry\u010d jsou \u010dasy kdy se na tiskovk\u00e1ch Fordu p\u0159echutn\u00e1vala v\u00edna s Martinem Linhartem. Te\u010f se b\u011bh\u00e1. \u010cesk\u00e1 FMC se loni stala partnerem s\u00e9rie z\u00e1vod\u016f Gladiator Race, v de\u0161ti a bl\u00e1t\u011b b\u011b\u017eel i novin\u00e1\u0159sk\u00fd t\u00fdm. \u0160\u00e9f komunikace zna\u010dky Petr Buri\u00e1n letos op\u011bt povol\u00e1v\u00e1 motonovin\u00e1\u0159e na frontovou linii.<\/strong><span id=\"more-67021\"><\/span><span id=\"more-75519\"><\/span><!--more--><\/p>\n<p>Na start lo\u0148sk\u00e9ho de\u0161tiv\u00e9ho z\u00e1vodu v Pardubic\u00edch se v ned\u011bli 6. srpna vedle kapit\u00e1na t\u00fdmu Petra Buri\u00e1na nakonec objevilo \u0161est z\u00e1vodn\u00edk\u016f, Pavel Srp, Martin Jen\u00edk, Erich Handl, Michal Borski, Hugo Kott\u00e1s a Pavel Vondr\u00e1\u010dek.<\/p>\n<p><img loading=\"lazy\" decoding=\"async\" class=\"alignnone size-medium wp-image-2509\" src=\"http:\/\/www.automakers.cz\/wp-content\/uploads\/2024\/02\/AN18510-900x600.jpg\" alt=\"\" width=\"900\" height=\"600\" srcset=\"https:\/\/www.automakers.cz\/wp-content\/uploads\/2024\/02\/AN18510-900x600.jpg 900w, https:\/\/www.automakers.cz\/wp-content\/uploads\/2024\/02\/AN18510-1024x683.jpg 1024w, https:\/\/www.automakers.cz\/wp-content\/uploads\/2024\/02\/AN18510-768x512.jpg 768w, https:\/\/www.automakers.cz\/wp-content\/uploads\/2024\/02\/AN18510-1536x1024.jpg 1536w, https:\/\/www.automakers.cz\/wp-content\/uploads\/2024\/02\/AN18510-2048x1366.jpg 2048w\" sizes=\"auto, (max-width: 900px) 100vw, 900px\" \/>&#8222;I v leto\u0161n\u00edm roce si d\u00e1me Gladiator Race a j\u00e1 douf\u00e1m, \u017ee novin\u00e1\u0159sk\u00fd T\u00fdm Ford roz\u0161\u00ed\u0159\u00ed svoje \u0159ady! (lo\u0148\u0161t\u00ed \u00fa\u010dastn\u00edci maj\u00ed samoz\u0159ejm\u011b \u00fa\u010dast povinnou \ud83d\ude0a),&#8220; napsal Burian.<\/p>\n<p><img loading=\"lazy\" decoding=\"async\" class=\"alignnone size-medium wp-image-2510\" src=\"http:\/\/www.automakers.cz\/wp-content\/uploads\/2024\/02\/AN2_3359-900x600.jpg\" alt=\"\" width=\"900\" height=\"600\" srcset=\"https:\/\/www.automakers.cz\/wp-content\/uploads\/2024\/02\/AN2_3359-900x600.jpg 900w, https:\/\/www.automakers.cz\/wp-content\/uploads\/2024\/02\/AN2_3359-1024x683.jpg 1024w, https:\/\/www.automakers.cz\/wp-content\/uploads\/2024\/02\/AN2_3359-768x512.jpg 768w, https:\/\/www.automakers.cz\/wp-content\/uploads\/2024\/02\/AN2_3359-1536x1024.jpg 1536w, https:\/\/www.automakers.cz\/wp-content\/uploads\/2024\/02\/AN2_3359-2048x1366.jpg 2048w\" sizes=\"auto, (max-width: 900px) 100vw, 900px\" \/><\/p>\n<p class=\"v1MsoNormal\">Stejn\u011b jako v lo\u0148sk\u00e9m roce nab\u00edz\u00ed z\u00e1jemc\u016fm hned od b\u0159ezna 1-2x t\u00fddn\u011b mo\u017enost specifick\u00fdch tr\u00e9nink\u016f pro p\u0159\u00edpravu na samotn\u00fd z\u00e1vod v <a href=\"https:\/\/agogegym.cz\/\" target=\"_blank\" rel=\"noopener noreferrer\">AGOGE GYM<\/a>\u00a0na \u017di\u017ekov\u011b. &#8222;Po sestaven\u00ed t\u00fdmu si spole\u010dn\u011b vybereme ide\u00e1ln\u00ed datum z\u00e1vodu\/\u016f,&#8220; up\u0159esnil kapit\u00e1n t\u00fdmu.<\/p>\n<p><strong>Zdroj: Erich Handl, \u010dlen t\u00fdmu<br \/>\n<\/strong><\/p>\n<p><img loading=\"lazy\" decoding=\"async\" class=\"alignnone size-medium wp-image-2507\" src=\"http:\/\/www.automakers.cz\/wp-content\/uploads\/2024\/02\/AN2_3616-900x600.jpg\" alt=\"\" width=\"900\" height=\"600\" srcset=\"https:\/\/www.automakers.cz\/wp-content\/uploads\/2024\/02\/AN2_3616-900x600.jpg 900w, https:\/\/www.automakers.cz\/wp-content\/uploads\/2024\/02\/AN2_3616-1024x683.jpg 1024w, https:\/\/www.automakers.cz\/wp-content\/uploads\/2024\/02\/AN2_3616-768x512.jpg 768w, https:\/\/www.automakers.cz\/wp-content\/uploads\/2024\/02\/AN2_3616-1536x1024.jpg 1536w, https:\/\/www.automakers.cz\/wp-content\/uploads\/2024\/02\/AN2_3616-2048x1366.jpg 2048w\" sizes=\"auto, (max-width: 900px) 100vw, 900px\" \/><\/p>\n","protected":false},"excerpt":{"rendered":"<p>Pry\u010d jsou \u010dasy kdy se na tiskovk\u00e1ch Fordu p\u0159echutn\u00e1vala v\u00edna s Martinem Linhartem. Te\u010f se&#8230;<\/p>\n","protected":false},"author":1,"featured_media":2508,"comment_status":"closed","ping_status":"closed","sticky":false,"template":"","format":"standard","meta":{"footnotes":""},"categories":[26,27,70],"tags":[],"class_list":["post-2505","post","type-post","status-publish","format-standard","has-post-thumbnail","hentry","category-eventy","category-novinari","category-sport"],"_links":{"self":[{"href":"https:\/\/www.automakers.cz\/index.php?rest_route=\/wp\/v2\/posts\/2505","targetHints":{"allow":["GET"]}}],"collection":[{"href":"https:\/\/www.automakers.cz\/index.php?rest_route=\/wp\/v2\/posts"}],"about":[{"href":"https:\/\/www.automakers.cz\/index.php?rest_route=\/wp\/v2\/types\/post"}],"author":[{"embeddable":true,"href":"https:\/\/www.automakers.cz\/index.php?rest_route=\/wp\/v2\/users\/1"}],"replies":[{"embeddable":true,"href":"https:\/\/www.automakers.cz\/index.php?rest_route=%2Fwp%2Fv2%2Fcomments&post=2505"}],"version-history":[{"count":7,"href":"https:\/\/www.automakers.cz\/index.php?rest_route=\/wp\/v2\/posts\/2505\/revisions"}],"predecessor-version":[{"id":2517,"href":"https:\/\/www.automakers.cz\/index.php?rest_route=\/wp\/v2\/posts\/2505\/revisions\/2517"}],"wp:featuredmedia":[{"embeddable":true,"href":"https:\/\/www.automakers.cz\/index.php?rest_route=\/wp\/v2\/media\/2508"}],"wp:attachment":[{"href":"https:\/\/www.automakers.cz\/index.php?rest_route=%2Fwp%2Fv2%2Fmedia&parent=2505"}],"wp:term":[{"taxonomy":"category","embeddable":true,"href":"https:\/\/www.automakers.cz\/index.php?rest_route=%2Fwp%2Fv2%2Fcategories&post=2505"},{"taxonomy":"post_tag","embeddable":true,"href":"https:\/\/www.automakers.cz\/index.php?rest_route=%2Fwp%2Fv2%2Ftags&post=2505"}],"curies":[{"name":"wp","href":"https:\/\/api.w.org\/{rel}","templated":true}]}}