{"id":2565,"date":"2024-03-01T07:25:07","date_gmt":"2024-03-01T07:25:07","guid":{"rendered":"https:\/\/www.automakers.cz\/?p=2565"},"modified":"2024-03-01T07:26:13","modified_gmt":"2024-03-01T07:26:13","slug":"de-meo-nechce-bojkotovat-zakaz-spalovacich-motoru","status":"publish","type":"post","link":"https:\/\/www.automakers.cz\/?p=2565","title":{"rendered":"ACEA nechce bojkotovat z\u00e1kaz spalovac\u00edch motor\u016f"},"content":{"rendered":"<div class=\"ogm-container _60116e91fef1d683d7e3e83c\">\n<div class=\"f_is\" data-e2e=\"ogm-article-layout\">\n<article class=\"f_i6\" role=\"article\" aria-labelledby=\"accessibility-article\">\n<div class=\"f_i7\" data-dot=\"ogm-article-content\">\n<div class=\"d_e9 mol-rich-content--for-article\">\n<div class=\"d_aP speakable\" data-dot=\"mol-paragraph\">\n<p class=\"b_aP\"><span class=\"atm-text-decorator\"><strong>Na leto\u0161n\u00edm \u017eenevsk\u00e9m autosalonu zazn\u011blo z \u00fast prezidenta Evropsk\u00e9 asociace v\u00fdrobc\u016f automobil\u016f jasn\u00e9 poselstv\u00ed, \u017ee evrop\u0161t\u00ed v\u00fdrobci nebudou zpochyb\u0148ovat rozhodnut\u00ed Evropsk\u00e9 unie o <a class=\"b_at\" href=\"https:\/\/www.garaz.cz\/clanek\/blog-zakaz-spalovacich-motoru-jiskricka-nadeje-stale-doutna-21009773\" target=\"_blank\" rel=\"noopener\">z\u00e1kazu prodeje automobil\u016f na fosiln\u00ed paliva<\/a>.<\/strong> <\/span><\/p>\n<p class=\"b_aP\"><span class=\"atm-text-decorator\">Luca de Meo na tiskov\u00e9 konferenci d\u00e1le sd\u011blil, \u017ee tento postoj neovlivn\u00ed ani to, kdo vyhraje volby do Evropsk\u00e9ho parlamentu.<\/span><\/p>\n<div class=\"d_aP speakable\" data-dot=\"mol-paragraph\">\n<p class=\"b_aP\"><span class=\"atm-text-decorator\">De Meo je z\u00e1rove\u0148 gener\u00e1ln\u00edm \u0159editelem Renaultu, p\u0159i\u010dem\u017e miln\u00edk 2035 vid\u00ed p\u0159i vytvo\u0159en\u00ed spr\u00e1vn\u00fdch podm\u00ednek jako re\u00e1ln\u00fd, jenom apeluje na to, aby se evrop\u0161t\u00ed v\u00fdrobci do elektromobility pustili naplno u\u017e te\u010f.<\/span><\/p>\n<\/div>\n<div class=\"d_aP speakable\" data-dot=\"mol-paragraph\">\n<p class=\"b_aP\"><span class=\"atm-text-decorator\">Prezident z\u00e1rove\u0148 \u0159ekl, \u017ee by miliardy investovan\u00e9 do elektrifikace p\u0159i\u0161ly vnive\u010d, pokud by se od spalovac\u00edch motor\u016f neupustilo. Pr\u00fd nen\u00ed mysliteln\u00e9, aby se automobilov\u00fd pr\u016fmysl vr\u00e1til zase na za\u010d\u00e1tek, a tak\u00e9 p\u0159ipomn\u011bl, \u017ee by takov\u00fd krok byl \u0161patn\u00fd pro \u017eivotn\u00ed prost\u0159ed\u00ed.<\/span><\/p>\n<\/div>\n<div class=\"d_aP speakable\" data-dot=\"mol-paragraph\">\n<p class=\"b_aP\"><span class=\"atm-text-decorator\">V\u00fdrobci jsou aktu\u00e1ln\u011b toti\u017e pod velk\u00fdm tlakem, proto\u017ee nemaj\u00ed jistotu, co v\u00a0nejbli\u017e\u0161\u00edch letech skute\u010dn\u011b bude, nicm\u00e9n\u011b soud\u011b dle slov prezidenta asociace s\u00a0plnou elektromobilitou nakonec po\u010d\u00edtaj\u00ed. Dal\u0161\u00edm trnem v\u00a0pat\u011b je pokles popt\u00e1vky po elektrick\u00fdch autech (mimo\u00a0<a class=\"b_at\" href=\"https:\/\/www.garaz.cz\/clanek\/servis-auto-cisla-statistiky-nejprodavanejsim-evropskym-autem-roku-2023-je-poprve-elektromobil-z-berlina-na-druhem-miste-je-absolutni-protiklad-21011855\" target=\"_blank\" rel=\"noopener\">Tesly<\/a>) zejm\u00e9na na trz\u00edch, kde\u00a0<a class=\"b_at\" href=\"https:\/\/www.garaz.cz\/clanek\/servis-legislativa-v-cesku-pry-koupite-nove-auto-za-120-000-kc-abyste-nenaleteli-21012021\" target=\"_blank\" rel=\"noopener\">skon\u010dily dotace na elektrick\u00e9 vozy<\/a>.<\/span><\/p>\n<p><strong>Zdroj: Gar\u00e1\u017e, Jan Majurn\u00edk<\/strong><\/p>\n<\/div>\n<\/div>\n<\/div>\n<\/div>\n<\/article>\n<\/div>\n<\/div>\n<p><!--more--><\/p>\n","protected":false},"excerpt":{"rendered":"<p>Na leto\u0161n\u00edm \u017eenevsk\u00e9m autosalonu zazn\u011blo z \u00fast prezidenta Evropsk\u00e9 asociace v\u00fdrobc\u016f automobil\u016f jasn\u00e9 poselstv\u00ed, \u017ee&#8230;<\/p>\n","protected":false},"author":1,"featured_media":2371,"comment_status":"closed","ping_status":"closed","sticky":false,"template":"","format":"standard","meta":{"footnotes":""},"categories":[31],"tags":[],"class_list":["post-2565","post","type-post","status-publish","format-standard","has-post-thumbnail","hentry","category-news"],"_links":{"self":[{"href":"https:\/\/www.automakers.cz\/index.php?rest_route=\/wp\/v2\/posts\/2565","targetHints":{"allow":["GET"]}}],"collection":[{"href":"https:\/\/www.automakers.cz\/index.php?rest_route=\/wp\/v2\/posts"}],"about":[{"href":"https:\/\/www.automakers.cz\/index.php?rest_route=\/wp\/v2\/types\/post"}],"author":[{"embeddable":true,"href":"https:\/\/www.automakers.cz\/index.php?rest_route=\/wp\/v2\/users\/1"}],"replies":[{"embeddable":true,"href":"https:\/\/www.automakers.cz\/index.php?rest_route=%2Fwp%2Fv2%2Fcomments&post=2565"}],"version-history":[{"count":4,"href":"https:\/\/www.automakers.cz\/index.php?rest_route=\/wp\/v2\/posts\/2565\/revisions"}],"predecessor-version":[{"id":2569,"href":"https:\/\/www.automakers.cz\/index.php?rest_route=\/wp\/v2\/posts\/2565\/revisions\/2569"}],"wp:featuredmedia":[{"embeddable":true,"href":"https:\/\/www.automakers.cz\/index.php?rest_route=\/wp\/v2\/media\/2371"}],"wp:attachment":[{"href":"https:\/\/www.automakers.cz\/index.php?rest_route=%2Fwp%2Fv2%2Fmedia&parent=2565"}],"wp:term":[{"taxonomy":"category","embeddable":true,"href":"https:\/\/www.automakers.cz\/index.php?rest_route=%2Fwp%2Fv2%2Fcategories&post=2565"},{"taxonomy":"post_tag","embeddable":true,"href":"https:\/\/www.automakers.cz\/index.php?rest_route=%2Fwp%2Fv2%2Ftags&post=2565"}],"curies":[{"name":"wp","href":"https:\/\/api.w.org\/{rel}","templated":true}]}}