{"id":2570,"date":"2024-03-01T07:35:05","date_gmt":"2024-03-01T07:35:05","guid":{"rendered":"https:\/\/www.automakers.cz\/?p=2570"},"modified":"2024-03-04T08:36:42","modified_gmt":"2024-03-04T08:36:42","slug":"na-vystavisti-brno-odstartoval-motosalon","status":"publish","type":"post","link":"https:\/\/www.automakers.cz\/?p=2570","title":{"rendered":"Brno hostilo Motosalon (Video)"},"content":{"rendered":"<p><strong>Na brn\u011bnsk\u00e9m v\u00fdstavi\u0161ti byl 29. \u00fanora zah\u00e1jen dal\u0161\u00ed ro\u010dn\u00edk Motosalonu, ka\u017edoro\u010dn\u00ed nejv\u011bt\u0161\u00ed p\u0159ehl\u00eddky motocyklov\u00e9 techniky a v\u0161eho, co s motorkami souvis\u00ed. V\u00fdstava byla otev\u0159ena do ned\u011ble 3. b\u0159ezna.<\/strong> <!--more--><\/p>\n<p>Na zah\u00e1jen\u00ed v\u00fdstavy se sjeli nejen nejvy\u0161\u0161\u00ed p\u0159edstavitel\u00e9 m\u011bsta Brna, v \u010dele se starostkou Mark\u00e9tou Va\u0148kovou, hejtmanem jihomoravsk\u00e9ho kraje Janem Grulichem, ale tak\u00e9 n\u00e1m\u011bstek ministra dopravy V\u00e1clav Bernard, vysoc\u00ed p\u0159edstavitel\u00e9 Policie \u010cR, gener\u00e1lov\u00e9 Tom\u00e1\u0161 Lerch a Leo\u0161 Tr\u017eil, \u0161\u00e9f motocyklov\u00e9 sekce Svazu dovozc\u016f automobil\u016f Petr Kraj\u010da, gener\u00e1ln\u00ed \u0159editel Veletrh\u016f Brno Jam Kubata, \u0161\u00e9f BESIPu Tom\u00e1\u0161 Ne\u0159old, nechyb\u011bli ani dva kn\u011b\u017e\u00ed, kte\u0159\u00ed motork\u00e1\u0159\u016fm po\u017eehnali do nov\u00e9 sez\u00f3ny a zn\u00e1m\u00fd motork\u00e1\u0159 a poslanec Stanislav Berkovec, kter\u00fd zah\u00e1jen\u00ed moderoval.<\/p>\n<figure class=\"wp-block-embed wp-block-embed-youtube is-type-video is-provider-youtube epyt-figure\"><div class=\"wp-block-embed__wrapper\"><iframe loading=\"lazy\"  id=\"_ytid_49525\"  width=\"640\" height=\"360\"  data-origwidth=\"640\" data-origheight=\"360\" src=\"https:\/\/www.youtube.com\/embed\/NOBAQ2Fo2Yg?enablejsapi=1&autoplay=0&cc_load_policy=0&cc_lang_pref=&iv_load_policy=1&loop=0&modestbranding=0&rel=1&fs=1&playsinline=0&autohide=2&theme=dark&color=red&controls=1&\" class=\"__youtube_prefs__  no-lazyload\" title=\"YouTube player\"  allow=\"accelerometer; autoplay; clipboard-write; encrypted-media; gyroscope; picture-in-picture\" allowfullscreen data-no-lazy=\"1\" data-skipgform_ajax_framebjll=\"\"><\/iframe><\/div><\/figure>\n<p><strong><b>\u0160pi\u010dkov\u00e1 p\u0159ehl\u00eddka motocyklov\u00e9 sou\u010dasnosti \u00a0<\/b><\/strong><\/p>\n<p>Tentokr\u00e1t se je v\u00a0Brn\u011b na co koukat. Na \u010dty\u0159icet motocyklov\u00fdch zna\u010dek vystavuje to nejlep\u0161\u00ed z toho, co m\u00e1 v nab\u00eddce. Opravdu stovky nejr\u016fzn\u011bj\u0161\u00edch stroj\u016f, od mini, a\u017e po v\u00edce ne\u017e dvousetko\u0148ov\u00e9 rakety na dvou kolech. K\u00a0vid\u011bn\u00ed je Indian, jeho\u017e cenovka atakuje hranici 2,5 milionu K\u010d. Nechyb\u011bla ani plej\u00e1da \u010dty\u0159kolek, n\u011bkolik t\u0159\u00edkolek, prost\u011b v\u00fdb\u011br, jak\u00fd se u n\u00e1s na jednom m\u00edst\u011b nem\u016f\u017ee jinde vid\u011bt. Na 160 vystavovatel\u016f, ve \u010dty\u0159ech hal\u00e1ch, z\u00a0nich\u017e dv\u011b P a F, byly pln\u00e9 motorek a dal\u0161\u00ed dv\u011b pat\u0159ily doprovodn\u00fdm program\u016fm.<\/p>\n<p><img loading=\"lazy\" decoding=\"async\" class=\"size-medium wp-image-2576\" src=\"http:\/\/www.automakers.cz\/wp-content\/uploads\/2024\/03\/2402_Motosalon_2-2-900x534.jpg\" alt=\"\" width=\"900\" height=\"534\" srcset=\"https:\/\/www.automakers.cz\/wp-content\/uploads\/2024\/03\/2402_Motosalon_2-2-900x534.jpg 900w, https:\/\/www.automakers.cz\/wp-content\/uploads\/2024\/03\/2402_Motosalon_2-2-1024x608.jpg 1024w, https:\/\/www.automakers.cz\/wp-content\/uploads\/2024\/03\/2402_Motosalon_2-2-768x456.jpg 768w, https:\/\/www.automakers.cz\/wp-content\/uploads\/2024\/03\/2402_Motosalon_2-2-1536x911.jpg 1536w, https:\/\/www.automakers.cz\/wp-content\/uploads\/2024\/03\/2402_Motosalon_2-2-2048x1215.jpg 2048w\" sizes=\"auto, (max-width: 900px) 100vw, 900px\" \/><\/p>\n<p><strong><b>Od A po Y<\/b><\/strong><\/p>\n<p>U\u017e jen v\u00fd\u010det zna\u010dek mus\u00ed b\u00fdt pro ka\u017ed\u00e9ho p\u0159\u00edznivce motocykl\u016f obrovsk\u00fdm l\u00e1kadlem. V\u00a0Brn\u011b letos nechyb\u00ed \u017e\u00e1dn\u00e1 z \u201evelk\u00fdch\u201c zna\u010dek, a nav\u00edc je zde opravdov\u00e1 p\u0159ehl\u00eddka novinek a bestseler\u016f. Sv\u00e9 lah\u016fdky i motorky pro v\u0161edn\u00ed dny zde vystavuj\u00ed nap\u0159. Aprilia, Benelli, BMW, Brixton, BSA, Can-Am, CF Moto, Ducati, Fantic, Harley-Davidson, Honda, Indian, Jawa, Kawasaki, KTM, Moto Guzzi, Piaggio, Peugeot, Qj, Royal-Enfield, Segway, Suzuki, TGB, Triumph, Ural, Vespa, Voge, Yamaha, Yuki a \u0159ady dal\u0161\u00edch zna\u010dek.<\/p>\n<p>Z nejv\u011bt\u0161\u00edch novinek si zaslou\u017e\u00ed zm\u00ednku lehk\u00e1 Aprilia SR 457, nov\u00e1 generace BMW R 1300 GS, Benelli TRK 702 X, CF MOTO 450 MT, Ducati Hypermotard 698 Mono, dvoulitrov\u00fd Harley-Davidson CVO Road Glide ST, Honda CB 1000 Hornet, origin\u00e1ln\u00ed Indiany, Moto Guzzi V100 Stelvio, Suzuku GSX-S1000GX, Yamaha XSR 900 GP. Kdy\u017e k\u00a0tomu p\u0159ipo\u010d\u00edt\u00e1me slu\u0161nou v\u00e1rku nov\u00fdch sk\u00fatr\u016f a moped\u016f, plus mnoho verz\u00ed \u010dty\u0159kolek a jejich odno\u017e\u00ed UTV, co\u017e jsou v\u00a0podstat\u011b \u010dty\u0159kolky s\u00a0kabinou, pak se m\u016f\u017ee mnoh\u00fdm z\u00a0t\u00e9 n\u00e1dhery zamotat i hlava.<\/p>\n<figure id=\"attachment_2585\" aria-describedby=\"caption-attachment-2585\" style=\"width: 627px\" class=\"wp-caption alignnone\"><img loading=\"lazy\" decoding=\"async\" class=\"size-medium wp-image-2585\" src=\"http:\/\/www.automakers.cz\/wp-content\/uploads\/2024\/03\/Motosalon_4-modelka-Aprilia-627x900.jpg\" alt=\"\" width=\"627\" height=\"900\" srcset=\"https:\/\/www.automakers.cz\/wp-content\/uploads\/2024\/03\/Motosalon_4-modelka-Aprilia-627x900.jpg 627w, https:\/\/www.automakers.cz\/wp-content\/uploads\/2024\/03\/Motosalon_4-modelka-Aprilia-714x1024.jpg 714w, https:\/\/www.automakers.cz\/wp-content\/uploads\/2024\/03\/Motosalon_4-modelka-Aprilia-768x1102.jpg 768w, https:\/\/www.automakers.cz\/wp-content\/uploads\/2024\/03\/Motosalon_4-modelka-Aprilia-1070x1536.jpg 1070w, https:\/\/www.automakers.cz\/wp-content\/uploads\/2024\/03\/Motosalon_4-modelka-Aprilia-1427x2048.jpg 1427w, https:\/\/www.automakers.cz\/wp-content\/uploads\/2024\/03\/Motosalon_4-modelka-Aprilia-1024x1470.jpg 1024w, https:\/\/www.automakers.cz\/wp-content\/uploads\/2024\/03\/Motosalon_4-modelka-Aprilia.jpg 1735w\" sizes=\"auto, (max-width: 627px) 100vw, 627px\" \/><figcaption id=\"caption-attachment-2585\" class=\"wp-caption-text\">20240229_125306<\/figcaption><\/figure>\n<p><strong><b>V\u00fdsledky ankety Motocykl roku 2024 v\u00a0\u010cR u\u017e v sobotu<\/b><\/strong><\/p>\n<p>Stalo se u\u017e tradic\u00ed, \u017ee Motosalonu p\u0159edch\u00e1z\u00ed volba Motocyklu roku, tentokr\u00e1t pro rok 2024, spolu s v\u00edt\u011bzi v\u00a0jednotliv\u00fdch kategori\u00edch. V\u00edt\u011bze ankety ur\u010d\u00ed nejen odborn\u00e1 porota, ale tak\u00e9 ve\u0159ejnost v hlasov\u00e1n\u00ed, kter\u00e9 bylo zah\u00e1jeno 1. \u00fanora 2024. \u00da\u010dastn\u00edci hlasov\u00e1n\u00ed mohou vyhr\u00e1t des\u00edtky hodnotn\u00fdch cen, v\u010detn\u011b 100\u00a0000 K\u010d na n\u00e1kup motocyklu.<\/p>\n<p>Do ankety Motocykl roku 2024 v\u00a0\u010cesk\u00e9 republice bylo letos nominov\u00e1no rekordn\u00edch 49 stroj\u016f, rozd\u011blen\u00fdch do \u0161esti kategori\u00ed \u2013 od nejv\u00edce obdivovan\u00fdch sportovn\u00edch silni\u010dn\u00edch motocykl\u016f, p\u0159es cestovn\u00ed silni\u010dn\u00ed stroje, nah\u00e1\u010de (naked bike), klasiky (choppery a cruisery), endura v\u010detn\u011b cestovn\u00edch, a\u017e po obl\u00edben\u00e9 sk\u00fatry a mopedy. V\u0161echny nominovan\u00e9 motocykly si mohou n\u00e1v\u0161t\u011bvn\u00edci prohl\u00e9dnout p\u0159\u00edmo na Motosalonu. Slavnostn\u00ed vyhl\u00e1\u0161en\u00ed nov\u00fdch motocyklov\u00fdch laure\u00e1t\u016f ankety pro rok 2024 prob\u011bhne v\u00a0sobotu 2. b\u0159ezna, r\u00e1mci slavnostn\u00edho spole\u010densk\u00e9ho ve\u010dera p\u0159\u00edmo na Motosalonu.<\/p>\n<p>Po\u0159adatel\u00e9 leto\u0161n\u00edho Motosalonu p\u0159ipravili pro n\u00e1v\u0161t\u011bvn\u00edky tak\u00e9 celou \u0159adu doprovodn\u00fdch program\u016f, kter\u00e9 nab\u00eddnou v\u00fdstavku motocyklov\u00fdch veter\u00e1n\u016f, s p\u00e1te\u010dn\u00ed \u201espanilou j\u00edzdou\u201c, \u010di testov\u00e1n\u00ed novinek BMW s\u00a0p\u0159ek\u00e1\u017ekovou dr\u00e1hou. Nad\u0161ence adrenalinu jist\u011b pot\u011b\u0161\u00ed nap\u00ednav\u00e1 pod\u00edvan\u00e1 s p\u0159edv\u00e1d\u011bn\u00edm kaskad\u00e9rsk\u00fdch kousk\u016f na motocyklech a dal\u0161\u00ed show. Chyb\u011bt nebude ani \u0161kolen\u00ed teorie bezpe\u010dn\u00e9 j\u00edzdy v\u00a0r\u00e1mci projektu \u201eU\u010d\u00edme se p\u0159e\u017e\u00edt\u201c. Kr\u00e1tce a dob\u0159e na Motosalonu si ka\u017ed\u00fd vyznava\u010d jedn\u00e9 stopy ur\u010dit\u011b p\u0159ijde na sv\u00e9.<\/p>\n<p><strong>Karel Ber\u00e1nek, Brno<\/strong><\/p>\n<figure id=\"attachment_2575\" aria-describedby=\"caption-attachment-2575\" style=\"width: 777px\" class=\"wp-caption alignnone\"><img loading=\"lazy\" decoding=\"async\" class=\"size-medium wp-image-2575\" src=\"http:\/\/www.automakers.cz\/wp-content\/uploads\/2024\/03\/Motosalon-Jawa-777x900.jpg\" alt=\"\" width=\"777\" height=\"900\" \/><figcaption id=\"caption-attachment-2575\" class=\"wp-caption-text\">20240229_130401<\/figcaption><\/figure>\n","protected":false},"excerpt":{"rendered":"<p>Na brn\u011bnsk\u00e9m v\u00fdstavi\u0161ti byl 29. \u00fanora zah\u00e1jen dal\u0161\u00ed ro\u010dn\u00edk Motosalonu, ka\u017edoro\u010dn\u00ed nejv\u011bt\u0161\u00ed p\u0159ehl\u00eddky motocyklov\u00e9 techniky&#8230;<\/p>\n","protected":false},"author":1,"featured_media":2573,"comment_status":"closed","ping_status":"closed","sticky":false,"template":"","format":"standard","meta":{"footnotes":""},"categories":[54,66,8],"tags":[],"class_list":["post-2570","post","type-post","status-publish","format-standard","has-post-thumbnail","hentry","category-motocykly","category-video","category-vystavy"],"_links":{"self":[{"href":"https:\/\/www.automakers.cz\/index.php?rest_route=\/wp\/v2\/posts\/2570","targetHints":{"allow":["GET"]}}],"collection":[{"href":"https:\/\/www.automakers.cz\/index.php?rest_route=\/wp\/v2\/posts"}],"about":[{"href":"https:\/\/www.automakers.cz\/index.php?rest_route=\/wp\/v2\/types\/post"}],"author":[{"embeddable":true,"href":"https:\/\/www.automakers.cz\/index.php?rest_route=\/wp\/v2\/users\/1"}],"replies":[{"embeddable":true,"href":"https:\/\/www.automakers.cz\/index.php?rest_route=%2Fwp%2Fv2%2Fcomments&post=2570"}],"version-history":[{"count":9,"href":"https:\/\/www.automakers.cz\/index.php?rest_route=\/wp\/v2\/posts\/2570\/revisions"}],"predecessor-version":[{"id":2616,"href":"https:\/\/www.automakers.cz\/index.php?rest_route=\/wp\/v2\/posts\/2570\/revisions\/2616"}],"wp:featuredmedia":[{"embeddable":true,"href":"https:\/\/www.automakers.cz\/index.php?rest_route=\/wp\/v2\/media\/2573"}],"wp:attachment":[{"href":"https:\/\/www.automakers.cz\/index.php?rest_route=%2Fwp%2Fv2%2Fmedia&parent=2570"}],"wp:term":[{"taxonomy":"category","embeddable":true,"href":"https:\/\/www.automakers.cz\/index.php?rest_route=%2Fwp%2Fv2%2Fcategories&post=2570"},{"taxonomy":"post_tag","embeddable":true,"href":"https:\/\/www.automakers.cz\/index.php?rest_route=%2Fwp%2Fv2%2Ftags&post=2570"}],"curies":[{"name":"wp","href":"https:\/\/api.w.org\/{rel}","templated":true}]}}