{"id":2580,"date":"2024-03-01T07:30:41","date_gmt":"2024-03-01T07:30:41","guid":{"rendered":"https:\/\/www.automakers.cz\/?p=2580"},"modified":"2024-03-04T11:00:18","modified_gmt":"2024-03-04T11:00:18","slug":"u-volkswagenu-konci-david-valenta","status":"publish","type":"post","link":"https:\/\/www.automakers.cz\/?p=2580","title":{"rendered":"U Volkswagenu skon\u010dil David Valenta"},"content":{"rendered":"<p><strong>Zna\u010dka Volkswagen bude p\u0159ekvapiv\u011b m\u011bnit PR mana\u017eera. Jej\u00ed \u0161\u00e9f Jakub \u0160ebesta n\u00e1m ohl\u00e1sil odchod dlouholet\u00e9ho mluv\u010d\u00edho Davida Valenty.<\/strong><!--more--><\/p>\n<p><span lang=\"CS\">&#8222;Dovolujeme si v\u00e1m ozn\u00e1mit, \u017ee po vz\u00e1jemn\u00e9 dohod\u011b u n\u00e1s k 29. \u00fanoru 2024 kon\u010d\u00ed PR mana\u017eer zna\u010dky Volkswagen David Valenta. Jm\u00e9no n\u00e1stupce ozn\u00e1m\u00edme v bl\u00edzk\u00e9 budoucnosti. <\/span><span lang=\"CS\">Pros\u00edm, zat\u00edm se se sv\u00fdmi po\u017eadavky a dotazy obracejte na Evu Bl\u00e1hovou z agentury AC&amp;C PR, p\u0159\u00edpadn\u011b na Jakuba Boudu, koordin\u00e1tora marketingu a PR zna\u010dky Volkswagen. <\/span><span lang=\"CS\">D\u011bkujeme Davidovi za jeho dlouholetou pr\u00e1ci pro na\u0161i zna\u010dku a p\u0159ejeme mu hodn\u011b \u00fasp\u011bch\u016f v dal\u0161\u00ed profesion\u00e1ln\u00ed dr\u00e1ze,&#8220; napsal \u0160ebesta bez bli\u017e\u0161\u00edho vysv\u011btlen\u00ed.<br \/>\n<\/span><\/p>\n<p>Co k odchodu p\u00ed\u0161e s\u00e1m David?<\/p>\n<p>&#8222;Od Volkswagenu odch\u00e1z\u00edm po t\u00e9m\u011b\u0159 10 letech a nen\u00ed to lehk\u00e9, proto\u017ee po takov\u00e9 dob\u011b u\u017e nejde jen o pracovn\u00ed \u00favazek, ale o kus \u017eivota. D\u016fvody jsou \u010dist\u011b intern\u00edho charakteru a m\u016fj odchod se odehr\u00e1l po vz\u00e1jemn\u00e9 dohod\u011b. Volkswagenu jsem velmi vd\u011b\u010dn\u00fd za obrovsk\u00e9 mno\u017estv\u00ed zku\u0161enost\u00ed a z\u00e1\u017eitk\u016f a p\u0159eji mu \u00fasp\u011b\u0161n\u00e9 sm\u011b\u0159ov\u00e1n\u00ed v t\u00e9to nelehk\u00e9 dob\u011b. J\u00e1 se po kr\u00e1tk\u00e9m volnu ur\u010dit\u011b chci co nejd\u0159\u00edve vr\u00e1tit k pr\u00e1ci, ide\u00e1ln\u011b v r\u00e1mci toho, co m\u011b bav\u00ed a zaj\u00edm\u00e1. T\u011b\u0161\u00edm se na nov\u00e9 p\u0159\u00edle\u017eitosti, kter\u00e9 mi \u017eivot p\u0159inese,&#8220; uvedl pro n\u00e1\u0161 port\u00e1l.<\/p>\n<p><strong>Zdroje: Jakub \u0160ebesta a David Valenta<\/strong><\/p>\n","protected":false},"excerpt":{"rendered":"<p>Zna\u010dka Volkswagen bude p\u0159ekvapiv\u011b m\u011bnit PR mana\u017eera. Jej\u00ed \u0161\u00e9f Jakub \u0160ebesta n\u00e1m ohl\u00e1sil odchod dlouholet\u00e9ho&#8230;<\/p>\n","protected":false},"author":1,"featured_media":1951,"comment_status":"closed","ping_status":"closed","sticky":false,"template":"","format":"standard","meta":{"footnotes":""},"categories":[5,21],"tags":[],"class_list":["post-2580","post","type-post","status-publish","format-standard","has-post-thumbnail","hentry","category-personalie","category-pr"],"_links":{"self":[{"href":"https:\/\/www.automakers.cz\/index.php?rest_route=\/wp\/v2\/posts\/2580","targetHints":{"allow":["GET"]}}],"collection":[{"href":"https:\/\/www.automakers.cz\/index.php?rest_route=\/wp\/v2\/posts"}],"about":[{"href":"https:\/\/www.automakers.cz\/index.php?rest_route=\/wp\/v2\/types\/post"}],"author":[{"embeddable":true,"href":"https:\/\/www.automakers.cz\/index.php?rest_route=\/wp\/v2\/users\/1"}],"replies":[{"embeddable":true,"href":"https:\/\/www.automakers.cz\/index.php?rest_route=%2Fwp%2Fv2%2Fcomments&post=2580"}],"version-history":[{"count":4,"href":"https:\/\/www.automakers.cz\/index.php?rest_route=\/wp\/v2\/posts\/2580\/revisions"}],"predecessor-version":[{"id":2636,"href":"https:\/\/www.automakers.cz\/index.php?rest_route=\/wp\/v2\/posts\/2580\/revisions\/2636"}],"wp:featuredmedia":[{"embeddable":true,"href":"https:\/\/www.automakers.cz\/index.php?rest_route=\/wp\/v2\/media\/1951"}],"wp:attachment":[{"href":"https:\/\/www.automakers.cz\/index.php?rest_route=%2Fwp%2Fv2%2Fmedia&parent=2580"}],"wp:term":[{"taxonomy":"category","embeddable":true,"href":"https:\/\/www.automakers.cz\/index.php?rest_route=%2Fwp%2Fv2%2Fcategories&post=2580"},{"taxonomy":"post_tag","embeddable":true,"href":"https:\/\/www.automakers.cz\/index.php?rest_route=%2Fwp%2Fv2%2Ftags&post=2580"}],"curies":[{"name":"wp","href":"https:\/\/api.w.org\/{rel}","templated":true}]}}