{"id":2594,"date":"2024-03-04T07:50:29","date_gmt":"2024-03-04T07:50:29","guid":{"rendered":"https:\/\/www.automakers.cz\/?p=2594"},"modified":"2024-03-04T08:07:34","modified_gmt":"2024-03-04T08:07:34","slug":"zahalkova-konci-ceske-bankovni-asociaci","status":"publish","type":"post","link":"https:\/\/www.automakers.cz\/?p=2594","title":{"rendered":"Zah\u00e1lkov\u00e1 kon\u010d\u00ed v \u010cesk\u00e9 bankovn\u00ed asociaci"},"content":{"rendered":"<p><strong>Monika Zah\u00e1lkov\u00e1 opou\u0161t\u00ed \u010ceskou bankovn\u00ed asociaci. V\u00a0pozici v\u00fdkonn\u00e9 \u0159editelky byla v\u00edc ne\u017e 3 roky a v dob\u011b jej\u00edho p\u016fsoben\u00ed do\u0161lo k\u00a0z\u00e1sadn\u00edmu rozvoji asociace. <\/strong><span id=\"more-778\"><\/span><!--more--><\/p>\n<p>V \u010cBA Educa nastartovala nov\u00e9 projekty v oblasti finan\u010dn\u00edho vzd\u011bl\u00e1v\u00e1n\u00ed a pos\u00edlila v\u00fdznam a vn\u00edm\u00e1n\u00ed \u010cesk\u00e9 bankovn\u00ed asociace. \u00dasp\u011b\u0161n\u011b p\u016fsobila v dob\u011b, kdy do\u0161lo k p\u00e1du Sberbank a napaden\u00ed Ukrajiny. Pod\u00edlela se na rychl\u00e9 pomoci lidem z Ukrajiny, a to usnadn\u011bn\u00edm otv\u00edr\u00e1n\u00ed \u00fa\u010dt\u016f v \u010desk\u00fdch bank\u00e1ch.<strong>\u00a0<\/strong><\/p>\n<p>Velk\u00e9ho posunu dos\u00e1hla i v\u00a0oblasti kyberbezpe\u010dnosti. D\u00edky kampani #nePINdej! se o rizic\u00edch spojen\u00fdch s\u00a0\u00fato\u010dn\u00edky dozv\u011bd\u011bly miliony lid\u00ed a kampa\u0148 se tak stala nej\u00fasp\u011b\u0161n\u011bj\u0161\u00edm po\u010dinem sv\u00e9ho druhu.<\/p>\n<p>V\u00fdznamn\u00fdm krokem bylo i spu\u0161t\u011bn\u00ed interaktivn\u00edho a rychl\u00e9ho p\u0159ehledu informac\u00ed o v\u00fdvoji ekonomiky a bankovn\u00edho sektoru, webu \u010cBA Monitor (<a href=\"http:\/\/www.cbamonitor.cz\">www.cbamonitor.cz<\/a>).<\/p>\n<p><em>\u201eMoje mise v\u00a0\u010cBA je spln\u011bna a jsem r\u00e1da za to, co v\u0161echno jsme za dobu m\u00e9ho p\u016fsoben\u00ed zvl\u00e1dli. Vytvo\u0159ila jsem kolem sebe t\u00fdm skv\u011bl\u00fdch lid\u00ed, kte\u0159\u00ed mi p\u0159i pln\u011bn\u00ed m\u00fdch \u00fakol\u016f v\u00fdznamn\u011b pom\u00e1hali. Te\u010f c\u00edt\u00edm, \u017ee je \u010das p\u0159ijmout nov\u00e9 v\u00fdzvy, a rozhodla jsem se rozv\u00edjet svou kari\u00e9ru nov\u00fdm sm\u011brem, <\/em>\u0159\u00edk\u00e1 <strong>Monika Zah\u00e1lkov\u00e1. <\/strong><em>R\u00e1da bych pod\u011bkovala nejen sv\u00e9mu t\u00fdmu, ale i \u010dlen\u016fm Prezidia \u010cesk\u00e9 bankovn\u00ed asociace, a to za konstruktivn\u00ed spolupr\u00e1ci, <\/em>dod\u00e1v\u00e1.<\/p>\n<p><em>\u201eJm\u00e9nem Prezidia \u010cBA bych cht\u011bl Monice Zah\u00e1lkov\u00e9 pod\u011bkovat za odvedenou pr\u00e1ci. Za jej\u00edho p\u016fsoben\u00ed do\u0161lo k\u00a0modernizaci asociace, jej\u00edmu zviditeln\u011bn\u00ed u\u00a0odborn\u00e9 i \u0161irok\u00e9 ve\u0159ejnosti. \u010cBA hraje d\u00edky n\u00ed d\u016fle\u017eitou roli v\u00a0oblasti kyberbezpe\u010dnosti a odborn\u00e9ho vzd\u011bl\u00e1v\u00e1n\u00ed v\u00a0oblasti financ\u00ed. P\u0159eji Monice mnoho \u00fasp\u011bch\u016f v\u00a0dal\u0161\u00ed kari\u00e9\u0159e,\u201c<\/em> uvedl <strong>Jan Juchelka,<\/strong> prezident \u010cesk\u00e9 bankovn\u00ed asociace.<\/p>\n<p>Funkci v\u00fdkonn\u00e9 \u0159editelky \u010cBA zast\u00e1vala Monika Zah\u00e1lkov\u00e1 od \u0159\u00edjna 2020. M\u00e1 v\u00edce ne\u017e 20 let zku\u0161enost\u00ed z\u00a0oblasti Corporate Governance. Od roku 2001 p\u016fsobila jako v\u00fdkonn\u00e1 \u0159editelka a \u010dlenka \u0158\u00edd\u00edc\u00edho v\u00fdboru Czech Institute of Directors a od roku 2014 byla jeho jednatelkou. V\u00a0letech 2018 a 2019 byla \u010dlenkou p\u0159edstavenstva medi\u00e1ln\u00edho domu Economia. Od roku 2021 je \u010dlenkou Garan\u010dn\u00edho syst\u00e9mu finan\u010dn\u00edho trhu.<\/p>\n<p><img loading=\"lazy\" decoding=\"async\" class=\"alignnone size-medium wp-image-27\" src=\"https:\/\/www.czechbanking.cz\/wp-content\/uploads\/2023\/11\/CBA-TK-Kyber-Monika-Ipsos-300x225.jpg\" sizes=\"auto, (max-width: 300px) 100vw, 300px\" srcset=\"https:\/\/www.czechbanking.cz\/wp-content\/uploads\/2023\/11\/CBA-TK-Kyber-Monika-Ipsos-300x225.jpg 300w, https:\/\/www.czechbanking.cz\/wp-content\/uploads\/2023\/11\/CBA-TK-Kyber-Monika-Ipsos-1024x768.jpg 1024w, https:\/\/www.czechbanking.cz\/wp-content\/uploads\/2023\/11\/CBA-TK-Kyber-Monika-Ipsos-768x576.jpg 768w, https:\/\/www.czechbanking.cz\/wp-content\/uploads\/2023\/11\/CBA-TK-Kyber-Monika-Ipsos-1536x1152.jpg 1536w, https:\/\/www.czechbanking.cz\/wp-content\/uploads\/2023\/11\/CBA-TK-Kyber-Monika-Ipsos.jpg 2040w\" alt=\"\" width=\"300\" height=\"225\" \/><\/p>\n<p>Monika Zah\u00e1lkov\u00e1 se v\u011bnuje i publika\u010dn\u00ed \u010dinnosti. Je spoluautorkou n\u011bkolika odborn\u00fdch titul\u016f o spr\u00e1v\u011b a \u0159\u00edzen\u00ed spole\u010dnost\u00ed a vzd\u011bl\u00e1vac\u00edch program\u016f nejen v\u00a0t\u00e9to oblasti.<\/p>\n<p><strong>Zdroj: \u010cBA<\/strong><\/p>\n","protected":false},"excerpt":{"rendered":"<p>Monika Zah\u00e1lkov\u00e1 opou\u0161t\u00ed \u010ceskou bankovn\u00ed asociaci. V\u00a0pozici v\u00fdkonn\u00e9 \u0159editelky byla v\u00edc ne\u017e 3 roky a&#8230;<\/p>\n","protected":false},"author":1,"featured_media":2595,"comment_status":"closed","ping_status":"closed","sticky":false,"template":"","format":"standard","meta":{"footnotes":""},"categories":[62,6,5],"tags":[],"class_list":["post-2594","post","type-post","status-publish","format-standard","has-post-thumbnail","hentry","category-banky","category-management","category-personalie"],"_links":{"self":[{"href":"https:\/\/www.automakers.cz\/index.php?rest_route=\/wp\/v2\/posts\/2594","targetHints":{"allow":["GET"]}}],"collection":[{"href":"https:\/\/www.automakers.cz\/index.php?rest_route=\/wp\/v2\/posts"}],"about":[{"href":"https:\/\/www.automakers.cz\/index.php?rest_route=\/wp\/v2\/types\/post"}],"author":[{"embeddable":true,"href":"https:\/\/www.automakers.cz\/index.php?rest_route=\/wp\/v2\/users\/1"}],"replies":[{"embeddable":true,"href":"https:\/\/www.automakers.cz\/index.php?rest_route=%2Fwp%2Fv2%2Fcomments&post=2594"}],"version-history":[{"count":3,"href":"https:\/\/www.automakers.cz\/index.php?rest_route=\/wp\/v2\/posts\/2594\/revisions"}],"predecessor-version":[{"id":2602,"href":"https:\/\/www.automakers.cz\/index.php?rest_route=\/wp\/v2\/posts\/2594\/revisions\/2602"}],"wp:featuredmedia":[{"embeddable":true,"href":"https:\/\/www.automakers.cz\/index.php?rest_route=\/wp\/v2\/media\/2595"}],"wp:attachment":[{"href":"https:\/\/www.automakers.cz\/index.php?rest_route=%2Fwp%2Fv2%2Fmedia&parent=2594"}],"wp:term":[{"taxonomy":"category","embeddable":true,"href":"https:\/\/www.automakers.cz\/index.php?rest_route=%2Fwp%2Fv2%2Fcategories&post=2594"},{"taxonomy":"post_tag","embeddable":true,"href":"https:\/\/www.automakers.cz\/index.php?rest_route=%2Fwp%2Fv2%2Ftags&post=2594"}],"curies":[{"name":"wp","href":"https:\/\/api.w.org\/{rel}","templated":true}]}}