{"id":2604,"date":"2024-03-04T08:15:56","date_gmt":"2024-03-04T08:15:56","guid":{"rendered":"https:\/\/www.automakers.cz\/?p=2604"},"modified":"2024-03-04T08:17:19","modified_gmt":"2024-03-04T08:17:19","slug":"cez-stavi-dobijecky-pro-sit-km-prona","status":"publish","type":"post","link":"https:\/\/www.automakers.cz\/?p=2604","title":{"rendered":"\u010cEZ stav\u00ed dob\u00edje\u010dky pro s\u00ed\u0165 KM-PRONA"},"content":{"rendered":"<p><strong>\u0158et\u011bzec \u010derpac\u00edch stanic KM-PRONA za\u010d\u00edn\u00e1 ve spolupr\u00e1ci s provozovatelem \u010desk\u00e9 s\u00edt\u011b ve\u0159ejn\u00e9ho dob\u00edjen\u00ed \u010cEZ osazovat sv\u00e9 are\u00e1ly ultrarychl\u00fdmi stojany. Po premi\u00e9\u0159e v krkono\u0161sk\u00e9 Velk\u00e9 \u00dap\u011b vzniknou dal\u0161\u00ed stojany umo\u017e\u0148uj\u00edc\u00ed dobit\u00ed auta za p\u00e1r minut tak\u00e9 na dal\u0161\u00edch m\u00edstech.<\/strong><!--more--><\/p>\n<p>V nejbli\u017e\u0161\u00ed dob\u011b p\u016fjde hlavn\u011b o stanice kolem d\u00e1lnice D10 v\u010detn\u011b velk\u00e9ho dob\u00edjec\u00edho hubu o 8 stojanech na 57. kilometru u Mnichova Hradi\u0161t\u011b. Dob\u00edjec\u00ed stanice vznikaj\u00ed i d\u00edky grantu z Opera\u010dn\u00edho programu Doprava.<\/p>\n<p><em><i>\u201eV s\u00edti stanic KM-PRONA se neust\u00e1le sna\u017e\u00edme zkvalit\u0148ovat slu\u017eby pro na\u0161e sou\u010dasn\u00e9 z\u00e1kazn\u00edky a sou\u010dasn\u011b usilovat o p\u0159\u00edze\u0148 dal\u0161\u00edch \u0159idi\u010d\u016f. P\u0159\u00edkladem mohou b\u00fdt vedle konceptu kav\u00e1ren MonzaCafe pr\u00e1v\u011b nov\u00e9 ultrarychl\u00e9 dob\u00edjec\u00ed stanice pro elektromobily. V\u011b\u0159\u00edme, \u017ee lid\u00e9 ocen\u00ed mo\u017enost dob\u00edt si elektromobil za p\u00e1r minut. V\u00a0prvn\u00ed f\u00e1zi s\u00a0\u010cEZ osad\u00edme stojany ve Velk\u00e9 \u00dap\u011b, Z\u00e1smuk\u00e1ch a kolem d\u00e1lnice D11 v Hodkovic\u00edch nad Mohelkou, Liberci a Mnichov\u011b Hradi\u0161ti. Pokud se stojany v\u00a0provozu osv\u011bd\u010d\u00ed, mohly by se st\u00e1t sou\u010d\u00e1st\u00ed slu\u017eeb \u0159idi\u010d\u016fm i na dal\u0161\u00edch na\u0161ich \u010derpac\u00edch stanic\u00edch,\u201c<\/i><\/em>\u00a0uvedl <strong><b>Vladim\u00edr Mina\u0159\u00edk, jednatel spole\u010dnosti KM-PRONA<\/b><\/strong>.<\/p>\n<p><em><i>\u201eJednou z\u00a0podm\u00ednek rozvoje elektromobility v \u010cesk\u00e9 republice je dostate\u010dn\u011b hust\u00e1 s\u00ed\u0165 dob\u00edjec\u00edch bod\u016f p\u0159edev\u0161\u00edm kolem hlavn\u00edch tah\u016f. D\u00edky partnerstv\u00ed s\u00a0KM-PRONA m\u016f\u017eeme pokra\u010dovat v\u00a0osazov\u00e1n\u00ed d\u00e1lni\u010dn\u00edch lokalit nebo m\u00edst s\u00a0vysokou frekvenc\u00ed provozu. Za vzorovou lokalitu pova\u017eujeme \u010derpac\u00ed stanici u Mnichova Hradi\u0161t\u011b. Tady \u0159idi\u010d\u016fm e-aut nab\u00eddneme dob\u00edjen\u00ed na osmi stojanech, kde d\u00edky nasazen\u00ed tzv. d\u011blen\u00e9 technologie lze z jednoho konektoru jednor\u00e1zov\u011b nab\u00edjet dvojn\u00e1sobn\u00fdm v\u00fdkonem, tj. a\u017e 360 kW. V\u00a0cel\u00e9 na\u0161\u00ed s\u00edti garantujeme odb\u011br skute\u010dn\u011b bezemisn\u00ed elekt\u0159iny, a to d\u00edky certifikaci jej\u00edho p\u016fvodu z obnoviteln\u00fdch zdroj\u016f,\u201c<\/i><\/em>\u00a0\u0159ekl <strong><b>Tom\u00e1\u0161 Dzurilla, \u0159editel \u00fatvaru elektromobilita \u010cEZ<\/b><\/strong>.<\/p>\n<p>B\u011bhem p\u0159est\u00e1vky na ob\u010derstven\u00ed \u0159idi\u010d d\u00edky stojanu o v\u00fdkonu 180 kW dopln\u00ed v\u011bt\u0161inu kapacity bateri\u00ed sv\u00e9ho auta zhruba za 10 minut a z\u00edsk\u00e1 energii na dal\u0161\u00edch zhruba 150 kilometr\u016f j\u00edzdy. V\u00a0praxi tak p\u0159i na\u010derp\u00e1n\u00ed v\u00a0Liberci dojede t\u0159eba do Chomutova nebo opa\u010dn\u00fdm sm\u011brem do \u010cesk\u00e9 T\u0159ebov\u00e9. Ka\u017ed\u00e1 stanice nab\u00edz\u00ed dob\u00edjec\u00ed konektory vhodn\u00e9 pro dob\u00edjen\u00ed v\u0161ech zna\u010dek a typ\u016f elektroaut.<\/p>\n<p>Z\u00e1kazn\u00edci KM-PRONA z\u00a0\u0159ad \u0159idi\u010d\u016f elektromobil\u016f plat\u00ed za dob\u00edjen\u00ed u ve\u0159ejn\u00fdch dob\u00edjec\u00edch stojan\u016f \u010cEZ v\u00a0z\u00e1vislosti na typu stanice a rychlosti nab\u00edjen\u00ed, a to podle podm\u00ednek platn\u00e9ho cen\u00edku <a href=\"https:\/\/www.futurego.cz\/cs\/smlouvy-cenik-a-opse\">Smlouvy, cen\u00edk a OPSE | Futurego.cz<\/a>\u00a0P\u0159i zastaven\u00ed k\u00a0nab\u00edjen\u00ed se u\u017eivatel identifikuje pomoc\u00ed z\u00e1kaznick\u00e9 RFID karty nebo prost\u0159ednictv\u00edm aplikace FUTUR\/E\/GO, kter\u00e1 spolu s webov\u00fdm rozhran\u00edm (tzv. Driver port\u00e1l) umo\u017e\u0148uje pohodlnou spr\u00e1vu jejich \u00fa\u010dt\u016f. FUTUR\/E\/GO zefektiv\u0148uje dob\u00edjen\u00ed d\u00edky sp\u00e1rov\u00e1n\u00ed mobiln\u00edho telefonu s dob\u00edjec\u00ed stanic\u00ed, um\u00ed vyhledat nejbli\u017e\u0161\u00ed dob\u00edjec\u00ed m\u00edsto v\u010detn\u011b aktu\u00e1ln\u00ed doby dojezdu a aktu\u00e1ln\u00ed obsazenosti stojan\u016f.<\/p>\n<p>\u010cEZ si v r\u00e1mci vize \u010cist\u00e1 Energie Z\u00edt\u0159ka vyty\u010dil do roku 2025 dosa\u017een\u00ed hranice 800 provozovan\u00fdch stojan\u016f pro dob\u00edjen\u00ed elektromobil\u016f a zn\u00e1soben\u00ed jejich v\u00fdkonu. Popt\u00e1vku po zkr\u00e1cen\u00ed \u010das\u016f dob\u00edjen\u00ed chce uspokojovat v\u00fdstavbou stanic pro ultrarychl\u00e9 dob\u00edjen\u00ed i roz\u0161i\u0159ov\u00e1n\u00edm po\u010dtu stojan\u016f v\u00a0tzv. hubech ve vyt\u00ed\u017een\u00fdch lokalit\u00e1ch u hlavn\u00edch tah\u016f a ve m\u011bstech. Tato \u0159e\u0161en\u00ed v\u00fdrazn\u011b zkracuj\u00ed dobu pro dopln\u011bn\u00ed energie a \u0161et\u0159\u00ed \u010das \u0159idi\u010d\u016f i p\u0159i \u010dek\u00e1n\u00ed na voln\u00fd dob\u00edjec\u00ed konektor.<\/p>\n<p><strong><b>\u010cEZ A ELEKTROMOBILITA<\/b><\/strong>\u00a0Skupina \u010cEZ se v\u011bnuje rozvoji elektromobility aktivn\u00ed od roku 2009. Prim\u00e1rn\u00ed aktivitou bylo od sam\u00e9ho za\u010d\u00e1tku budov\u00e1n\u00ed a provoz ve\u0159ejn\u00fdch dob\u00edjec\u00edch stanic. Dnes jde o z\u00e1b\u011br mnohem \u0161ir\u0161\u00ed, zahrnuj\u00edc\u00ed obsluhu z\u00e1kazn\u00edk\u016f ze segmentu retail (\u010cEZ Prodej) i servis pro klienty v sektoru firem, municipalit a kraj\u016f (\u010cEZ ESCO). Skupina \u010cEZ tak nap\u0159. zaji\u0161\u0165uje n\u00e1vrh a instalaci dob\u00edjec\u00edch stanic na kl\u00ed\u010d, elektrifikaci automobilov\u00fdch flotil, platformy pro dob\u00edjen\u00ed, v\u010detn\u011b IT \u0159e\u0161en\u00ed, pron\u00e1jmy elektromobil\u016f nebo wallboxy a kabely pro dob\u00edjen\u00ed. Pro samospr\u00e1vy \u010cEZ nab\u00edz\u00ed realizaci a provoz dob\u00edjec\u00edch stanic pro elektrobusy \u010di n\u00e1vrhy konceptu elektromobility v jednotliv\u00fdch m\u011bstech a regionech.<\/p>\n<p><strong><b>KM-PRONA<\/b><\/strong>\u00a0p\u016fsob\u00ed na \u010desk\u00e9m trhu \u010derpac\u00edch stanic u\u017e v\u00edce ne\u017e 20 let. Po cel\u00e9\u00a0\u010cesk\u00e9 republice provozuje t\u00e9m\u011b\u0159 50 pump. Mezi zelen\u00e1 aktiva dokazuj\u00edc\u00ed pozitivn\u00ed vztah k \u017eivotn\u00edmu prost\u0159ed\u00ed, pat\u0159\u00ed mj. mal\u00e1 vodn\u00ed elektr\u00e1rna v Semilech na \u0159ece Jize\u0159e. Z\u00e1kazn\u00edk\u016fm nab\u00edz\u00ed roz\u0161\u00ed\u0159en\u00e9 slu\u017eby v\u010detn\u011b kav\u00e1ren provozovan\u00fdch na z\u00e1klad\u011b vlastn\u00edho konceptu MonzaCaf\u00e9.<\/p>\n<p><strong>Zdroj: \u010cEZ<\/strong><\/p>\n<p><img loading=\"lazy\" decoding=\"async\" class=\"alignnone size-medium wp-image-2609\" src=\"http:\/\/www.automakers.cz\/wp-content\/uploads\/2024\/03\/Dobijeci-stojany-CEZ-v-siti-KM-PRONA-2-2-675x900.jpg\" alt=\"\" width=\"675\" height=\"900\" srcset=\"https:\/\/www.automakers.cz\/wp-content\/uploads\/2024\/03\/Dobijeci-stojany-CEZ-v-siti-KM-PRONA-2-2-675x900.jpg 675w, https:\/\/www.automakers.cz\/wp-content\/uploads\/2024\/03\/Dobijeci-stojany-CEZ-v-siti-KM-PRONA-2-2.jpg 768w\" sizes=\"auto, (max-width: 675px) 100vw, 675px\" \/><\/p>\n","protected":false},"excerpt":{"rendered":"<p>\u0158et\u011bzec \u010derpac\u00edch stanic KM-PRONA za\u010d\u00edn\u00e1 ve spolupr\u00e1ci s provozovatelem \u010desk\u00e9 s\u00edt\u011b ve\u0159ejn\u00e9ho dob\u00edjen\u00ed \u010cEZ osazovat&#8230;<\/p>\n","protected":false},"author":1,"featured_media":2606,"comment_status":"closed","ping_status":"closed","sticky":false,"template":"","format":"standard","meta":{"footnotes":""},"categories":[9,3],"tags":[],"class_list":["post-2604","post","type-post","status-publish","format-standard","has-post-thumbnail","hentry","category-elektromobily","category-investice"],"_links":{"self":[{"href":"https:\/\/www.automakers.cz\/index.php?rest_route=\/wp\/v2\/posts\/2604","targetHints":{"allow":["GET"]}}],"collection":[{"href":"https:\/\/www.automakers.cz\/index.php?rest_route=\/wp\/v2\/posts"}],"about":[{"href":"https:\/\/www.automakers.cz\/index.php?rest_route=\/wp\/v2\/types\/post"}],"author":[{"embeddable":true,"href":"https:\/\/www.automakers.cz\/index.php?rest_route=\/wp\/v2\/users\/1"}],"replies":[{"embeddable":true,"href":"https:\/\/www.automakers.cz\/index.php?rest_route=%2Fwp%2Fv2%2Fcomments&post=2604"}],"version-history":[{"count":4,"href":"https:\/\/www.automakers.cz\/index.php?rest_route=\/wp\/v2\/posts\/2604\/revisions"}],"predecessor-version":[{"id":2608,"href":"https:\/\/www.automakers.cz\/index.php?rest_route=\/wp\/v2\/posts\/2604\/revisions\/2608"}],"wp:featuredmedia":[{"embeddable":true,"href":"https:\/\/www.automakers.cz\/index.php?rest_route=\/wp\/v2\/media\/2606"}],"wp:attachment":[{"href":"https:\/\/www.automakers.cz\/index.php?rest_route=%2Fwp%2Fv2%2Fmedia&parent=2604"}],"wp:term":[{"taxonomy":"category","embeddable":true,"href":"https:\/\/www.automakers.cz\/index.php?rest_route=%2Fwp%2Fv2%2Fcategories&post=2604"},{"taxonomy":"post_tag","embeddable":true,"href":"https:\/\/www.automakers.cz\/index.php?rest_route=%2Fwp%2Fv2%2Ftags&post=2604"}],"curies":[{"name":"wp","href":"https:\/\/api.w.org\/{rel}","templated":true}]}}