{"id":2611,"date":"2024-03-04T08:34:06","date_gmt":"2024-03-04T08:34:06","guid":{"rendered":"https:\/\/www.automakers.cz\/?p=2611"},"modified":"2024-03-04T08:34:31","modified_gmt":"2024-03-04T08:34:31","slug":"zf-otevira-v-usteckem-kraji-prvni-tovarnu","status":"publish","type":"post","link":"https:\/\/www.automakers.cz\/?p=2611","title":{"rendered":"ZF otev\u00edr\u00e1 tov\u00e1rnu v Kl\u00e1\u0161terci"},"content":{"rendered":"<p><strong>Spole\u010dnost <span class=\"highlight-query\">ZF<\/span> po necel\u00e9m roce a p\u016fl trvaj\u00edc\u00ed rekonstrukci otev\u0159ela z\u00e1vod na v\u00fdkonovou elektroniku v <span class=\"highlight-E0id1 highlight-E0M\">Kl\u00e1\u0161terci<\/span> <span class=\"highlight-E0id1 highlight-E0M\">nad<\/span> <span class=\"highlight-E0id1 highlight-E0M\">Oh\u0159\u00ed<\/span>. Mezi <span class=\"highlight-E5id4 highlight-E5M\">z\u00e1kazn\u00edky<\/span> pat\u0159\u00ed mimo jin\u00e9 mezin\u00e1rodn\u00ed <span class=\"highlight-E5id2 highlight-E5M\">v\u00fdrobci<\/span> automobil\u016f.<\/strong><!--more--><\/p>\n<p>Z\u00e1vod, kter\u00fd je sou\u010d\u00e1st\u00ed divize Electrified Powertrain Technology, podporuje \u00fasil\u00ed spole\u010dnosti o dosa\u017een\u00ed klimatick\u00e9 neutrality ve v\u0161ech hodnotov\u00fdch \u0159et\u011bzc\u00edch do roku 2040. Bude slou\u017eit jako vzor pro v\u0161echny z\u00e1vody <span class=\"highlight-query\">ZF<\/span> po cel\u00e9m sv\u011bt\u011b.<\/p>\n<p>Technologick\u00e1 spole\u010dnost postupn\u011b p\u0159ech\u00e1z\u00ed na udr\u017eiteln\u011b vyr\u00e1b\u011bnou energii ve v\u0161ech z\u00e1vodech, zvy\u0161uje <span class=\"highlight-E4id0 highlight-E4M\">energetickou<\/span> <span class=\"highlight-E4id0 highlight-E4M\">\u00fa\u010dinnost<\/span> proces\u016f, elektrifikuje v\u00fdznamnou \u010d\u00e1st sv\u00fdch v\u00fdrobk\u016f a pou\u017e\u00edv\u00e1 <span class=\"highlight-E4id0 highlight-E4M\">recyklovan\u00e9<\/span> <span class=\"highlight-E4id0 highlight-E4M\">materi\u00e1ly<\/span>. Jedn\u00edm z hlavn\u00edch \u00fakol\u016f je p\u0159estav\u011bt st\u00e1vaj\u00edc\u00ed z\u00e1vody <span class=\"highlight-query\">ZF<\/span> po cel\u00e9m sv\u011bt\u011b tak, aby mohly b\u00fdt od nyn\u011bj\u0161ka provozov\u00e1ny s pou\u017eit\u00edm klimaticky neutr\u00e1ln\u00ed energie.<\/p>\n<p>\u201eTransformace zam\u011b\u0159en\u00e1 na udr\u017eiteln\u00fd rozvoj v <span class=\"highlight-E0id1 highlight-E0M\">Kl\u00e1\u0161terci<\/span> je pr\u016flomov\u00e1 pro celou na\u0161i v\u00fdrobn\u00ed s\u00ed\u0165 a pom\u00e1h\u00e1 n\u00e1m v\u00fdrazn\u011b sn\u00ed\u017eit emise sklen\u00edkov\u00fdch plyn\u016f,&#8220; \u0159\u00edk\u00e1 Stephan von Schuckmann, <span class=\"highlight-E5id5 highlight-E5M\">\u010dlen<\/span> p\u0159edstavenstva spole\u010dnosti <span class=\"highlight-query\">ZF<\/span>. Pro vybudov\u00e1n\u00ed pevn\u00fdch a udr\u017eiteln\u00fdch z\u00e1klad\u016f je d\u016fle\u017eit\u00e9 zajistit v\u00fdrobn\u00edm z\u00e1vod\u016fm schopnost vyr\u00e1b\u011bt si vlastn\u00ed elekt\u0159inu. V <span class=\"highlight-E0id1 highlight-E0M\">Kl\u00e1\u0161terci<\/span> toho bylo dosa\u017eeno instalac\u00ed 3 400 sol\u00e1rn\u00edch panel\u016f v are\u00e1lu, kter\u00e9 pokryj\u00ed zhruba 20 % ro\u010dn\u00ed spot\u0159eby elektrick\u00e9 energie z\u00e1vodu.<\/p>\n<p>Ve\u0161ker\u00e1 elekt\u0159ina, kter\u00e1 se nevyr\u00e1b\u00ed intern\u011b, se nakupuje z obnoviteln\u00fdch zdroj\u016f \u2013 p\u0159edev\u0161\u00edm z v\u011btrn\u00fdch a vodn\u00edch elektr\u00e1ren.<\/p>\n<p>\u201e<span class=\"highlight-E0id1 highlight-E0M\">Kl\u00e1\u0161terec<\/span> je na\u0161\u00edm m\u011b\u0159\u00edtkem,&#8220; zd\u016fraz\u0148uje Dhanashree Kad, vedouc\u00ed odd\u011blen\u00ed <span class=\"highlight-E4id0 highlight-E4M\">udr\u017eitelnosti<\/span> v divizi Electrified Powertrain <span class=\"highlight-E5id0 highlight-E5M\">Technology<\/span> spole\u010dnosti <span class=\"highlight-query\">ZF<\/span>. Ji\u017e v roce 2025, tedy o p\u011bt let d\u0159\u00edve, ne\u017e se p\u016fvodn\u011b pl\u00e1novalo, budou v\u0161echny z\u00e1vody <span class=\"highlight-query\">ZF<\/span> pln\u011b poh\u00e1n\u011bny zelenou elekt\u0159inou, kter\u00e1 bude vyr\u00e1b\u011bna vlastn\u00edmi silami nebo z\u00edsk\u00e1v\u00e1na prost\u0159ednictv\u00edm smluv s dodavateli energie z obnoviteln\u00fdch zdroj\u016f. Krom\u011b toho byl v \u010desk\u00e9m z\u00e1vod\u011b v <span class=\"highlight-E0id1 highlight-E0M\">Kl\u00e1\u0161terci<\/span> nahrazen plynov\u00fd topn\u00fd syst\u00e9m z\u00e1visl\u00fd na fosiln\u00edch palivech tepeln\u00fdmi \u010derpadly, \u010d\u00edm\u017e se ro\u010dn\u00ed n\u00e1klady na vyt\u00e1p\u011bn\u00ed v z\u00e1vod\u011b sn\u00ed\u017eily o 50 %.<\/p>\n<p>V chladn\u011bj\u0161\u00edch m\u011bs\u00edc\u00edch vyu\u017e\u00edv\u00e1 z\u00e1vod k chlazen\u00ed technologi\u00ed p\u0159irozen\u00fd chlad venkovn\u00edho vzduchu (freecooling). Tuto koncepci m\u00edstn\u00edho klimatu dopl\u0148uj\u00ed r\u016fzn\u00e1 opat\u0159en\u00ed pro zlep\u0161en\u00ed tepeln\u00e9 izolace a rekuperace tepla. Spole\u010dnost <span class=\"highlight-query\">ZF<\/span> provozuje z\u00e1vod v <span class=\"highlight-E0id1 highlight-E0M\">Kl\u00e1\u0161terci<\/span> <span class=\"highlight-E0id1 highlight-E0M\">nad<\/span> <span class=\"highlight-E0id1 highlight-E0M\">Oh\u0159\u00ed<\/span> od roku 1992.<\/p>\n<p>Dnes m\u00e1 nov\u011b p\u0159estav\u011bn\u00fd z\u00e1vod t\u00e9m\u011b\u0159 700 <span class=\"highlight-E5id3 highlight-E5M\">zam\u011bstnanc\u016f<\/span> a vyr\u00e1b\u00ed v\u00fdkonov\u00e9 elektronick\u00e9 komponenty pro elektromotory vyr\u00e1b\u011bn\u00e9 v z\u00e1vodech <span class=\"highlight-query\">ZF<\/span> v <span class=\"highlight-E0id2 highlight-E0M\">N\u011bmecku<\/span> a <span class=\"highlight-E0id4 highlight-E0M\">Srbsku<\/span>. <span class=\"highlight-query\">ZF<\/span> <span class=\"highlight-E0id1 highlight-E0M\">Kl\u00e1\u0161terec<\/span> je <span class=\"highlight-E5id1 highlight-E5M\">specialista<\/span> na v\u00fdrobu \u010dist\u00e9 technologie pro <span class=\"highlight-E4id0 highlight-E4M\">elektromobilitu<\/span> nov\u00e9 generace.<\/p>\n<p><strong>Zdroj: ZF<\/strong><\/p>\n","protected":false},"excerpt":{"rendered":"<p>Spole\u010dnost ZF po necel\u00e9m roce a p\u016fl trvaj\u00edc\u00ed rekonstrukci otev\u0159ela z\u00e1vod na v\u00fdkonovou elektroniku v&#8230;<\/p>\n","protected":false},"author":1,"featured_media":2613,"comment_status":"closed","ping_status":"closed","sticky":false,"template":"","format":"standard","meta":{"footnotes":""},"categories":[23,18],"tags":[],"class_list":["post-2611","post","type-post","status-publish","format-standard","has-post-thumbnail","hentry","category-dodavatele","category-vyroba"],"_links":{"self":[{"href":"https:\/\/www.automakers.cz\/index.php?rest_route=\/wp\/v2\/posts\/2611","targetHints":{"allow":["GET"]}}],"collection":[{"href":"https:\/\/www.automakers.cz\/index.php?rest_route=\/wp\/v2\/posts"}],"about":[{"href":"https:\/\/www.automakers.cz\/index.php?rest_route=\/wp\/v2\/types\/post"}],"author":[{"embeddable":true,"href":"https:\/\/www.automakers.cz\/index.php?rest_route=\/wp\/v2\/users\/1"}],"replies":[{"embeddable":true,"href":"https:\/\/www.automakers.cz\/index.php?rest_route=%2Fwp%2Fv2%2Fcomments&post=2611"}],"version-history":[{"count":2,"href":"https:\/\/www.automakers.cz\/index.php?rest_route=\/wp\/v2\/posts\/2611\/revisions"}],"predecessor-version":[{"id":2614,"href":"https:\/\/www.automakers.cz\/index.php?rest_route=\/wp\/v2\/posts\/2611\/revisions\/2614"}],"wp:featuredmedia":[{"embeddable":true,"href":"https:\/\/www.automakers.cz\/index.php?rest_route=\/wp\/v2\/media\/2613"}],"wp:attachment":[{"href":"https:\/\/www.automakers.cz\/index.php?rest_route=%2Fwp%2Fv2%2Fmedia&parent=2611"}],"wp:term":[{"taxonomy":"category","embeddable":true,"href":"https:\/\/www.automakers.cz\/index.php?rest_route=%2Fwp%2Fv2%2Fcategories&post=2611"},{"taxonomy":"post_tag","embeddable":true,"href":"https:\/\/www.automakers.cz\/index.php?rest_route=%2Fwp%2Fv2%2Ftags&post=2611"}],"curies":[{"name":"wp","href":"https:\/\/api.w.org\/{rel}","templated":true}]}}