{"id":2617,"date":"2024-03-04T09:29:34","date_gmt":"2024-03-04T09:29:34","guid":{"rendered":"https:\/\/www.automakers.cz\/?p=2617"},"modified":"2024-03-04T10:52:30","modified_gmt":"2024-03-04T10:52:30","slug":"importersky-special-automakers-v-breznu","status":"publish","type":"post","link":"https:\/\/www.automakers.cz\/?p=2617","title":{"rendered":"Import\u00e9rsk\u00fd speci\u00e1l p\u0159inese bilan\u010dn\u00ed rozhovory"},"content":{"rendered":"<div class=\"meta-space\">\n<p><strong>B\u0159eznov\u00fd ti\u0161t\u011bn\u00fd Import\u00e9rsk\u00fd speci\u00e1l Automakers p\u0159inese p\u0159ehled bilan\u010dn\u00edch tiskovek, s koncem \u00fanora jsme uzav\u0159eli tak\u00e9 s\u00e9rii rozhovor\u016f s import\u00e9ry. Kdo letos nebude chyb\u011bt na p\u00f3diu?<br \/>\n<\/strong><\/p>\n<\/div>\n<p><!--more--><\/p>\n<p><strong>OBSAH MAGAZ\u00cdNU<\/strong><\/p>\n<p><strong>T\u00c9MA<\/strong><\/p>\n<p>Mana\u017ee\u0159i SDA hodnot\u00ed pozice sv\u00fdch zna\u010dek. Jak dopadl rok 2023 a co chystaj\u00ed nejv\u00fdznamn\u011bj\u0161\u00ed dovozci na leto\u0161ek?<\/p>\n<p><strong>BILAN\u010cN\u00cd TISKOVKY 2024<\/strong><\/p>\n<p><strong> (\u0160koda \u010cR, Porsche \u010cR, Toyota, Kia, Renault \u010cR, Ford, Opel, Fiat, BMW, Audi, MG, Mitsubishi a Subaru)<br \/>\n<\/strong><\/p>\n<p><strong>ROZHOVORY:<\/strong><\/p>\n<p><strong>\u0160koda Auto \u010cR<\/strong>, Ji\u0159\u00ed Mal\u00e1\u010dek,<\/p>\n<p><strong>Hyundai<\/strong>, Martin Saitz<\/p>\n<p><strong>Toyota, Lexus;<\/strong> Martin Pele\u0161ka<\/p>\n<p><strong>Volkswagen,<\/strong> Jakub \u0160ebesta<\/p>\n<p><strong>Volkswagen U\u017eitkov\u00e9,<\/strong> Mirka Cimrov\u00e1<\/p>\n<p><strong>Audi<\/strong>, Marcel Archleb<\/p>\n<p><strong>SEAT,<\/strong> Ale\u0161 Nov\u00e1k<\/p>\n<p><strong>Ford<\/strong>, Libor Bene\u0161<\/p>\n<p><strong>Citro\u00ebn,<\/strong> Franti\u0161ek Neuman<\/p>\n<p><strong>Mercedes-Benz<\/strong>, Alexander Henzler<\/p>\n<p><strong>Mercedes-Benz Truck<\/strong>, Josef Ma\u0159\u00edk<\/p>\n<p><strong>MG,<\/strong> Martin Kr\u00e1l\u00ed\u010dek<\/p>\n<p><strong>DS<\/strong>, Martina Bedrnov\u00e1<\/p>\n<p><strong>Opel,<\/strong> Josef \u0160op\u00edk<\/p>\n<p><strong>a PR roku SDA:<\/strong> Martin Hejral<\/p>\n<p><img loading=\"lazy\" decoding=\"async\" class=\"alignnone size-medium wp-image-2631\" src=\"http:\/\/www.automakers.cz\/wp-content\/uploads\/2024\/03\/eSalon-23-Hejral-900x675.jpg\" alt=\"\" width=\"900\" height=\"675\" srcset=\"https:\/\/www.automakers.cz\/wp-content\/uploads\/2024\/03\/eSalon-23-Hejral-900x675.jpg 900w, https:\/\/www.automakers.cz\/wp-content\/uploads\/2024\/03\/eSalon-23-Hejral-1024x768.jpg 1024w, https:\/\/www.automakers.cz\/wp-content\/uploads\/2024\/03\/eSalon-23-Hejral-768x576.jpg 768w, https:\/\/www.automakers.cz\/wp-content\/uploads\/2024\/03\/eSalon-23-Hejral-1536x1152.jpg 1536w, https:\/\/www.automakers.cz\/wp-content\/uploads\/2024\/03\/eSalon-23-Hejral.jpg 2040w\" sizes=\"auto, (max-width: 900px) 100vw, 900px\" \/><\/p>\n<p><strong>TISKOVKY 2024<br \/>\n<\/strong><\/p>\n<figure id=\"attachment_1878\" class=\"wp-caption alignnone\" aria-describedby=\"caption-attachment-1878\"><img loading=\"lazy\" decoding=\"async\" class=\"alignnone size-medium wp-image-1897\" src=\"http:\/\/www.automakers.cz\/wp-content\/uploads\/2024\/02\/Skoda-Malacek-TK-orez-900x634.jpg\" alt=\"\" width=\"900\" height=\"634\" srcset=\"https:\/\/www.automakers.cz\/wp-content\/uploads\/2024\/02\/Skoda-Malacek-TK-orez-900x634.jpg 900w, https:\/\/www.automakers.cz\/wp-content\/uploads\/2024\/02\/Skoda-Malacek-TK-orez-1024x721.jpg 1024w, https:\/\/www.automakers.cz\/wp-content\/uploads\/2024\/02\/Skoda-Malacek-TK-orez-768x541.jpg 768w, https:\/\/www.automakers.cz\/wp-content\/uploads\/2024\/02\/Skoda-Malacek-TK-orez-1536x1081.jpg 1536w, https:\/\/www.automakers.cz\/wp-content\/uploads\/2024\/02\/Skoda-Malacek-TK-orez.jpg 1862w\" sizes=\"auto, (max-width: 900px) 100vw, 900px\" \/><figcaption id=\"caption-attachment-1878\" class=\"wp-caption-text\"><strong>Ji\u0159\u00ed Mal\u00e1\u010dek bilancoval 30. ledna v\u00fdsledky \u0160kody \u010cR ve Filadelfii<\/strong><\/figcaption><\/figure>\n<figure id=\"attachment_1543\" class=\"wp-caption alignnone\" aria-describedby=\"caption-attachment-1543\"><img loading=\"lazy\" decoding=\"async\" class=\"size-medium wp-image-1543\" src=\"http:\/\/www.automakers.cz\/wp-content\/uploads\/2024\/01\/Porsche-Alcron-Hurt-2024-900x505.jpg\" sizes=\"auto, (max-width: 900px) 100vw, 900px\" srcset=\"https:\/\/www.automakers.cz\/wp-content\/uploads\/2024\/01\/Porsche-Alcron-Hurt-2024-900x505.jpg 900w, https:\/\/www.automakers.cz\/wp-content\/uploads\/2024\/01\/Porsche-Alcron-Hurt-2024-1024x575.jpg 1024w, https:\/\/www.automakers.cz\/wp-content\/uploads\/2024\/01\/Porsche-Alcron-Hurt-2024-768x431.jpg 768w, https:\/\/www.automakers.cz\/wp-content\/uploads\/2024\/01\/Porsche-Alcron-Hurt-2024.jpg 1179w\" alt=\"\" width=\"900\" height=\"505\" \/><figcaption id=\"caption-attachment-1543\" class=\"wp-caption-text\"><strong>Jednatel Porsche \u010cR Jan Hurt sezval novin\u00e1\u0159e do Alcronu<\/strong><\/figcaption><\/figure>\n<figure id=\"attachment_1709\" class=\"wp-caption alignnone\" aria-describedby=\"caption-attachment-1709\"><img loading=\"lazy\" decoding=\"async\" class=\"size-medium wp-image-1709\" src=\"http:\/\/www.automakers.cz\/wp-content\/uploads\/2024\/01\/Toyota-bilancni-TK-Peleska-2024-900x675.jpg\" sizes=\"auto, (max-width: 900px) 100vw, 900px\" srcset=\"https:\/\/www.automakers.cz\/wp-content\/uploads\/2024\/01\/Toyota-bilancni-TK-Peleska-2024-900x675.jpg 900w, https:\/\/www.automakers.cz\/wp-content\/uploads\/2024\/01\/Toyota-bilancni-TK-Peleska-2024-1024x768.jpg 1024w, https:\/\/www.automakers.cz\/wp-content\/uploads\/2024\/01\/Toyota-bilancni-TK-Peleska-2024-768x576.jpg 768w, https:\/\/www.automakers.cz\/wp-content\/uploads\/2024\/01\/Toyota-bilancni-TK-Peleska-2024-1536x1152.jpg 1536w, https:\/\/www.automakers.cz\/wp-content\/uploads\/2024\/01\/Toyota-bilancni-TK-Peleska-2024.jpg 2040w\" alt=\"\" width=\"900\" height=\"675\" \/><figcaption id=\"caption-attachment-1709\" class=\"wp-caption-text\"><strong>Martin Pele\u0161ka komentoval v\u00fdsledky Toyoty a Lexusu v centr\u00e1le importu<br \/>\n<\/strong><\/figcaption><\/figure>\n<figure id=\"attachment_1552\" class=\"wp-caption alignnone\" aria-describedby=\"caption-attachment-1552\"><img loading=\"lazy\" decoding=\"async\" class=\"size-medium wp-image-1552\" src=\"http:\/\/www.automakers.cz\/wp-content\/uploads\/2024\/01\/Kia-30-let-Yoo-Barna-Brzobohata-1-900x675.jpg\" sizes=\"auto, (max-width: 900px) 100vw, 900px\" srcset=\"https:\/\/www.automakers.cz\/wp-content\/uploads\/2024\/01\/Kia-30-let-Yoo-Barna-Brzobohata-1-900x675.jpg 900w, https:\/\/www.automakers.cz\/wp-content\/uploads\/2024\/01\/Kia-30-let-Yoo-Barna-Brzobohata-1-1024x768.jpg 1024w, https:\/\/www.automakers.cz\/wp-content\/uploads\/2024\/01\/Kia-30-let-Yoo-Barna-Brzobohata-1-768x576.jpg 768w, https:\/\/www.automakers.cz\/wp-content\/uploads\/2024\/01\/Kia-30-let-Yoo-Barna-Brzobohata-1-1536x1152.jpg 1536w, https:\/\/www.automakers.cz\/wp-content\/uploads\/2024\/01\/Kia-30-let-Yoo-Barna-Brzobohata-1.jpg 2040w\" alt=\"\" width=\"900\" height=\"675\" \/><figcaption id=\"caption-attachment-1552\" class=\"wp-caption-text\"><strong>\u0160\u00e9f Kia Czech Arno\u0161t Barna oslavil 30 let zna\u010dky ve Veletr\u017en\u00edm pal\u00e1ci<\/strong><\/figcaption><\/figure>\n<figure id=\"attachment_754\" class=\"wp-caption alignnone\" aria-describedby=\"caption-attachment-754\"><img loading=\"lazy\" decoding=\"async\" class=\"alignnone size-medium wp-image-2229\" src=\"http:\/\/www.automakers.cz\/wp-content\/uploads\/2024\/02\/Renault-tiskovka-Karlin-celek-Skalickova-900x506.jpg\" alt=\"\" width=\"900\" height=\"506\" srcset=\"https:\/\/www.automakers.cz\/wp-content\/uploads\/2024\/02\/Renault-tiskovka-Karlin-celek-Skalickova-900x506.jpg 900w, https:\/\/www.automakers.cz\/wp-content\/uploads\/2024\/02\/Renault-tiskovka-Karlin-celek-Skalickova-768x432.jpg 768w, https:\/\/www.automakers.cz\/wp-content\/uploads\/2024\/02\/Renault-tiskovka-Karlin-celek-Skalickova.jpg 1024w\" sizes=\"auto, (max-width: 900px) 100vw, 900px\" \/><figcaption id=\"caption-attachment-754\" class=\"wp-caption-text\"><strong>Dacia s Renaultem budou m\u011bly bilan\u010dku 8. \u00fanora<\/strong><\/figcaption><\/figure>\n<figure id=\"attachment_1416\" class=\"wp-caption alignnone\" aria-describedby=\"caption-attachment-1416\"><img loading=\"lazy\" decoding=\"async\" class=\"size-medium wp-image-1416\" src=\"http:\/\/www.automakers.cz\/wp-content\/uploads\/2024\/01\/Ford-Benes-Revir-900x675.jpg\" sizes=\"auto, (max-width: 900px) 100vw, 900px\" srcset=\"https:\/\/www.automakers.cz\/wp-content\/uploads\/2024\/01\/Ford-Benes-Revir-900x675.jpg 900w, https:\/\/www.automakers.cz\/wp-content\/uploads\/2024\/01\/Ford-Benes-Revir-1024x768.jpg 1024w, https:\/\/www.automakers.cz\/wp-content\/uploads\/2024\/01\/Ford-Benes-Revir-768x576.jpg 768w, https:\/\/www.automakers.cz\/wp-content\/uploads\/2024\/01\/Ford-Benes-Revir-1536x1152.jpg 1536w, https:\/\/www.automakers.cz\/wp-content\/uploads\/2024\/01\/Ford-Benes-Revir.jpg 2040w\" alt=\"\" width=\"900\" height=\"675\" \/><figcaption id=\"caption-attachment-1416\" class=\"wp-caption-text\"><strong>\u0160\u00e9f importu FMC Libor Bene\u0161 odhalil pl\u00e1ny na tiskovce v Rev\u00edru<\/strong><\/figcaption><\/figure>\n<figure id=\"attachment_1360\" class=\"wp-caption alignnone\" aria-describedby=\"caption-attachment-1360\"><img loading=\"lazy\" decoding=\"async\" class=\"size-medium wp-image-1360\" src=\"http:\/\/www.automakers.cz\/wp-content\/uploads\/2024\/01\/Opel-Tancici-dum-Sopik-orez-900x584.jpg\" sizes=\"auto, (max-width: 900px) 100vw, 900px\" srcset=\"https:\/\/www.automakers.cz\/wp-content\/uploads\/2024\/01\/Opel-Tancici-dum-Sopik-orez-900x584.jpg 900w, https:\/\/www.automakers.cz\/wp-content\/uploads\/2024\/01\/Opel-Tancici-dum-Sopik-orez-1024x664.jpg 1024w, https:\/\/www.automakers.cz\/wp-content\/uploads\/2024\/01\/Opel-Tancici-dum-Sopik-orez-768x498.jpg 768w, https:\/\/www.automakers.cz\/wp-content\/uploads\/2024\/01\/Opel-Tancici-dum-Sopik-orez-1536x996.jpg 1536w, https:\/\/www.automakers.cz\/wp-content\/uploads\/2024\/01\/Opel-Tancici-dum-Sopik-orez.jpg 2040w\" alt=\"\" width=\"900\" height=\"584\" \/><figcaption id=\"caption-attachment-1360\" class=\"wp-caption-text\"><strong>\u0160\u00e9f Opelu Josef \u0160op\u00edk se pochlubil v Tan\u010d\u00edc\u00edm dom\u011b<\/strong><\/figcaption><\/figure>\n<figure id=\"attachment_1587\" class=\"wp-caption alignnone\" aria-describedby=\"caption-attachment-1587\"><img loading=\"lazy\" decoding=\"async\" class=\"size-medium wp-image-1587\" src=\"http:\/\/www.automakers.cz\/wp-content\/uploads\/2024\/01\/Fiat-Hermansky-900x506.jpg\" sizes=\"auto, (max-width: 900px) 100vw, 900px\" srcset=\"https:\/\/www.automakers.cz\/wp-content\/uploads\/2024\/01\/Fiat-Hermansky-900x506.jpg 900w, https:\/\/www.automakers.cz\/wp-content\/uploads\/2024\/01\/Fiat-Hermansky-1024x576.jpg 1024w, https:\/\/www.automakers.cz\/wp-content\/uploads\/2024\/01\/Fiat-Hermansky-768x432.jpg 768w, https:\/\/www.automakers.cz\/wp-content\/uploads\/2024\/01\/Fiat-Hermansky-1536x863.jpg 1536w, https:\/\/www.automakers.cz\/wp-content\/uploads\/2024\/01\/Fiat-Hermansky-1280x720.jpg 1280w, https:\/\/www.automakers.cz\/wp-content\/uploads\/2024\/01\/Fiat-Hermansky.jpg 2048w\" alt=\"\" width=\"900\" height=\"506\" \/><figcaption id=\"caption-attachment-1587\" class=\"wp-caption-text\"><strong>Jarom\u00edr He\u0159mansk\u00fd p\u0159ibl\u00ed\u017eil situaci F Automobil Importu ve Wine Foodu<\/strong><\/figcaption><\/figure>\n<figure id=\"attachment_1826\" class=\"wp-caption alignnone\" aria-describedby=\"caption-attachment-1826\"><img loading=\"lazy\" decoding=\"async\" class=\"size-medium wp-image-1826\" src=\"http:\/\/www.automakers.cz\/wp-content\/uploads\/2024\/01\/BMW_3_Haidinger-900x469.jpg\" sizes=\"auto, (max-width: 900px) 100vw, 900px\" srcset=\"https:\/\/www.automakers.cz\/wp-content\/uploads\/2024\/01\/BMW_3_Haidinger-900x469.jpg 900w, https:\/\/www.automakers.cz\/wp-content\/uploads\/2024\/01\/BMW_3_Haidinger-1024x533.jpg 1024w, https:\/\/www.automakers.cz\/wp-content\/uploads\/2024\/01\/BMW_3_Haidinger-768x400.jpg 768w, https:\/\/www.automakers.cz\/wp-content\/uploads\/2024\/01\/BMW_3_Haidinger-1536x800.jpg 1536w, https:\/\/www.automakers.cz\/wp-content\/uploads\/2024\/01\/BMW_3_Haidinger-2048x1066.jpg 2048w\" alt=\"\" width=\"900\" height=\"469\" \/><figcaption id=\"caption-attachment-1826\" class=\"wp-caption-text\"><strong>Bilan\u010dku BMW a MINI svolal mluv\u010d\u00ed zna\u010dky David Haidinger do Ko\u0161\u00ed\u0159<\/strong><\/figcaption><\/figure>\n<p>&nbsp;<\/p>\n<figure id=\"attachment_1310\" class=\"wp-caption alignnone\" aria-describedby=\"caption-attachment-1310\"><img loading=\"lazy\" decoding=\"async\" class=\"size-medium wp-image-1310\" src=\"http:\/\/www.automakers.cz\/wp-content\/uploads\/2024\/01\/MG-Kralicek-Joglova-Vodicka-1-900x675.jpg\" sizes=\"auto, (max-width: 900px) 100vw, 900px\" srcset=\"https:\/\/www.automakers.cz\/wp-content\/uploads\/2024\/01\/MG-Kralicek-Joglova-Vodicka-1-900x675.jpg 900w, https:\/\/www.automakers.cz\/wp-content\/uploads\/2024\/01\/MG-Kralicek-Joglova-Vodicka-1-1024x768.jpg 1024w, https:\/\/www.automakers.cz\/wp-content\/uploads\/2024\/01\/MG-Kralicek-Joglova-Vodicka-1-768x576.jpg 768w, https:\/\/www.automakers.cz\/wp-content\/uploads\/2024\/01\/MG-Kralicek-Joglova-Vodicka-1-1536x1152.jpg 1536w, https:\/\/www.automakers.cz\/wp-content\/uploads\/2024\/01\/MG-Kralicek-Joglova-Vodicka-1.jpg 2040w\" alt=\"\" width=\"900\" height=\"675\" \/><figcaption id=\"caption-attachment-1310\" class=\"wp-caption-text\"><strong>\u0160\u00e9f MG Martin Kr\u00e1l\u00ed\u010dek a market\u00e9r Marek Vodi\u010dka vyhl\u00e1sili ofenzivu v Bastionu<\/strong><\/figcaption><\/figure>\n<figure id=\"attachment_1755\" class=\"wp-caption alignnone\" aria-describedby=\"caption-attachment-1755\"><img loading=\"lazy\" decoding=\"async\" class=\"size-medium wp-image-1755\" src=\"http:\/\/www.automakers.cz\/wp-content\/uploads\/2024\/01\/Audi-TK-2024-Archleb-Savoy-900x675.jpg\" sizes=\"auto, (max-width: 900px) 100vw, 900px\" srcset=\"https:\/\/www.automakers.cz\/wp-content\/uploads\/2024\/01\/Audi-TK-2024-Archleb-Savoy-900x675.jpg 900w, https:\/\/www.automakers.cz\/wp-content\/uploads\/2024\/01\/Audi-TK-2024-Archleb-Savoy-1024x768.jpg 1024w, https:\/\/www.automakers.cz\/wp-content\/uploads\/2024\/01\/Audi-TK-2024-Archleb-Savoy-768x576.jpg 768w, https:\/\/www.automakers.cz\/wp-content\/uploads\/2024\/01\/Audi-TK-2024-Archleb-Savoy-1536x1152.jpg 1536w, https:\/\/www.automakers.cz\/wp-content\/uploads\/2024\/01\/Audi-TK-2024-Archleb-Savoy.jpg 2040w\" alt=\"\" width=\"900\" height=\"675\" \/><figcaption id=\"caption-attachment-1755\" class=\"wp-caption-text\"><strong>Vedouc\u00ed Audi Marcel Archleb p\u0159ipomn\u011bl novin\u00e1\u0159\u016fm \u010d\u00edsla ve \u0160pindlu<\/strong><\/figcaption><\/figure>\n<figure id=\"attachment_1504\" class=\"wp-caption alignnone\" aria-describedby=\"caption-attachment-1504\"><img loading=\"lazy\" decoding=\"async\" class=\"size-medium wp-image-1504\" src=\"http:\/\/www.automakers.cz\/wp-content\/uploads\/2024\/01\/Mitsubishi-Silhavy-PR-vymena-900x675.jpg\" sizes=\"auto, (max-width: 900px) 100vw, 900px\" srcset=\"https:\/\/www.automakers.cz\/wp-content\/uploads\/2024\/01\/Mitsubishi-Silhavy-PR-vymena-900x675.jpg 900w, https:\/\/www.automakers.cz\/wp-content\/uploads\/2024\/01\/Mitsubishi-Silhavy-PR-vymena-1024x768.jpg 1024w, https:\/\/www.automakers.cz\/wp-content\/uploads\/2024\/01\/Mitsubishi-Silhavy-PR-vymena-768x576.jpg 768w, https:\/\/www.automakers.cz\/wp-content\/uploads\/2024\/01\/Mitsubishi-Silhavy-PR-vymena-1536x1152.jpg 1536w, https:\/\/www.automakers.cz\/wp-content\/uploads\/2024\/01\/Mitsubishi-Silhavy-PR-vymena.jpg 2040w\" alt=\"\" width=\"900\" height=\"675\" \/><figcaption id=\"caption-attachment-1504\" class=\"wp-caption-text\"><strong>\u0160\u00e9f Mitsubishi Kamil \u0160ilhav\u00fd ohl\u00e1sil v\u00fdsledky ve Volcano Resort<\/strong><\/figcaption><\/figure>\n<p><img loading=\"lazy\" decoding=\"async\" class=\"alignnone size-medium wp-image-1654\" src=\"http:\/\/www.automakers.cz\/wp-content\/uploads\/2024\/01\/Subaru-prodej-2023-900x675.jpg\" sizes=\"auto, (max-width: 900px) 100vw, 900px\" srcset=\"https:\/\/www.automakers.cz\/wp-content\/uploads\/2024\/01\/Subaru-prodej-2023-900x675.jpg 900w, https:\/\/www.automakers.cz\/wp-content\/uploads\/2024\/01\/Subaru-prodej-2023-1024x768.jpg 1024w, https:\/\/www.automakers.cz\/wp-content\/uploads\/2024\/01\/Subaru-prodej-2023-768x576.jpg 768w, https:\/\/www.automakers.cz\/wp-content\/uploads\/2024\/01\/Subaru-prodej-2023-1536x1152.jpg 1536w, https:\/\/www.automakers.cz\/wp-content\/uploads\/2024\/01\/Subaru-prodej-2023.jpg 2040w\" alt=\"\" width=\"900\" height=\"675\" \/><strong>Zden\u011bk Zikmund analyzoval situaci Subaru \u010cR na Letn\u00ed sc\u00e9n\u011b ve Vod\u011br\u00e1dk\u00e1ch<\/strong><\/p>\n<p><strong>D\u00c1LE:<\/strong><\/p>\n<p><strong>Setk\u00e1n\u00ed \u0161\u00e9fredaktor\u016f<\/strong> s mana\u017eery\u00a0 Volkswagen Financial Services<\/p>\n","protected":false},"excerpt":{"rendered":"<p>B\u0159eznov\u00fd ti\u0161t\u011bn\u00fd Import\u00e9rsk\u00fd speci\u00e1l Automakers p\u0159inese p\u0159ehled bilan\u010dn\u00edch tiskovek, s koncem \u00fanora jsme uzav\u0159eli tak\u00e9&#8230;<\/p>\n","protected":false},"author":1,"featured_media":1885,"comment_status":"closed","ping_status":"closed","sticky":false,"template":"","format":"standard","meta":{"footnotes":""},"categories":[11,71,49],"tags":[],"class_list":["post-2617","post","type-post","status-publish","format-standard","has-post-thumbnail","hentry","category-importeri","category-interview","category-media"],"_links":{"self":[{"href":"https:\/\/www.automakers.cz\/index.php?rest_route=\/wp\/v2\/posts\/2617","targetHints":{"allow":["GET"]}}],"collection":[{"href":"https:\/\/www.automakers.cz\/index.php?rest_route=\/wp\/v2\/posts"}],"about":[{"href":"https:\/\/www.automakers.cz\/index.php?rest_route=\/wp\/v2\/types\/post"}],"author":[{"embeddable":true,"href":"https:\/\/www.automakers.cz\/index.php?rest_route=\/wp\/v2\/users\/1"}],"replies":[{"embeddable":true,"href":"https:\/\/www.automakers.cz\/index.php?rest_route=%2Fwp%2Fv2%2Fcomments&post=2617"}],"version-history":[{"count":15,"href":"https:\/\/www.automakers.cz\/index.php?rest_route=\/wp\/v2\/posts\/2617\/revisions"}],"predecessor-version":[{"id":2635,"href":"https:\/\/www.automakers.cz\/index.php?rest_route=\/wp\/v2\/posts\/2617\/revisions\/2635"}],"wp:featuredmedia":[{"embeddable":true,"href":"https:\/\/www.automakers.cz\/index.php?rest_route=\/wp\/v2\/media\/1885"}],"wp:attachment":[{"href":"https:\/\/www.automakers.cz\/index.php?rest_route=%2Fwp%2Fv2%2Fmedia&parent=2617"}],"wp:term":[{"taxonomy":"category","embeddable":true,"href":"https:\/\/www.automakers.cz\/index.php?rest_route=%2Fwp%2Fv2%2Fcategories&post=2617"},{"taxonomy":"post_tag","embeddable":true,"href":"https:\/\/www.automakers.cz\/index.php?rest_route=%2Fwp%2Fv2%2Ftags&post=2617"}],"curies":[{"name":"wp","href":"https:\/\/api.w.org\/{rel}","templated":true}]}}