{"id":2647,"date":"2024-03-05T09:29:18","date_gmt":"2024-03-05T09:29:18","guid":{"rendered":"https:\/\/www.automakers.cz\/?p=2647"},"modified":"2024-03-05T09:31:55","modified_gmt":"2024-03-05T09:31:55","slug":"volkswagen-zastavil-vyrobu-v-emdenu","status":"publish","type":"post","link":"https:\/\/www.automakers.cz\/?p=2647","title":{"rendered":"Volkswagen zastavil v\u00fdrobu v Emdenu"},"content":{"rendered":"<p><strong>Tov\u00e1rna Volkswagenu na v\u00fdrobu elektromobil\u016f v n\u011bmeck\u00e9m Emdenu u\u017e p\u011bt dn\u00ed stoj\u00ed. Chyb\u00ed sou\u010d\u00e1stky od jednoho z dodavatel\u016f.<\/strong><!--more--><\/p>\n<p>&#8222;Emdensk\u00fd Volkswagen-Werk nebude cel\u00fd n\u00e1sleduj\u00edc\u00ed t\u00fdden fungovat, chyb\u00ed n\u00e1m d\u00edly,&#8220; potvrdila o v\u00edkendu n\u011bmeck\u00e9mu tisku mluv\u010d\u00ed z\u00e1vodu.<\/p>\n<p>Tov\u00e1rna v Emdenu existuje od roku 1960, jako prvn\u00ed model tam sjel z v\u00fdrobn\u00edho p\u00e1su VW K\u00e4fer. Od roku 2019 slou\u017e\u00ed k mont\u00e1\u017ei vozidel na elektromobiln\u00ed platform\u011b, nap\u0159\u00edklad modelu ID.4.<\/p>\n<p><strong>Zdroj: Automobilwoche.de<\/strong><\/p>\n","protected":false},"excerpt":{"rendered":"<p>Tov\u00e1rna Volkswagenu na v\u00fdrobu elektromobil\u016f v n\u011bmeck\u00e9m Emdenu u\u017e p\u011bt dn\u00ed stoj\u00ed. Chyb\u00ed sou\u010d\u00e1stky od&#8230;<\/p>\n","protected":false},"author":1,"featured_media":527,"comment_status":"closed","ping_status":"closed","sticky":false,"template":"","format":"standard","meta":{"footnotes":""},"categories":[9,18],"tags":[],"class_list":["post-2647","post","type-post","status-publish","format-standard","has-post-thumbnail","hentry","category-elektromobily","category-vyroba"],"_links":{"self":[{"href":"https:\/\/www.automakers.cz\/index.php?rest_route=\/wp\/v2\/posts\/2647","targetHints":{"allow":["GET"]}}],"collection":[{"href":"https:\/\/www.automakers.cz\/index.php?rest_route=\/wp\/v2\/posts"}],"about":[{"href":"https:\/\/www.automakers.cz\/index.php?rest_route=\/wp\/v2\/types\/post"}],"author":[{"embeddable":true,"href":"https:\/\/www.automakers.cz\/index.php?rest_route=\/wp\/v2\/users\/1"}],"replies":[{"embeddable":true,"href":"https:\/\/www.automakers.cz\/index.php?rest_route=%2Fwp%2Fv2%2Fcomments&post=2647"}],"version-history":[{"count":2,"href":"https:\/\/www.automakers.cz\/index.php?rest_route=\/wp\/v2\/posts\/2647\/revisions"}],"predecessor-version":[{"id":2649,"href":"https:\/\/www.automakers.cz\/index.php?rest_route=\/wp\/v2\/posts\/2647\/revisions\/2649"}],"wp:featuredmedia":[{"embeddable":true,"href":"https:\/\/www.automakers.cz\/index.php?rest_route=\/wp\/v2\/media\/527"}],"wp:attachment":[{"href":"https:\/\/www.automakers.cz\/index.php?rest_route=%2Fwp%2Fv2%2Fmedia&parent=2647"}],"wp:term":[{"taxonomy":"category","embeddable":true,"href":"https:\/\/www.automakers.cz\/index.php?rest_route=%2Fwp%2Fv2%2Fcategories&post=2647"},{"taxonomy":"post_tag","embeddable":true,"href":"https:\/\/www.automakers.cz\/index.php?rest_route=%2Fwp%2Fv2%2Ftags&post=2647"}],"curies":[{"name":"wp","href":"https:\/\/api.w.org\/{rel}","templated":true}]}}