{"id":2650,"date":"2024-03-05T09:44:05","date_gmt":"2024-03-05T09:44:05","guid":{"rendered":"https:\/\/www.automakers.cz\/?p=2650"},"modified":"2024-03-05T09:45:00","modified_gmt":"2024-03-05T09:45:00","slug":"ministr-skolstvi-navstivil-institut-42-prague","status":"publish","type":"post","link":"https:\/\/www.automakers.cz\/?p=2650","title":{"rendered":"Ministr \u0161kolstv\u00ed nav\u0161t\u00edvil institut 42 Prague"},"content":{"rendered":"<p><strong>Zapsan\u00fd \u00fastav\u00a042 Prague ve st\u0159edu 28. \u00fanora nav\u0161t\u00edvil ministr \u0161kolstv\u00ed, ml\u00e1de\u017ee a t\u011blov\u00fdchovy doc. PhDr. Mikul\u00e1\u0161 Bek, Ph.D., aby se sezn\u00e1mil s\u00a0origin\u00e1ln\u00edm konceptem studia a\u00a0zam\u011b\u0159en\u00edm na nov\u011b vznikaj\u00edc\u00ed pozice v\u00a0oblasti IT.<\/strong> <!--more--><\/p>\n<p>Ministra p\u0159iv\u00edtali Maren Gr\u00e4f, \u010dlenka p\u0159edstavenstva spole\u010dnosti \u0160koda Auto za\u00a0oblast Lid\u00e9 a kultura, a Jaroslav Pov\u0161\u00edk, p\u0159edseda podnikov\u00e9 rady Odbor\u016f KOVO. Automobilka je zakladatelem\u00a0a jedn\u00edm z hlavn\u00edch partner\u016f 42 Prague.<\/p>\n<p>Studium na institutu vede uchaze\u010de jak k\u00a0samostatnosti, tak k\u00a0podpo\u0159e spolupr\u00e1ce v\u00a0t\u00fdmu a je zavr\u0161eno\u00a0<a href=\"https:\/\/skoda-infolinks.seurl.cz\/public\/open\/nlink\/?u=80b9b2c6-8891-11ea-955a-ac1f6bc402ac&amp;c=c7f791df-1795-11eb-b872-ac1f6ba555ed&amp;l=07885fa4-da1f-11ee-be42-3cecef38fd8f&amp;sid=2ccbcb197f8140c9aa83c4803e024d40\" target=\"_blank\" rel=\"noopener noreferrer\">mezin\u00e1rodn\u011b uzn\u00e1van\u00fdmi profesn\u00edmi certifik\u00e1ty<\/a>\u00a0\u201eDesign\u00e9r a v\u00fdvoj\u00e1\u0159 IT\u00a0\u0159e\u0161en\u00ed\u201c, p\u0159\u00edpadn\u011b \u201eExpert v oblasti IT architektury\u201c.<\/p>\n<p>Tato osv\u011bd\u010den\u00ed spl\u0148uj\u00ed kvalifika\u010dn\u00ed po\u017eadavky platn\u00e9 v Evropsk\u00e9 unii, co\u017e absolvent\u016fm usnad\u0148uje uplatn\u011bn\u00ed v\u00a0\u017e\u00e1dan\u00fdch oborech i\u00a0v\u00a0mezin\u00e1rodn\u00edm prost\u0159ed\u00ed.<\/p>\n<p><strong>Zdroj: \u0160koda Auto<\/strong><\/p>\n","protected":false},"excerpt":{"rendered":"<p>Zapsan\u00fd \u00fastav\u00a042 Prague ve st\u0159edu 28. \u00fanora nav\u0161t\u00edvil ministr \u0161kolstv\u00ed, ml\u00e1de\u017ee a t\u011blov\u00fdchovy doc. PhDr&#8230;.<\/p>\n","protected":false},"author":1,"featured_media":2652,"comment_status":"closed","ping_status":"closed","sticky":false,"template":"","format":"standard","meta":{"footnotes":""},"categories":[26,46],"tags":[],"class_list":["post-2650","post","type-post","status-publish","format-standard","has-post-thumbnail","hentry","category-eventy","category-vzdelani"],"_links":{"self":[{"href":"https:\/\/www.automakers.cz\/index.php?rest_route=\/wp\/v2\/posts\/2650","targetHints":{"allow":["GET"]}}],"collection":[{"href":"https:\/\/www.automakers.cz\/index.php?rest_route=\/wp\/v2\/posts"}],"about":[{"href":"https:\/\/www.automakers.cz\/index.php?rest_route=\/wp\/v2\/types\/post"}],"author":[{"embeddable":true,"href":"https:\/\/www.automakers.cz\/index.php?rest_route=\/wp\/v2\/users\/1"}],"replies":[{"embeddable":true,"href":"https:\/\/www.automakers.cz\/index.php?rest_route=%2Fwp%2Fv2%2Fcomments&post=2650"}],"version-history":[{"count":3,"href":"https:\/\/www.automakers.cz\/index.php?rest_route=\/wp\/v2\/posts\/2650\/revisions"}],"predecessor-version":[{"id":2654,"href":"https:\/\/www.automakers.cz\/index.php?rest_route=\/wp\/v2\/posts\/2650\/revisions\/2654"}],"wp:featuredmedia":[{"embeddable":true,"href":"https:\/\/www.automakers.cz\/index.php?rest_route=\/wp\/v2\/media\/2652"}],"wp:attachment":[{"href":"https:\/\/www.automakers.cz\/index.php?rest_route=%2Fwp%2Fv2%2Fmedia&parent=2650"}],"wp:term":[{"taxonomy":"category","embeddable":true,"href":"https:\/\/www.automakers.cz\/index.php?rest_route=%2Fwp%2Fv2%2Fcategories&post=2650"},{"taxonomy":"post_tag","embeddable":true,"href":"https:\/\/www.automakers.cz\/index.php?rest_route=%2Fwp%2Fv2%2Ftags&post=2650"}],"curies":[{"name":"wp","href":"https:\/\/api.w.org\/{rel}","templated":true}]}}