{"id":2669,"date":"2024-03-06T07:48:59","date_gmt":"2024-03-06T07:48:59","guid":{"rendered":"https:\/\/www.automakers.cz\/?p=2669"},"modified":"2024-03-06T07:50:10","modified_gmt":"2024-03-06T07:50:10","slug":"nemeckou-teslu-zastavil-zharsky-utok","status":"publish","type":"post","link":"https:\/\/www.automakers.cz\/?p=2669","title":{"rendered":"Vulkangruppe za\u00fato\u010dila na n\u011bmeckou Teslu"},"content":{"rendered":"<p class=\"b_aQ f_iv speakable\" data-dot=\"ogm-article-perex\"><strong>Tov\u00e1rna Tesly nedaleko Berl\u00edna v \u00fater\u00fd zastavila kv\u016fli v\u00fdpadku proudu v\u00fdrobu. Z\u00e1vod u obce Gr\u00fcnheide byl evakuov\u00e1n, firma poslala dom\u016f tis\u00edce zam\u011bstnanc\u016f, \u0159ekla agentu\u0159e DPA mluv\u010d\u00ed spole\u010dnosti.<\/strong> <!--more--><\/p>\n<p class=\"b_aQ f_iv speakable\" data-dot=\"ogm-article-perex\">V oblasti pobl\u00ed\u017e tov\u00e1rny Tesly zp\u016fsobil p\u0159edt\u00edm rozs\u00e1hl\u00fd v\u00fdpadek proudu ho\u0159\u00edc\u00ed sloup elektrick\u00e9ho veden\u00ed. Elekt\u0159inu nem\u011bla i \u0159ada n\u011bmeck\u00fdch dom\u00e1cnost\u00ed v okol\u00ed, p\u0159\u00edvod se ale po poledni poda\u0159ilo obnovit. Policie m\u00e1 podez\u0159en\u00ed, \u017ee jde o \u017eh\u00e1\u0159stv\u00ed.<\/p>\n<p class=\"b_aQ f_iv speakable\" data-dot=\"ogm-article-perex\">K sabot\u00e1\u017ei Tesly se pozd\u011bji p\u0159ihl\u00e1sili n\u011bme\u010dt\u00ed levicov\u00ed radik\u00e1lov\u00e9. Braniborsk\u00fd soci\u00e1ln\u011bdemokratick\u00fd premi\u00e9r Dietmar Woidke jejich \u010din odsoudil a ozna\u010dil jej za formu terorismu.<\/p>\n<div class=\"ogm-container _60116e91fef1d683d7e3e83c\">\n<div class=\"f_it\" data-e2e=\"ogm-article-layout\">\n<article class=\"f_i7\" role=\"article\" aria-labelledby=\"accessibility-article\">\n<div class=\"f_i8\" data-dot=\"ogm-article-content\">\n<div class=\"d_fa mol-rich-content--for-article\">\n<div class=\"d_aQ speakable\" data-dot=\"mol-paragraph\">\n<p class=\"b_aQ\"><span class=\"atm-text-decorator\">Skupina, kter\u00e1 se \u0159\u00edk\u00e1 Vulkangruppe, se v dopise p\u0159ihl\u00e1sila k \u201e\u00fatoku na elektrickou s\u00ed\u0165\u201c pobl\u00ed\u017e tov\u00e1rny Tesly. \u201eDnes jsme sabotovali Teslu,\u201c stoj\u00ed v jejich psan\u00ed. Firmu obvi\u0148uj\u00ed z extr\u00e9mn\u00edho vyko\u0159is\u0165ov\u00e1n\u00ed a po\u017eaduj\u00ed \u201e\u00fapln\u00e9 zni\u010den\u00ed tov\u00e1rny gigafactory\u201c. \u201eTesla spot\u0159ebov\u00e1v\u00e1 zemi, zdroje, lidi, pracovn\u00edky, a na opl\u00e1tku ka\u017ed\u00fd t\u00fdden vyplivne 6 000 SUV, zabij\u00e1ck\u00fdch aut a monster truck\u016f,\u201c napsali.<\/span><\/p>\n<\/div>\n<div class=\"d_aQ speakable\" data-dot=\"mol-paragraph\">\n<p class=\"b_aQ\"><span class=\"atm-text-decorator\">Vulkangruppe je n\u011bmeck\u00e9 policii zn\u00e1m\u00e1. Ta ji u\u017e v\u00a0roce 2021\u00a0podez\u0159\u00edvala ze \u017eh\u00e1\u0159sk\u00e9ho \u00fatoku na p\u0159\u00edvod elekt\u0159iny do staveni\u0161t\u011b Tesly. \u010clenov\u00e9 skupiny tehdy na radik\u00e1ln\u011b levicov\u00e9m webu Indymedia.org Teslu obvinili, \u017ee nen\u00ed ani zelen\u00e1, ani ekologick\u00e1, ani soci\u00e1ln\u00ed.<\/span><\/p>\n<\/div>\n<div class=\"d_gC js-ad d_bF\">\n<p class=\"b_aQ\"><span class=\"atm-text-decorator\">\u201eVy\u0161et\u0159ov\u00e1n\u00ed se ub\u00edr\u00e1 v\u0161emi sm\u011bry,\u201c uvedla k mo\u017en\u00e9 p\u0159\u00ed\u010din\u011b v\u00fdpadku policie. \u201eProv\u011b\u0159ujeme prvotn\u00ed podez\u0159en\u00ed, \u017ee \u0161lo o \u00famysln\u00e9 zap\u00e1len\u00ed,\u201c \u0159ekl pozd\u011bji policejn\u00ed mluv\u010d\u00ed a dodal, \u017ee na uha\u0161en\u00ed po\u017e\u00e1ru v oblasti jihov\u00fdchodn\u011b od n\u011bmeck\u00e9ho hlavn\u00edho m\u011bsta pracuj\u00ed hasi\u010di. Do samotn\u00e9ho z\u00e1vodu Tesly se po\u017e\u00e1r neroz\u0161\u00ed\u0159il.<\/span><\/p>\n<\/div>\n<div class=\"d_aQ speakable\" data-dot=\"mol-paragraph\">\n<p class=\"b_aQ\"><span class=\"atm-text-decorator\">Tesla sd\u011blila, \u017ee p\u0159ijala ve\u0161ker\u00e1 opat\u0159en\u00ed k zabezpe\u010den\u00ed v\u00fdrobn\u00edch za\u0159\u00edzen\u00ed. Po konzultaci s dodavatelem elekt\u0159iny, spole\u010dnost\u00ed Edis, automobilka rychl\u00e9 obnoven\u00ed v\u00fdroby nep\u0159edpokl\u00e1d\u00e1. Zpravodajsk\u00fd server BZ uv\u00e1d\u00ed, \u017ee \u0161kody p\u016fjdou do milion\u016f eur.<\/span><\/p>\n<\/div>\n<div class=\"d_aQ speakable\" data-dot=\"mol-paragraph\">\n<p class=\"b_aQ\"><span class=\"atm-text-decorator\">Podle policie byli hasi\u010di k\u00a0po\u017e\u00e1ru v\u00a0oblasti Gosen-Neu Zittau u\u00a0Berl\u00edna p\u0159ivol\u00e1ni kolem 05:15\u00a0SE\u010c. Po\u017e\u00e1r podle policejn\u00edho mluv\u010d\u00edho Rolanda Kamenze zp\u016fsobil v\u00fdpadek proudu v\u00a0okol\u00ed. Dot\u010den\u00fd sloup elektrick\u00e9ho veden\u00ed st\u00e1l voln\u011b na poli, dodal mluv\u010d\u00ed. Po vyhl\u00e1\u0161en\u00ed po\u017e\u00e1rn\u00edho poplachu policie r\u00e1no nasadila tak\u00e9 policejn\u00ed vrtuln\u00edk.<\/span><\/p>\n<\/div>\n<div class=\"d_aQ speakable\" data-dot=\"mol-paragraph\">\n<p class=\"b_aQ\"><span class=\"atm-text-decorator\">K dotazu, zda v\u00fdpadek proudu nem\u016f\u017ee souviset s\u00a0protesty v\u00a0okol\u00ed are\u00e1lu tov\u00e1rny Tesla, se \u00fa\u0159ady necht\u011bly vyj\u00e1d\u0159it. \u010c\u00e1st st\u00e1tn\u00edho lesa v\u00a0Braniborsku pobl\u00ed\u017e tov\u00e1rny Tesly obsadilo od minul\u00e9ho \u010dtvrtka zhruba 80\u00a0a\u017e 100\u00a0ekologick\u00fdch aktivist\u016f. Protestuj\u00ed proti z\u00e1m\u011bru firmy les vyk\u00e1cet, pokud by se are\u00e1l Tesly roz\u0161i\u0159oval. Aktivist\u00e9 si na stromech postavili provizorn\u00ed obydl\u00ed a\u00a0ozn\u00e1mili, \u017ee hodlaj\u00ed vydr\u017eet co nejd\u00e9le. Proti pl\u00e1n\u016fm na roz\u0161\u00ed\u0159en\u00ed Tesly se vyslovila tak\u00e9 ob\u010dansk\u00e1 iniciativa Gr\u00fcnheide, kter\u00e1 se squattery projevuje solidaritu.<\/span><\/p>\n<\/div>\n<div class=\"d_aQ speakable\" data-dot=\"mol-paragraph\">\n<p class=\"b_aQ\"><span class=\"atm-text-decorator\">Zpravodajsk\u00fd server BZ d\u0159\u00edve uvedl, \u017ee se na m\u00edsto p\u0159esouvaj\u00ed pyrotechnici. Podle policejn\u00edho dispe\u010dinku objevili vedle ho\u0159\u00edc\u00edho transform\u00e1toru stan ekologick\u00fdch aktivist\u016f s\u00a0v\u00fdstra\u017en\u00fdm n\u00e1pisem: \u201eZde je zakop\u00e1na v\u00fdbu\u0161n\u00e1 munice!\u201c Bez proudu bylo dnes r\u00e1no i\u00a0pobl\u00ed\u017e le\u017e\u00edc\u00ed m\u011bsto Erkner s\u00a012\u00a0000\u00a0obyvateli a\u00a0jihov\u00fdchodn\u00ed \u010d\u00e1st Berl\u00edna, uvedl BZ.<\/span><\/p>\n<\/div>\n<div class=\"d_aQ speakable\" data-dot=\"mol-paragraph\">\n<p class=\"b_aQ\"><span class=\"atm-text-decorator\">\u201e\u00datoky na na\u0161i kritickou infrastrukturu jsou formou terorismu,\u201c uvedl dnes braniborsk\u00fd ministersk\u00fd p\u0159edseda. \u201ePokud se podez\u0159en\u00ed na teroristick\u00fd \u00fatok potvrd\u00ed, bude muset vy\u0161et\u0159ov\u00e1n\u00ed p\u0159evz\u00edt spolkov\u00e9 gener\u00e1ln\u00ed st\u00e1tn\u00ed zastupitelstv\u00ed,\u201c dodal Woidke.<\/span><\/p>\n<\/div>\n<div class=\"d_aQ speakable\" data-dot=\"mol-paragraph\">\n<p class=\"b_aQ\"><span class=\"atm-text-decorator\">Tesla zah\u00e1jila v\u00fdrobu v n\u011bmeck\u00e9 tov\u00e1rn\u011b p\u0159ed t\u00e9m\u011b\u0159 dv\u011bma roky. Je to jej\u00ed jedin\u00e1 tov\u00e1rna na evropsk\u00e9m kontinent\u011b, firma tam p\u0159i pln\u00e9m provozu vyr\u00e1b\u00ed 6 000 voz\u016f t\u00fddn\u011b a zam\u011bstn\u00e1v\u00e1 12 500 lid\u00ed. V budoucnosti pl\u00e1nuje Tesla zdvojn\u00e1sobit kapacitu z\u00e1vodu na 100 gigawatthodin v\u00fdroby bateri\u00ed a jeden milion voz\u016f ro\u010dn\u011b ze st\u00e1vaj\u00edc\u00edho zhruba p\u016fl milionu. Hodl\u00e1 tak z\u00edskat dominantn\u00ed postaven\u00ed na evropsk\u00e9m trhu.<\/span><\/p>\n<\/div>\n<div class=\"d_aQ speakable\" data-dot=\"mol-paragraph\">\n<p class=\"b_aQ\"><span class=\"atm-text-decorator\">Mluv\u010d\u00ed spolku Robin Wood, co\u017e je jedna ze skupin, kter\u00e9 proti roz\u0161\u00ed\u0159en\u00ed are\u00e1lu Tesly protestuj\u00ed, uvedl, \u017ee nev\u00ed, co mohlo b\u00fdt p\u0159\u00ed\u010dinou incidentu. \u201eJsme situac\u00ed naprosto zasko\u010deni,\u201c \u0159ekl agentu\u0159e Reuters do telefonu a\u00a0dodal, \u017ee \u00fapln\u00e9 prohl\u00e1\u0161en\u00ed vydaj\u00ed pozd\u011bji.<\/span><\/p>\n<\/div>\n<div class=\"d_aQ speakable\" data-dot=\"mol-paragraph\">\n<p class=\"b_aQ\"><span class=\"atm-text-decorator\">Ob\u010dan\u00e9 v\u00a0Gr\u00fcnheide minul\u00fd m\u011bs\u00edc hlasovali proti n\u00e1vrhu na vyk\u00e1cen\u00ed dostate\u010dn\u00e9 plochy lesa, aby Tesla mohla vybudovat dal\u0161\u00ed logistick\u00e9 prostory, jako je vlakov\u00e9 n\u00e1dra\u017e\u00ed a\u00a0sklady. Nyn\u00ed je na m\u00edstn\u00edch \u00fa\u0159adech, aby rozhodly, jak budou postupovat.<\/span><\/p>\n<\/div>\n<div class=\"d_aQ speakable\" data-dot=\"mol-paragraph\">\n<p class=\"b_aQ\"><span class=\"atm-text-decorator\">Probl\u00e9my se v\u00a0Gr\u00fcnheide objevily u\u017e na p\u0159elomu ledna a\u00a0\u00fanora. V\u00fdrobu tehdy naru\u0161il nedostatek sou\u010d\u00e1stek v\u00a0d\u016fsledku \u00fatok\u016f jemensk\u00fdch povstalc\u016f na plavidla v\u00a0Rud\u00e9m mo\u0159i.<\/span><\/p>\n<\/div>\n<div class=\"d_aQ speakable\" data-dot=\"mol-paragraph\">\n<p class=\"b_aQ\"><span class=\"atm-text-decorator\">Akcie Tesly dnes p\u0159ed polednem ztr\u00e1cely na burze ve Frankfurtu nad Mohanem v\u00edce ne\u017e t\u0159i procenta. Pozd\u011bji ztr\u00e1ty zm\u00edrnily a\u00a0prod\u00e1valy se kolem 170\u00a0eur za kus.<\/span><\/p>\n<p><strong>Zdroj: gar\u00e1\u017e.cz<\/strong><\/p>\n<\/div>\n<\/div>\n<\/div>\n<\/article>\n<\/div>\n<\/div>\n","protected":false},"excerpt":{"rendered":"<p>Tov\u00e1rna Tesly nedaleko Berl\u00edna v \u00fater\u00fd zastavila kv\u016fli v\u00fdpadku proudu v\u00fdrobu. Z\u00e1vod u obce Gr\u00fcnheide&#8230;<\/p>\n","protected":false},"author":1,"featured_media":923,"comment_status":"closed","ping_status":"closed","sticky":false,"template":"","format":"standard","meta":{"footnotes":""},"categories":[31,18],"tags":[],"class_list":["post-2669","post","type-post","status-publish","format-standard","has-post-thumbnail","hentry","category-news","category-vyroba"],"_links":{"self":[{"href":"https:\/\/www.automakers.cz\/index.php?rest_route=\/wp\/v2\/posts\/2669","targetHints":{"allow":["GET"]}}],"collection":[{"href":"https:\/\/www.automakers.cz\/index.php?rest_route=\/wp\/v2\/posts"}],"about":[{"href":"https:\/\/www.automakers.cz\/index.php?rest_route=\/wp\/v2\/types\/post"}],"author":[{"embeddable":true,"href":"https:\/\/www.automakers.cz\/index.php?rest_route=\/wp\/v2\/users\/1"}],"replies":[{"embeddable":true,"href":"https:\/\/www.automakers.cz\/index.php?rest_route=%2Fwp%2Fv2%2Fcomments&post=2669"}],"version-history":[{"count":3,"href":"https:\/\/www.automakers.cz\/index.php?rest_route=\/wp\/v2\/posts\/2669\/revisions"}],"predecessor-version":[{"id":2672,"href":"https:\/\/www.automakers.cz\/index.php?rest_route=\/wp\/v2\/posts\/2669\/revisions\/2672"}],"wp:featuredmedia":[{"embeddable":true,"href":"https:\/\/www.automakers.cz\/index.php?rest_route=\/wp\/v2\/media\/923"}],"wp:attachment":[{"href":"https:\/\/www.automakers.cz\/index.php?rest_route=%2Fwp%2Fv2%2Fmedia&parent=2669"}],"wp:term":[{"taxonomy":"category","embeddable":true,"href":"https:\/\/www.automakers.cz\/index.php?rest_route=%2Fwp%2Fv2%2Fcategories&post=2669"},{"taxonomy":"post_tag","embeddable":true,"href":"https:\/\/www.automakers.cz\/index.php?rest_route=%2Fwp%2Fv2%2Ftags&post=2669"}],"curies":[{"name":"wp","href":"https:\/\/api.w.org\/{rel}","templated":true}]}}