{"id":2688,"date":"2024-03-06T07:50:55","date_gmt":"2024-03-06T07:50:55","guid":{"rendered":"https:\/\/www.automakers.cz\/?p=2688"},"modified":"2024-03-06T08:44:53","modified_gmt":"2024-03-06T08:44:53","slug":"vlada-ma-pozemek-pro-gigafactory-na-karvinsku","status":"publish","type":"post","link":"https:\/\/www.automakers.cz\/?p=2688","title":{"rendered":"Vl\u00e1da m\u00e1 pozemek pro gigafactory na Karvinsku"},"content":{"rendered":"<div class=\"c_ke _608bd5f5042d89402533b190\">\n<p class=\"e_bo c_hx speakable\" data-dot=\"ogm-article-perex\"><strong>St\u00e1t chce v Moravskoslezsk\u00e9m kraji postavit novou tov\u00e1rnu na v\u00fdrobu bateri\u00ed do elektroaut za 200 miliard korun. M\u00e1 u\u017e pozemky, zat\u00edm ale nen\u00ed jasn\u00e9, s k\u00fdm o investici jedn\u00e1, p\u00ed\u0161e server iRozhlas.<\/strong><\/p>\n<\/div>\n<p><!--more--><\/p>\n<div class=\"c_ke _608bd6b73316103f15d31ccc\">\n<div class=\"c_c\" data-e2e=\"ogm-article-layout\">\n<article class=\"c_h2\" role=\"article\" aria-labelledby=\"accessibility-article\">\n<div class=\"c_ew\" data-dot=\"ogm-article-content\">\n<div class=\"g_ex mol-rich-content--for-article\">\n<div class=\"g_bo speakable\" data-dot=\"mol-paragraph\">\n<p class=\"e_bo\"><span class=\"atm-text-decorator\">St\u00e1t \u0159e\u0161\u00ed nab\u00eddku na v\u00fdstavbu nov\u00e9 \u201egigafactory\u201c, tedy velk\u00e9 tov\u00e1rny na v\u00fdrobu bateri\u00ed do elektroaut, p\u00ed\u0161e <a class=\"e_k\" href=\"https:\/\/www.irozhlas.cz\/zpravy-domov\/stat-chce-na-karvinsku-gigafactory-za-200-miliard-misto-neni-pro-prumysl-vhodne_2403060500_pik?fbclid=IwAR2HjcyQJkaM0wnpbXIIA8adv46tfvlq5hWbRxJihOIsuLrvhxyA4yirPUY\" target=\"_blank\" rel=\"noopener\">iRozhlas<\/a>. Podle jeho zji\u0161t\u011bn\u00ed \u010cesko zvolilo pro um\u00edst\u011bn\u00ed gigafactory rozs\u00e1hl\u00e9 zem\u011bd\u011blsk\u00e9 pozemky mezi Doln\u00ed Lutyn\u00ed a\u00a0V\u011b\u0159\u0148ovicemi v\u00a0Moravskoslezsk\u00e9m kraji. Informaci potvrdil tak\u00e9 mluv\u010d\u00ed Ministerstva pr\u016fmyslu a\u00a0obchodu Vojt\u011bch Srnka.<\/span><\/p>\n<\/div>\n<div class=\"g_bo speakable\" data-dot=\"mol-paragraph\">\n<p class=\"e_bo\"><span class=\"atm-text-decorator\">Z\u00e1jem o\u00a0investici projevila nadn\u00e1rodn\u00ed spole\u010dnost z\u00a0demokratick\u00e9 zem\u011b, ministerstvo nicm\u00e9n\u011b odm\u00edtlo podat detailn\u011bj\u0161\u00ed informace. Redakce iRozhlasu n\u00e1sledn\u011b oslovila hned n\u011bkolik firem, kter\u00e9 se v\u00fdrobou bateri\u00ed do elektromobil\u016f zab\u00fdvaj\u00ed\u00a0\u2013 LG, Volkswagen, Hyundai a\u00a0Samsung. \u017d\u00e1dn\u00e1 z\u00a0nich ale nepotvrdila, \u017ee by o\u00a0podobn\u00e9 investici se st\u00e1tem jednala.<\/span><\/p>\n<\/div>\n<div class=\"g_bo speakable\" data-dot=\"mol-paragraph\">\n<p class=\"e_bo\"><span class=\"atm-text-decorator\">St\u00e1t z\u00e1rove\u0148 nevlastn\u00ed v\u0161echny pozemky, na kter\u00fdch by p\u0159\u00edpadn\u011b cht\u011bl stav\u011bt. Bude je tedy muset vykoupit, co\u017e se podle Srnky eventu\u00e1ln\u011b stane a\u017e b\u011bhem takzvan\u00e9 p\u0159edprojektov\u00e9 p\u0159\u00edpravy. Probl\u00e9my mohou nastat i\u00a0kv\u016fli ploch\u00e1m v\u00a0okol\u00ed \u0159eky Ol\u0161e, kter\u00e9 jsou chr\u00e1n\u011bnou p\u0159\u00edrodn\u00ed oblast\u00ed. Vl\u00e1da si od projektu nicm\u00e9n\u011b slibuje rozs\u00e1hl\u00e9 investice ve v\u00fd\u0161i a\u017e 200\u00a0miliard korun a\u00a0a\u017e sedm\u00a0tis\u00edc pracovn\u00edch m\u00edst. \u201ePozitivn\u00ed vliv pro region je tedy nezpochybniteln\u00fd,\u201c popsal pro iRozhlas Srnka. Dodal, \u017ee i\u00a0proto je vl\u00e1da p\u0159ipravena vyvinout\u00a0velk\u00e9 \u00fasil\u00ed pro z\u00edsk\u00e1n\u00ed takov\u00e9ho projektu.<\/span><\/p>\n<\/div>\n<div class=\"g_ey\" data-dot=\"mol-self-promo\">\n<div class=\"g_gV js-ad g_bL\">\n<div class=\"d_jE\">\n<div class=\"d_d d_i\">\n<div class=\"d_e\">\n<div class=\"e_aC e_W e_-\">\n<p class=\"e_bo\"><span class=\"atm-text-decorator\">Pl\u00e1ny na v\u00fdstavbu tov\u00e1rny potvrdili i starostov\u00e9 okoln\u00edch obc\u00ed. Podle nich s sebou investice p\u0159inese jist\u00e1 pozitiva, obecn\u011b jsou ale k projektu skepti\u010dt\u00ed. <\/span><\/p>\n<p class=\"e_bo\"><span class=\"atm-text-decorator\">\u201eKa\u017ed\u00fd takov\u00fd z\u00e1jem v\u00edcem\u00e9n\u011b vesnici rozd\u011bl\u00ed. Jsou lid\u00e9, kte\u0159\u00ed jsou pro a kte\u0159\u00ed jsou proti. \u017d\u00e1dn\u00e9 nad\u0161en\u00ed nesd\u00edl\u00edm,\u201c \u0159ekl iRozhlasu starosta Doln\u00ed Lutyn\u011b Pavel Buzek s odkazem na \u0159adu dal\u0161\u00edch probl\u00e9m\u016f, kter\u00e9 s sebou investice p\u0159inese.<\/span><\/p>\n<p><strong>Zdroj: iRozhlas<\/strong><\/p>\n<\/div>\n<\/div>\n<\/div>\n<\/div>\n<\/div>\n<\/div>\n<\/div>\n<\/div>\n<\/article>\n<\/div>\n<\/div>\n","protected":false},"excerpt":{"rendered":"<p>St\u00e1t chce v Moravskoslezsk\u00e9m kraji postavit novou tov\u00e1rnu na v\u00fdrobu bateri\u00ed do elektroaut za 200&#8230;<\/p>\n","protected":false},"author":1,"featured_media":778,"comment_status":"closed","ping_status":"closed","sticky":false,"template":"","format":"standard","meta":{"footnotes":""},"categories":[3,31],"tags":[],"class_list":["post-2688","post","type-post","status-publish","format-standard","has-post-thumbnail","hentry","category-investice","category-news"],"_links":{"self":[{"href":"https:\/\/www.automakers.cz\/index.php?rest_route=\/wp\/v2\/posts\/2688","targetHints":{"allow":["GET"]}}],"collection":[{"href":"https:\/\/www.automakers.cz\/index.php?rest_route=\/wp\/v2\/posts"}],"about":[{"href":"https:\/\/www.automakers.cz\/index.php?rest_route=\/wp\/v2\/types\/post"}],"author":[{"embeddable":true,"href":"https:\/\/www.automakers.cz\/index.php?rest_route=\/wp\/v2\/users\/1"}],"replies":[{"embeddable":true,"href":"https:\/\/www.automakers.cz\/index.php?rest_route=%2Fwp%2Fv2%2Fcomments&post=2688"}],"version-history":[{"count":1,"href":"https:\/\/www.automakers.cz\/index.php?rest_route=\/wp\/v2\/posts\/2688\/revisions"}],"predecessor-version":[{"id":2689,"href":"https:\/\/www.automakers.cz\/index.php?rest_route=\/wp\/v2\/posts\/2688\/revisions\/2689"}],"wp:featuredmedia":[{"embeddable":true,"href":"https:\/\/www.automakers.cz\/index.php?rest_route=\/wp\/v2\/media\/778"}],"wp:attachment":[{"href":"https:\/\/www.automakers.cz\/index.php?rest_route=%2Fwp%2Fv2%2Fmedia&parent=2688"}],"wp:term":[{"taxonomy":"category","embeddable":true,"href":"https:\/\/www.automakers.cz\/index.php?rest_route=%2Fwp%2Fv2%2Fcategories&post=2688"},{"taxonomy":"post_tag","embeddable":true,"href":"https:\/\/www.automakers.cz\/index.php?rest_route=%2Fwp%2Fv2%2Ftags&post=2688"}],"curies":[{"name":"wp","href":"https:\/\/api.w.org\/{rel}","templated":true}]}}