{"id":2725,"date":"2024-03-07T12:29:24","date_gmt":"2024-03-07T12:29:24","guid":{"rendered":"https:\/\/www.automakers.cz\/?p=2725"},"modified":"2024-03-07T12:30:46","modified_gmt":"2024-03-07T12:30:46","slug":"jarov-otevrel-salon-skody-v-kunraticich","status":"publish","type":"post","link":"https:\/\/www.automakers.cz\/?p=2725","title":{"rendered":"Jarov otev\u0159el salon \u0160kody v Kunratic\u00edch"},"content":{"rendered":"<p><strong>Auto Jarov slavnostn\u011b otev\u0159elo autosalon v pra\u017esk\u00fdch Kunratic\u00edch, kter\u00fd jako prvn\u00ed v \u010cesku nese novou firemn\u00ed identitu \u0160koda Auto.<\/strong><!--more--><\/p>\n<p>Do designu se dv\u011bma odst\u00edny zelen\u00e9 barvy a dvourozm\u011brn\u00fdm logem postupn\u011b p\u0159ejde v\u0161ech 174 prodejn\u00edch m\u00edst \u0160koda Auto v \u010cesku a 4000 dealerstv\u00ed po cel\u00e9m sv\u011bt\u011b.<\/p>\n<p>Prodejn\u00ed prostory v Kunratic\u00edch obsahuj\u00ed koncept digit\u00e1ln\u00edho showroomu, kter\u00fd v na\u0161\u00ed s\u00edti rozv\u00edj\u00edme u\u017e od roku 2021.<\/p>\n<p>Z\u00e1kazn\u00edk si zde sv\u016fj p\u0159\u00ed\u0161t\u00ed v\u016fz navrhne a detailn\u011b prohl\u00e9dne ve virtu\u00e1ln\u00ed realit\u011b. Servis je vybaven\u00fd na elektromobilitu, v are\u00e1lu je k dispozici rychlonab\u00edjec\u00ed stanice a n\u011bkolik stojan\u016f 22kW. Nov\u00fd showroom tak\u00e9 poskytuje kvalitn\u00ed z\u00e1zem\u00ed programu certifikovan\u00fdch ojet\u00fdch voz\u016f \u0160koda Plus, kter\u00fd tvo\u0159\u00ed st\u00e1le v\u00fdznamn\u011bj\u0161\u00ed pil\u00ed\u0159 na\u0161eho byznysu.<\/p>\n<p><img loading=\"lazy\" decoding=\"async\" class=\"alignnone size-medium wp-image-2728\" src=\"http:\/\/www.automakers.cz\/wp-content\/uploads\/2024\/03\/Jarov-Kunratice-900x600.jpg\" alt=\"\" width=\"900\" height=\"600\" srcset=\"https:\/\/www.automakers.cz\/wp-content\/uploads\/2024\/03\/Jarov-Kunratice-900x600.jpg 900w, https:\/\/www.automakers.cz\/wp-content\/uploads\/2024\/03\/Jarov-Kunratice-1024x683.jpg 1024w, https:\/\/www.automakers.cz\/wp-content\/uploads\/2024\/03\/Jarov-Kunratice-768x512.jpg 768w, https:\/\/www.automakers.cz\/wp-content\/uploads\/2024\/03\/Jarov-Kunratice-1536x1024.jpg 1536w, https:\/\/www.automakers.cz\/wp-content\/uploads\/2024\/03\/Jarov-Kunratice.jpg 2048w\" sizes=\"auto, (max-width: 900px) 100vw, 900px\" \/><\/p>\n<p>&#8222;R\u00e1d bych pod\u011bkoval koleg\u016fm v Auto Jarov za skv\u011blou pr\u00e1ci a pop\u0159\u00e1l jim mnoho spokojen\u00fdch z\u00e1kazn\u00edk\u016f,&#8220; pop\u0159\u00e1l majitel\u016fm dealerstv\u00ed, bratr\u016fm Fojt\u00edk\u016fm, vedouc\u00ed \u0160koda \u010cR Ji\u0159\u00ed Mal\u00e1\u010dek.<\/p>\n<p><strong>Zdroj: LinkedIN, Ji\u0159\u00ed Mal\u00e1\u010dek<\/strong><\/p>\n<p><img loading=\"lazy\" decoding=\"async\" class=\"alignnone size-medium wp-image-2729\" src=\"http:\/\/www.automakers.cz\/wp-content\/uploads\/2024\/03\/Jarov-Malacek-tereza-900x594.jpg\" alt=\"\" width=\"900\" height=\"594\" srcset=\"https:\/\/www.automakers.cz\/wp-content\/uploads\/2024\/03\/Jarov-Malacek-tereza-900x594.jpg 900w, https:\/\/www.automakers.cz\/wp-content\/uploads\/2024\/03\/Jarov-Malacek-tereza-1024x676.jpg 1024w, https:\/\/www.automakers.cz\/wp-content\/uploads\/2024\/03\/Jarov-Malacek-tereza-768x507.jpg 768w, https:\/\/www.automakers.cz\/wp-content\/uploads\/2024\/03\/Jarov-Malacek-tereza-1536x1014.jpg 1536w, https:\/\/www.automakers.cz\/wp-content\/uploads\/2024\/03\/Jarov-Malacek-tereza.jpg 2048w\" sizes=\"auto, (max-width: 900px) 100vw, 900px\" \/><\/p>\n","protected":false},"excerpt":{"rendered":"<p>Auto Jarov slavnostn\u011b otev\u0159elo autosalon v pra\u017esk\u00fdch Kunratic\u00edch, kter\u00fd jako prvn\u00ed v \u010cesku nese novou&#8230;<\/p>\n","protected":false},"author":1,"featured_media":2727,"comment_status":"closed","ping_status":"closed","sticky":false,"template":"","format":"standard","meta":{"footnotes":""},"categories":[17,73],"tags":[],"class_list":["post-2725","post","type-post","status-publish","format-standard","has-post-thumbnail","hentry","category-dealeri","category-opening"],"_links":{"self":[{"href":"https:\/\/www.automakers.cz\/index.php?rest_route=\/wp\/v2\/posts\/2725","targetHints":{"allow":["GET"]}}],"collection":[{"href":"https:\/\/www.automakers.cz\/index.php?rest_route=\/wp\/v2\/posts"}],"about":[{"href":"https:\/\/www.automakers.cz\/index.php?rest_route=\/wp\/v2\/types\/post"}],"author":[{"embeddable":true,"href":"https:\/\/www.automakers.cz\/index.php?rest_route=\/wp\/v2\/users\/1"}],"replies":[{"embeddable":true,"href":"https:\/\/www.automakers.cz\/index.php?rest_route=%2Fwp%2Fv2%2Fcomments&post=2725"}],"version-history":[{"count":4,"href":"https:\/\/www.automakers.cz\/index.php?rest_route=\/wp\/v2\/posts\/2725\/revisions"}],"predecessor-version":[{"id":2732,"href":"https:\/\/www.automakers.cz\/index.php?rest_route=\/wp\/v2\/posts\/2725\/revisions\/2732"}],"wp:featuredmedia":[{"embeddable":true,"href":"https:\/\/www.automakers.cz\/index.php?rest_route=\/wp\/v2\/media\/2727"}],"wp:attachment":[{"href":"https:\/\/www.automakers.cz\/index.php?rest_route=%2Fwp%2Fv2%2Fmedia&parent=2725"}],"wp:term":[{"taxonomy":"category","embeddable":true,"href":"https:\/\/www.automakers.cz\/index.php?rest_route=%2Fwp%2Fv2%2Fcategories&post=2725"},{"taxonomy":"post_tag","embeddable":true,"href":"https:\/\/www.automakers.cz\/index.php?rest_route=%2Fwp%2Fv2%2Ftags&post=2725"}],"curies":[{"name":"wp","href":"https:\/\/api.w.org\/{rel}","templated":true}]}}