{"id":2739,"date":"2024-03-08T07:00:26","date_gmt":"2024-03-08T07:00:26","guid":{"rendered":"https:\/\/www.automakers.cz\/?p=2739"},"modified":"2024-03-11T04:16:46","modified_gmt":"2024-03-11T04:16:46","slug":"personalni-zmena-v-ceskem-nissanu","status":"publish","type":"post","link":"https:\/\/www.automakers.cz\/?p=2739","title":{"rendered":"Person\u00e1ln\u00ed zm\u011bna v \u010desk\u00e9m Nissanu"},"content":{"rendered":"<p><strong>Z dob\u0159e informovan\u00fdch zdroj\u016f z\u00edskal \u010dasopis Automakers dosud ofici\u00e1ln\u011b nepotvrzenou zpr\u00e1vu, \u017ee s b\u0159eznem skon\u010dil ve funkci gener\u00e1ln\u00edho \u0159editele Grand Automobile Central Europe Kft. (GACE) Vladim\u00edr Vo\u0161ick\u00fd.<\/strong><!--more--><\/p>\n<p>Podle vyj\u00e1d\u0159en\u00ed GACE, kter\u00e1 do \u010cR dov\u00e1\u017e\u00ed mimo jin\u00e9 Nissany, se v p\u0159\u00edpad\u011b Vladim\u00edra Vo\u0161ick\u00e9ho m\u011blo ale jednat o p\u0159edem pl\u00e1novan\u00fd krok, nebo\u0165 jeho anga\u017eov\u00e1n\u00ed bylo jen na \u010dasov\u011b omezen\u00fd projekt, s c\u00edlem upevn\u011bn\u00ed z\u00e1klad\u016f podnik\u00e1n\u00ed spole\u010dnosti GACE v \u010cesk\u00e9 republice.<\/p>\n<p>Funkci gener\u00e1ln\u00edho \u0159editele GACE zast\u00e1val od listopadu 2022 a \u0159\u00eddil nejen import automobil\u016f Nissan, ale tak\u00e9 strategii nadn\u00e1rodn\u00ed obchodn\u00ed spole\u010dnosti ve vztahu k\u00a0jej\u00ed pl\u00e1novan\u00e9 expanzi na \u010desk\u00fd trh.<\/p>\n<p>Kon\u010d\u00ed tak jeho patn\u00e1ctim\u011bs\u00ed\u010dn\u00ed mise s\u00a0t\u00edm, \u017ee nad\u00e1le nebude ani sou\u010d\u00e1st\u00ed t\u00fdmu GACE. Za tuto pom\u011brn\u011b kr\u00e1tkou dobu se mu poda\u0159ilo dos\u00e1hnout mnoha \u00fasp\u011bch\u016f a spolu se sv\u00fdm t\u00fdmem p\u0159isp\u011bl k\u00a0v\u00fdznamn\u00e9mu zlep\u0161en\u00ed v\u00a0oblasti prodeje, poprodejn\u00edch slu\u017eeb, rozvoje s\u00edt\u011b i zna\u010dky.<\/p>\n<p>Na profesn\u00ed s\u00edt\u00ed LinkedIn je Vladim\u00edr od b\u0159ezna veden\u00fd jako &#8222;Freelancer&#8220;.<\/p>\n<p><strong>Od Fordu p\u0159es Peugeot a Hyundai<\/strong><\/p>\n<p>Ing. Vladim\u00edr Vo\u0161ick\u00fd p\u016fsob\u00ed v oboru automotive u\u017e hodn\u011b dlouho a je dob\u0159e zn\u00e1m. V minulosti zast\u00e1val vysok\u00e9 mana\u017eersk\u00e9 pozice, nap\u0159\u00edklad 18 let \u00fasp\u011b\u0161n\u011b ve spole\u010dnosti Ford Motor Company, a to i na mezin\u00e1rodn\u00ed \u00farovni. Pro\u0161el tak\u00e9 francouzsk\u00fdm Peugeotem a mezi lety 2010 a\u017e 2019 \u0161\u00e9foval Hyundai Motor Czech.<\/p>\n<p><img loading=\"lazy\" decoding=\"async\" class=\"alignnone size-medium wp-image-2743\" src=\"http:\/\/www.automakers.cz\/wp-content\/uploads\/2024\/03\/Vosicky-odstup-900x507.jpg\" alt=\"\" width=\"900\" height=\"507\" srcset=\"https:\/\/www.automakers.cz\/wp-content\/uploads\/2024\/03\/Vosicky-odstup-900x507.jpg 900w, https:\/\/www.automakers.cz\/wp-content\/uploads\/2024\/03\/Vosicky-odstup-768x432.jpg 768w, https:\/\/www.automakers.cz\/wp-content\/uploads\/2024\/03\/Vosicky-odstup.jpg 1000w\" sizes=\"auto, (max-width: 900px) 100vw, 900px\" \/><\/p>\n<p>Za jeho \u00e9ry se zna\u010dka Hyundai vyhoupla v prodej\u00edch mezi tuzemskou import\u00e9rskou \u0161pi\u010dku, ale \u201eproslavila\u201c se tak\u00e9 provokativn\u00edmi reklamn\u00edmi kampan\u011bmi \u010di soudn\u00edmi spory s vlastn\u00edmi dealery.<\/p>\n<p>N\u011bkte\u0159\u00ed nev\u00e1hali vyv\u011bsit p\u0159ed pra\u017esk\u00fdm importem korejsk\u00e9 zna\u010dky v\u00fdzvy k odstoupen\u00ed v\u00fdkonn\u00e9ho \u0159editele &#8222;Vladim\u00edra&#8220;.<\/p>\n<p><strong>Prodejce zem\u011bd\u011blsk\u00fdch stroj\u016f<\/strong><\/p>\n<p>Po odchodu z\u00a0Hyundaie Vladim\u00edr Vo\u0161ick\u00fd zast\u00e1val t\u0159i a p\u016fl roku pozici v\u00fdkonn\u00e9ho \u0159editele spole\u010dnosti Kvarto, kter\u00e1 zastupuje v \u010cesku \u0159adu zna\u010dek v oblasti zem\u011bd\u011blsk\u00e9\u00a0a stavebn\u00ed techniky, odkud jeho profesn\u00ed cesta vedla k\u00a0Nissanu\/GACE.<\/p>\n<p><strong>Pod\u011bkov\u00e1n\u00ed mana\u017eerovi<\/strong><\/p>\n<p>V\u00a0souvislosti s\u00a0pro mnoh\u00e9 ne\u010dekan\u00fdm koncem jsme se ze stejn\u00e9ho zdroje tak\u00e9 dozv\u011bd\u011bli, \u017ee veden\u00ed spole\u010dnosti GACE Ing. Vladim\u00edru Vo\u0161ick\u00e9mu, za j\u00edm vykonanou ob\u011btavou pr\u00e1ci a loajalitu, s n\u00ed\u017e j\u00ed pomohl v\u00a0\u010cesku nastavit nov\u00e9 standardy, p\u0159i odchodu pod\u011bkovalo.<\/p>\n<p><strong>Zdroje Automakers<\/strong><\/p>\n","protected":false},"excerpt":{"rendered":"<p>Z dob\u0159e informovan\u00fdch zdroj\u016f z\u00edskal \u010dasopis Automakers dosud ofici\u00e1ln\u011b nepotvrzenou zpr\u00e1vu, \u017ee s b\u0159eznem skon\u010dil&#8230;<\/p>\n","protected":false},"author":1,"featured_media":2742,"comment_status":"closed","ping_status":"closed","sticky":false,"template":"","format":"standard","meta":{"footnotes":""},"categories":[6,5],"tags":[],"class_list":["post-2739","post","type-post","status-publish","format-standard","has-post-thumbnail","hentry","category-management","category-personalie"],"_links":{"self":[{"href":"https:\/\/www.automakers.cz\/index.php?rest_route=\/wp\/v2\/posts\/2739","targetHints":{"allow":["GET"]}}],"collection":[{"href":"https:\/\/www.automakers.cz\/index.php?rest_route=\/wp\/v2\/posts"}],"about":[{"href":"https:\/\/www.automakers.cz\/index.php?rest_route=\/wp\/v2\/types\/post"}],"author":[{"embeddable":true,"href":"https:\/\/www.automakers.cz\/index.php?rest_route=\/wp\/v2\/users\/1"}],"replies":[{"embeddable":true,"href":"https:\/\/www.automakers.cz\/index.php?rest_route=%2Fwp%2Fv2%2Fcomments&post=2739"}],"version-history":[{"count":5,"href":"https:\/\/www.automakers.cz\/index.php?rest_route=\/wp\/v2\/posts\/2739\/revisions"}],"predecessor-version":[{"id":2746,"href":"https:\/\/www.automakers.cz\/index.php?rest_route=\/wp\/v2\/posts\/2739\/revisions\/2746"}],"wp:featuredmedia":[{"embeddable":true,"href":"https:\/\/www.automakers.cz\/index.php?rest_route=\/wp\/v2\/media\/2742"}],"wp:attachment":[{"href":"https:\/\/www.automakers.cz\/index.php?rest_route=%2Fwp%2Fv2%2Fmedia&parent=2739"}],"wp:term":[{"taxonomy":"category","embeddable":true,"href":"https:\/\/www.automakers.cz\/index.php?rest_route=%2Fwp%2Fv2%2Fcategories&post=2739"},{"taxonomy":"post_tag","embeddable":true,"href":"https:\/\/www.automakers.cz\/index.php?rest_route=%2Fwp%2Fv2%2Ftags&post=2739"}],"curies":[{"name":"wp","href":"https:\/\/api.w.org\/{rel}","templated":true}]}}