{"id":2750,"date":"2024-03-11T07:28:42","date_gmt":"2024-03-11T07:28:42","guid":{"rendered":"https:\/\/www.automakers.cz\/?p=2750"},"modified":"2024-03-11T07:27:43","modified_gmt":"2024-03-11T07:27:43","slug":"skoda-hostila-hackathon-beegreen","status":"publish","type":"post","link":"https:\/\/www.automakers.cz\/?p=2750","title":{"rendered":"\u0160koda hostila Hackathon \u201eBeeGreen\u201c"},"content":{"rendered":"<p><strong>\u0160kodovka po\u0159\u00e1dala hackathon BeeGreen. K \u00fa\u010dasti na sout\u011b\u017ei pozvala automobilka sedm t\u00fdm\u016f slo\u017een\u00fdch z 60 mezin\u00e1rodn\u00edch IT odborn\u00edk\u016f.<\/strong> <!--more--><\/p>\n<p>\u00da\u010dastn\u00edci m\u011bli za \u00fakol p\u0159edstavit inovativn\u00ed n\u00e1pady zam\u011b\u0159en\u00e9 na zv\u00fd\u0161en\u00ed udr\u017eitelnosti z\u00e1kaznick\u00e9 zku\u0161enosti, rozvoj obchodn\u00edch model\u016f v duchu strategie GreenFuture a zlep\u0161en\u00ed postup\u016f v r\u00e1mci \u0159\u00edzen\u00ed dodavatelsk\u00e9ho \u0159et\u011bzce.<\/p>\n<p>V\u00edt\u011bzn\u00fd t\u00fdm, firma ETAS, p\u0159esv\u011bd\u010dil sv\u00fdmi n\u00e1pady porotu a bude m\u00edt mo\u017enost na projektu \u201aThe Cycle App\u2018 d\u00e1le pracovat spole\u010dn\u011b se zna\u010dkou \u0160koda. Akci zah\u00e1jili Karsten Schnake, \u010dlen p\u0159edstavenstva spole\u010dnosti \u0160koda Auto pro oblast N\u00e1kupu, a So\u0148a Klepek Jon\u00e1\u0161ov\u00e1, \u010dlenka Poradn\u00edho v\u00fdboru pro udr\u017eiteln\u00fd rozvoj spole\u010dnosti \u0160koda Auto a zakladatelka Institutu cirkul\u00e1rn\u00ed ekonomiky (INCIEN).<\/p>\n<p>Karsten Schnake, \u010dlen p\u0159edstavenstva spole\u010dnosti \u0160koda Auto pro oblast N\u00e1kupu, uvedl: \u201eInovace a digitalizace slou\u017e\u00ed jako kl\u00ed\u010dov\u00e9 n\u00e1stroje na na\u0161\u00ed cest\u011b k udr\u017eiteln\u00e9 budoucnosti. Uv\u011bdomujeme si, \u017ee tento p\u0159echod je spole\u010dn\u00fdm \u00fasil\u00edm, a proto hled\u00e1me partnery, kte\u0159\u00ed sd\u00edlej\u00ed na\u0161i vizi spo\u010d\u00edvaj\u00edc\u00ed ve vz\u00e1jemn\u00e9 podpo\u0159e v hled\u00e1n\u00ed pokrokov\u00fdch n\u00e1pad\u016f. Jednou ze strategick\u00fdch v\u00fdhod spole\u010dnosti \u0160koda Auto je na\u0161e poloha: v \u010cesk\u00e9 republice s\u00eddl\u00ed \u0159ada prosperuj\u00edc\u00edch start-up\u016f zam\u011b\u0159en\u00fdch na software. Akce jako hackathon BeeGreen poskytuj\u00ed platformu pro nav\u00e1z\u00e1n\u00ed partnerstv\u00ed mezi dynamick\u00fdmi IT spole\u010dnostmi a koncernem Volkswagen, \u010d\u00edm\u017e urychluj\u00ed v\u00fdvoj a implementaci inovativn\u00edch a udr\u017eiteln\u00fdch \u0159e\u0161en\u00ed.\u201c<\/p>\n<p><strong>BeeGreen \u2013 pokrok v oblasti udr\u017eiteln\u00e9ho podnik\u00e1n\u00ed<\/strong><\/p>\n<p>V n\u00e1vaznosti na \u00fasp\u011bch hackathonu Race2Code uspo\u0159\u00e1dan\u00e9ho v roce 2023 sezvala spole\u010dnost \u0160koda Auto dohromady IT specialisty z p\u0159edn\u00edch \u010desk\u00fdch, n\u011bmeck\u00fdch, francouzsk\u00fdch a polsk\u00fdch softwarov\u00fdch firem. Tito odborn\u00edci p\u0159edvedli sv\u00e9 schopnosti a kreativitu p\u0159i \u0159e\u0161en\u00ed konkr\u00e9tn\u00edch zad\u00e1n\u00ed. Leto\u0161n\u00ed ro\u010dn\u00edk hackathonu BeeGreen byl zam\u011b\u0159en v\u00fdhradn\u011b na udr\u017eitelnost. \u00da\u010dastn\u00edci se zab\u00fdvali t\u0159emi t\u00e9maty: Objevitel okol\u00ed (Surrounding explorer), kter\u00e9 bylo zam\u011b\u0159eno na udr\u017eitelnost a znalost m\u00edstn\u00edho prost\u0159ed\u00ed, Op\u011btovn\u00e9 vyu\u017eit\u00ed materi\u00e1lu (Upcycling and material recovery platform), jeho\u017e c\u00edlem bylo prozkoumat budouc\u00ed obchodn\u00ed modely udr\u017eitelnosti, a Sledov\u00e1n\u00ed spot\u0159eby (Consumption monitoring), v\u011bnovan\u00e9 uplatn\u011bn\u00ed odborn\u00fdch znalost\u00ed p\u0159i vytv\u00e1\u0159en\u00ed udr\u017eiteln\u00fdch dodavatelsk\u00fdch \u0159et\u011bzc\u016f. B\u011bhem sout\u011b\u017ee mohly t\u00fdmy vyu\u017e\u00edt podn\u011bty zku\u0161en\u00fdch mentor\u016f ze spole\u010dnosti \u0160koda Auto a dal\u0161\u00edch zna\u010dek koncernu Volkswagen.<\/p>\n<p>Od konce roku 2021 vyu\u017e\u00edv\u00e1 spole\u010dnost \u0160koda Auto p\u0159i realizaci sv\u00fdch ambici\u00f3zn\u00edch c\u00edl\u016f v oblasti udr\u017eitelnosti odborn\u00e9 veden\u00ed ze strany nez\u00e1visl\u00e9ho Poradn\u00edho v\u00fdboru pro udr\u017eiteln\u00fd rozvoj. \u010clenka v\u00fdboru a zakladatelka Institutu cirkul\u00e1rn\u00ed ekonomiky (INCIEN) So\u0148a Klepek Jon\u00e1\u0161ov\u00e1 b\u011bhem sv\u00e9ho \u00favodn\u00edho vystoupen\u00ed na hackathonu BeeGreen zd\u016fraznila v\u00fdznam op\u011btovn\u00e9ho vyu\u017eit\u00ed materi\u00e1l\u016f, syst\u00e9m\u016f uzav\u0159en\u00e9 smy\u010dky a tak\u00e9 digit\u00e1ln\u00edho monitorov\u00e1n\u00ed materi\u00e1lov\u00fdch tok\u016f, co\u017e jsou jen n\u011bkter\u00e9 p\u0159\u00edklady pro vyu\u017eit\u00ed modern\u00edch udr\u017eiteln\u00fdch p\u0159\u00edstup\u016f v pr\u016fmyslov\u00e9 v\u00fdrob\u011b.<\/p>\n<p>Ze sedmi t\u00fdm\u016f nakonec porotu nejv\u00edce oslovil projekt program\u00e1tor\u016f t\u00fdmu ETAS z N\u011bmecka, kte\u0159\u00ed p\u0159edstavili \u0159e\u0161en\u00ed na t\u00e9ma Op\u011btovn\u00e9 vyu\u017eit\u00ed materi\u00e1lu s n\u00e1zvem \u201aThe Cycle App\u2018. Jeho p\u0159\u00ednosem je podpora recyklace a op\u011btovn\u00e9ho pou\u017eit\u00ed d\u00edl\u016f, prodlou\u017een\u00ed jejich \u017eivotnosti a sn\u00ed\u017een\u00ed CO2 stopy opraven\u00fdch vozidel prost\u0159ednictv\u00edm vyu\u017eit\u00ed pou\u017eit\u00fdch d\u00edl\u016f. D\u00edky v\u00edt\u011bzstv\u00ed v hackathonu budou m\u00edt softwarov\u00ed specialist\u00e9 mo\u017enost na projektu se zna\u010dkou \u0160koda d\u00e1le pracovat.<\/p>\n<p><strong>Udr\u017eitelnost jako strategick\u00fd firemn\u00ed c\u00edl <\/strong><\/p>\n<p>\u0160koda Auto jako jedna z nejv\u011bt\u0161\u00edch soukrom\u00fdch spole\u010dnost\u00ed v \u010cesk\u00e9 republice u\u010dinila udr\u017eitelnost ned\u00edlnou sou\u010d\u00e1st\u00ed sv\u00e9 firemn\u00ed strategie. Na speci\u00e1ln\u00ed microsite v\u011bnovan\u00e9 udr\u017eitelnosti automobilka informuje o sv\u00fdch aktu\u00e1ln\u00edch projektech v oblasti ochrany \u017eivotn\u00edho prost\u0159ed\u00ed, soci\u00e1ln\u00ed oblasti a oblasti spr\u00e1vy a \u0159\u00edzen\u00ed spole\u010dnosti (ESG).<\/p>\n","protected":false},"excerpt":{"rendered":"<p>\u0160kodovka po\u0159\u00e1dala hackathon BeeGreen. K \u00fa\u010dasti na sout\u011b\u017ei pozvala automobilka sedm t\u00fdm\u016f slo\u017een\u00fdch z 60&#8230;<\/p>\n","protected":false},"author":2,"featured_media":2751,"comment_status":"closed","ping_status":"closed","sticky":false,"template":"","format":"standard","meta":{"footnotes":""},"categories":[1],"tags":[],"class_list":["post-2750","post","type-post","status-publish","format-standard","has-post-thumbnail","hentry","category-uncategorized"],"_links":{"self":[{"href":"https:\/\/www.automakers.cz\/index.php?rest_route=\/wp\/v2\/posts\/2750","targetHints":{"allow":["GET"]}}],"collection":[{"href":"https:\/\/www.automakers.cz\/index.php?rest_route=\/wp\/v2\/posts"}],"about":[{"href":"https:\/\/www.automakers.cz\/index.php?rest_route=\/wp\/v2\/types\/post"}],"author":[{"embeddable":true,"href":"https:\/\/www.automakers.cz\/index.php?rest_route=\/wp\/v2\/users\/2"}],"replies":[{"embeddable":true,"href":"https:\/\/www.automakers.cz\/index.php?rest_route=%2Fwp%2Fv2%2Fcomments&post=2750"}],"version-history":[{"count":3,"href":"https:\/\/www.automakers.cz\/index.php?rest_route=\/wp\/v2\/posts\/2750\/revisions"}],"predecessor-version":[{"id":2764,"href":"https:\/\/www.automakers.cz\/index.php?rest_route=\/wp\/v2\/posts\/2750\/revisions\/2764"}],"wp:featuredmedia":[{"embeddable":true,"href":"https:\/\/www.automakers.cz\/index.php?rest_route=\/wp\/v2\/media\/2751"}],"wp:attachment":[{"href":"https:\/\/www.automakers.cz\/index.php?rest_route=%2Fwp%2Fv2%2Fmedia&parent=2750"}],"wp:term":[{"taxonomy":"category","embeddable":true,"href":"https:\/\/www.automakers.cz\/index.php?rest_route=%2Fwp%2Fv2%2Fcategories&post=2750"},{"taxonomy":"post_tag","embeddable":true,"href":"https:\/\/www.automakers.cz\/index.php?rest_route=%2Fwp%2Fv2%2Ftags&post=2750"}],"curies":[{"name":"wp","href":"https:\/\/api.w.org\/{rel}","templated":true}]}}