{"id":2783,"date":"2024-05-23T06:41:32","date_gmt":"2024-05-23T06:41:32","guid":{"rendered":"https:\/\/www.automakers.cz\/?p=2783"},"modified":"2024-05-23T08:22:26","modified_gmt":"2024-05-23T08:22:26","slug":"skoda-dokoncila-laurin-klement-kampus","status":"publish","type":"post","link":"https:\/\/www.automakers.cz\/?p=2783","title":{"rendered":"\u0160koda uk\u00e1zala Laurin &#038; Klement Kampus"},"content":{"rendered":"<p><strong> \u0160kodovka tento t\u00fdden p\u0159edvedla m\u00e9di\u00edm sv\u00e9 nov\u00e9 s\u00eddlo v Mlad\u00e9 Boleslavi nazvan\u00e9 Laurin &amp; Klement Kampus (LKK). Z\u00e1kladn\u00ed k\u00e1men budovy byl polo\u017een v kv\u011btnu 2022. Prvn\u00ed zam\u011bstnanci za\u010dali v objektu pracovat v b\u0159eznu, p\u0159esun dal\u0161\u00edch z Pentagonu pokra\u010duje.<\/strong> <!--more--><\/p>\n<p>Propojen\u00fd komplex byl postaven b\u011bhem necel\u00fdch dvou let a skl\u00e1d\u00e1 se ze \u010dty\u0159 budov. Ty umo\u017en\u00ed efektivn\u011b vyu\u017e\u00edvat vz\u00e1jemn\u00fdch synergi\u00ed a podpo\u0159\u00ed p\u0159\u00edm\u011bj\u0161\u00ed interakci mezi zam\u011bstnanci r\u016fzn\u00fdch odd\u011blen\u00ed a organiza\u010dn\u00edch jednotek spole\u010dnosti.<\/p>\n<p>P\u011btipodla\u017en\u00ed Laurin &amp; Klement Kampus propoj\u00ed a\u017e 2 000 zam\u011bstnanc\u016f z r\u016fzn\u00fdch odd\u011blen\u00ed, kte\u0159\u00ed d\u0159\u00edve pracovali p\u0159ibli\u017en\u011b ve 20 budov\u00e1ch v Mlad\u00e9 Boleslavi a Praze. NV jedn\u00e9 \u010d\u00e1sti se d\u00e1le nach\u00e1z\u00ed konferen\u010dn\u00ed prostor s posuvnou st\u011bnou a\u017e pro 400 osob, kter\u00fd je vybaven\u00fd profesion\u00e1ln\u00ed audiovizu\u00e1ln\u00ed technikou. P\u0159ipraveny jsou tak\u00e9 restaurace a kav\u00e1rna pro zam\u011bstnance i n\u00e1v\u0161t\u011bvn\u00edky, v\u00edce ne\u017e 680 parkovac\u00edch m\u00edst, 138 nab\u00edjec\u00edch stanic pro elektromobily a vyhrazen\u00fd prostor pro zaji\u0161t\u011bn\u00ed j\u00edzdn\u00edch kol.<\/p>\n<p>V r\u00e1mci komplexu Laurin &amp; Klement Kampus zav\u00e1d\u00ed \u010desk\u00e1 automobilka z\u00e1rove\u0148 modern\u00ed kancel\u00e1\u0159sk\u00fd koncept New Work p\u0159izp\u016fsoben\u00fd sou\u010dasn\u00fdm po\u017eadavk\u016fm zam\u011bstnanc\u016f.<\/p>\n<p>Administrativn\u00ed prostory jsou roz\u010dlen\u011bny do r\u016fzn\u00fdch z\u00f3n, z nich\u017e ka\u017ed\u00e1 je navr\u017eena s ohledem na \u0161irokou \u0161k\u00e1lu pot\u0159eb a aktivit a je vybavena \u0161pi\u010dkov\u00fdmi technologiemi. Kl\u00ed\u010dov\u00fdm aspektem tohoto modern\u00edho pracovn\u00edho prost\u0159ed\u00ed je sd\u00edlen\u00ed v\u00edce ne\u017e 22 800 m\u00b2 kancel\u00e1\u0159sk\u00e9 plochy, co\u017e zam\u011bstnanc\u016fm umo\u017en\u00ed vyu\u017e\u00edvat flexibiln\u00ed pracovn\u00ed prostory podle jejich pot\u0159eb.<\/p>\n<p><img loading=\"lazy\" decoding=\"async\" class=\"alignnone size-medium wp-image-2788\" src=\"http:\/\/www.automakers.cz\/wp-content\/uploads\/2024\/03\/Skoda_Laurin-Klement-Kampus-kancelar-900x507.jpg\" alt=\"\" width=\"900\" height=\"507\" \/><\/p>\n<p>Krom\u011b obvykl\u00fdch kancel\u00e1\u0159sk\u00fdch \u010d\u00e1st\u00ed nab\u00edz\u00ed are\u00e1l rovn\u011b\u017e spole\u010dn\u00e9 z\u00f3ny, kter\u00e9 zam\u011bstnanc\u016fm otev\u00edraj\u00ed prostor pro navazov\u00e1n\u00ed kontakt\u016f, diskuse a relaxaci.<\/p>\n<p><strong>Zdroj: \u0160koda Auto<\/strong><\/p>\n","protected":false},"excerpt":{"rendered":"<p>\u0160kodovka tento t\u00fdden p\u0159edvedla m\u00e9di\u00edm sv\u00e9 nov\u00e9 s\u00eddlo v Mlad\u00e9 Boleslavi nazvan\u00e9 Laurin &amp; Klement&#8230;<\/p>\n","protected":false},"author":1,"featured_media":2785,"comment_status":"closed","ping_status":"closed","sticky":false,"template":"","format":"standard","meta":{"footnotes":""},"categories":[3,31],"tags":[],"class_list":["post-2783","post","type-post","status-publish","format-standard","has-post-thumbnail","hentry","category-investice","category-news"],"_links":{"self":[{"href":"https:\/\/www.automakers.cz\/index.php?rest_route=\/wp\/v2\/posts\/2783","targetHints":{"allow":["GET"]}}],"collection":[{"href":"https:\/\/www.automakers.cz\/index.php?rest_route=\/wp\/v2\/posts"}],"about":[{"href":"https:\/\/www.automakers.cz\/index.php?rest_route=\/wp\/v2\/types\/post"}],"author":[{"embeddable":true,"href":"https:\/\/www.automakers.cz\/index.php?rest_route=\/wp\/v2\/users\/1"}],"replies":[{"embeddable":true,"href":"https:\/\/www.automakers.cz\/index.php?rest_route=%2Fwp%2Fv2%2Fcomments&post=2783"}],"version-history":[{"count":6,"href":"https:\/\/www.automakers.cz\/index.php?rest_route=\/wp\/v2\/posts\/2783\/revisions"}],"predecessor-version":[{"id":4200,"href":"https:\/\/www.automakers.cz\/index.php?rest_route=\/wp\/v2\/posts\/2783\/revisions\/4200"}],"wp:featuredmedia":[{"embeddable":true,"href":"https:\/\/www.automakers.cz\/index.php?rest_route=\/wp\/v2\/media\/2785"}],"wp:attachment":[{"href":"https:\/\/www.automakers.cz\/index.php?rest_route=%2Fwp%2Fv2%2Fmedia&parent=2783"}],"wp:term":[{"taxonomy":"category","embeddable":true,"href":"https:\/\/www.automakers.cz\/index.php?rest_route=%2Fwp%2Fv2%2Fcategories&post=2783"},{"taxonomy":"post_tag","embeddable":true,"href":"https:\/\/www.automakers.cz\/index.php?rest_route=%2Fwp%2Fv2%2Ftags&post=2783"}],"curies":[{"name":"wp","href":"https:\/\/api.w.org\/{rel}","templated":true}]}}