{"id":2799,"date":"2024-03-14T10:18:44","date_gmt":"2024-03-14T10:18:44","guid":{"rendered":"https:\/\/www.automakers.cz\/?p=2799"},"modified":"2024-03-14T10:20:33","modified_gmt":"2024-03-14T10:20:33","slug":"sal-architektu-hostil-prazske-dopravni-forum","status":"publish","type":"post","link":"https:\/\/www.automakers.cz\/?p=2799","title":{"rendered":"S\u00e1l architekt\u016f hostil Pra\u017esk\u00e9 dopravn\u00ed forum"},"content":{"rendered":"<p class=\"western\"><strong>V S\u00e1le architekt\u016f Starom\u011bstsk\u00e9 radnice se konala prvn\u00ed leto\u0161n\u00ed konference cyklu Smart Community, 14. Pra\u017esk\u00e9 dopravn\u00ed f\u00f3rum. S pl\u00e1novan\u00fdmi investicemi hlavn\u00edho m\u011bsta Prahy do dopravn\u00ed infrastruktury \u00fa\u010dastn\u00edky konference sezn\u00e1mil 1. n\u00e1m\u011bstek prim\u00e1tora Zden\u011bk H\u0159ib.<\/strong> <!--more--><\/p>\n<p class=\"western\">Nejv\u00edce p\u0159\u00edtomn\u00e9 zaj\u00edmala dostavba Pra\u017esk\u00e9ho okruhu a budov\u00e1n\u00ed metra, v\u010detn\u011b automatizace provozu linek C a D.<\/p>\n<p class=\"western\">N\u00e1m\u011bstek H\u0159ib p\u0159itom mimo jin\u00e9 poznamenal, \u017ee metropole na dostavbu okruhu prost\u0159edky bez pomoci st\u00e1tu sama m\u00edt nebude. Pot\u0159ebu pomoci vl\u00e1dy pak doslova ozna\u010dil za v\u00fdraznou. Veden\u00ed m\u011bsta se nyn\u00ed soust\u0159e\u010fuje na budov\u00e1n\u00ed komplexn\u00edho syst\u00e9mu m\u011bstsk\u00e9 hromadn\u00e9 dopravy. To m\u00e1 p\u0159ed individu\u00e1ln\u00ed dopravou prioritu.<\/p>\n<p class=\"western\">S\u00a0t\u00edm souvis\u00ed i podpora elektromobility, kterou m\u011bsto vn\u00edm\u00e1 jako slu\u017ebu pro v\u0161echny, tedy nejen pro ty, kdo mohu nab\u00edjet ve vlastn\u00ed gar\u00e1\u017ei. Jedn\u00edm z\u00a0p\u0159\u00edklad\u016f je nap\u0159. i pl\u00e1novan\u00e9 zav\u00e1d\u011bn\u00ed nov\u00e9 generace sloup\u016f ve\u0159ejn\u00e9ho osv\u011btlen\u00ed se\u00a0zabudovan\u00fdmi nab\u00edje\u010dkami. Co\u017e pak vn\u00edm\u00e1 jako formu podpory elektromobilit\u011b ob\u010dan\u016fm m\u011bsta, a nikoliv tedy jako dosud zv\u00fdhodn\u011bn\u00ed parkov\u00e1n\u00ed pro elektromobily p\u0159ev\u00e1\u017en\u011b majitel\u016f aut doj\u00ed\u017ed\u011bj\u00edc\u00edch na \u00fakor rezident\u016f.<\/p>\n<p><strong>M\u00e1tl hovo\u0159il o okruhu<\/strong><\/p>\n<p class=\"western\">V\u00a0druh\u00e9m t\u00e9matick\u00e9m bloku m\u011bl hlavn\u00ed slovo Radek M\u00e1tl, gener\u00e1ln\u00ed \u0159editel \u0158editelstv\u00ed silnic a d\u00e1lnic. Jeho informace o postupu prac\u00ed na Pra\u017esk\u00e9m okruhu neopomenula p\u0159ipomenout \u00faskal\u00ed, kter\u00e1 v\u00a0sob\u011b jednotliv\u00e9 \u00faseky t\u00e9to ji\u017e hodn\u011b vousat\u00e9 stavby skr\u00fdvaj\u00ed. Z\u00a0jeho slov si mohli \u00fa\u010dastn\u00edci ud\u011blat p\u0159edstavu, jak se oproti p\u016fvodn\u00edm p\u0159edpoklad\u016fm mus\u00ed projektanti popasovat s logicky\u00a0rostouc\u00edmi po\u017eadavky z m\u00edst, kudy trasy povedou z\u00a0hlediska ochrany \u017eivotn\u00edho prost\u0159ed\u00ed. Komunikace se no\u0159\u00ed hloub\u011bji do ter\u00e9nu, p\u0159ib\u00fdv\u00e1 tunel\u016f. Kamiony a proudy aut nikdo za bar\u00e1kem nechce.<\/p>\n<p class=\"western\" align=\"right\"><strong>Miroslav H\u00e1jek, S\u00e1l Architekt\u016f<\/strong><\/p>\n<p class=\"western\">\n","protected":false},"excerpt":{"rendered":"<p>V S\u00e1le architekt\u016f Starom\u011bstsk\u00e9 radnice se konala prvn\u00ed leto\u0161n\u00ed konference cyklu Smart Community, 14. Pra\u017esk\u00e9&#8230;<\/p>\n","protected":false},"author":1,"featured_media":2800,"comment_status":"closed","ping_status":"closed","sticky":false,"template":"","format":"standard","meta":{"footnotes":""},"categories":[47,22],"tags":[],"class_list":["post-2799","post","type-post","status-publish","format-standard","has-post-thumbnail","hentry","category-doprava","category-konference"],"_links":{"self":[{"href":"https:\/\/www.automakers.cz\/index.php?rest_route=\/wp\/v2\/posts\/2799","targetHints":{"allow":["GET"]}}],"collection":[{"href":"https:\/\/www.automakers.cz\/index.php?rest_route=\/wp\/v2\/posts"}],"about":[{"href":"https:\/\/www.automakers.cz\/index.php?rest_route=\/wp\/v2\/types\/post"}],"author":[{"embeddable":true,"href":"https:\/\/www.automakers.cz\/index.php?rest_route=\/wp\/v2\/users\/1"}],"replies":[{"embeddable":true,"href":"https:\/\/www.automakers.cz\/index.php?rest_route=%2Fwp%2Fv2%2Fcomments&post=2799"}],"version-history":[{"count":3,"href":"https:\/\/www.automakers.cz\/index.php?rest_route=\/wp\/v2\/posts\/2799\/revisions"}],"predecessor-version":[{"id":2803,"href":"https:\/\/www.automakers.cz\/index.php?rest_route=\/wp\/v2\/posts\/2799\/revisions\/2803"}],"wp:featuredmedia":[{"embeddable":true,"href":"https:\/\/www.automakers.cz\/index.php?rest_route=\/wp\/v2\/media\/2800"}],"wp:attachment":[{"href":"https:\/\/www.automakers.cz\/index.php?rest_route=%2Fwp%2Fv2%2Fmedia&parent=2799"}],"wp:term":[{"taxonomy":"category","embeddable":true,"href":"https:\/\/www.automakers.cz\/index.php?rest_route=%2Fwp%2Fv2%2Fcategories&post=2799"},{"taxonomy":"post_tag","embeddable":true,"href":"https:\/\/www.automakers.cz\/index.php?rest_route=%2Fwp%2Fv2%2Ftags&post=2799"}],"curies":[{"name":"wp","href":"https:\/\/api.w.org\/{rel}","templated":true}]}}