{"id":2804,"date":"2024-03-14T12:43:34","date_gmt":"2024-03-14T12:43:34","guid":{"rendered":"https:\/\/www.automakers.cz\/?p=2804"},"modified":"2024-03-14T12:44:09","modified_gmt":"2024-03-14T12:44:09","slug":"nissan-uvazuje-o-spolupraci-s-hondou","status":"publish","type":"post","link":"https:\/\/www.automakers.cz\/?p=2804","title":{"rendered":"Nissan uva\u017euje o spolupr\u00e1ci s Hondou"},"content":{"rendered":"<div aria-labelledby=\"accessibility-header\">\n<div class=\"j_ix\" data-e2e=\"tpl-royalty-header\"><strong>Nissan Motor uva\u017euje o nav\u00e1z\u00e1n\u00ed obchodn\u00edho partnerstv\u00ed s automobilkou Honda Motor. Informovala o tom japonsk\u00e1 televizn\u00ed stanice TV Tokyo s odvol\u00e1n\u00edm na bl\u00ed\u017ee nespecifikovan\u00e9 zdroje.<\/strong><\/div>\n<\/div>\n<p><!--more--><\/p>\n<div class=\"j_iu\">\n<div class=\"tpl-king-top-content\">\n<div class=\"j_io\">\n<section class=\"j_ip\" data-dot=\"tpl-content\" data-e2e=\"tpl-royalty-content\">\n<div class=\"f_ga\">\n<div class=\"ogm-main-media__container\" data-dot=\"ogm-main-media\" data-e2e=\"ogm-main-media\">\n<p class=\"c_aW\"><span class=\"c_ej\">Spr\u00e1vn\u00ed rada Nissanu podle zdroj\u016f na \u00fatern\u00edm setk\u00e1n\u00ed rozhodla, \u017ee automobilka by m\u011bla zv\u00e1\u017eit mo\u017enou spolupr\u00e1ci s Hondou. Nissan v lo\u0148sk\u00e9m roce po cel\u00e9m sv\u011bt\u011b prodal zhruba 3,3 milionu voz\u016f, zat\u00edmco celosv\u011btov\u00fd prodej Hondy loni \u010dinil t\u00e9m\u011b\u0159 \u010dty\u0159i miliony voz\u016f, napsala agentura Reuters.<\/span><\/p>\n<\/div>\n<\/div>\n<div class=\"ogm-container _6231b388c0086990921bf42b\">\n<div class=\"f_ge\" data-e2e=\"ogm-article-layout\">\n<article class=\"f_gg\" role=\"article\" aria-labelledby=\"accessibility-article\">\n<div class=\"f_gf\" data-dot=\"ogm-article-content\">\n<div class=\"e_dW e_d6\">\n<div class=\"e_aW speakable\" data-dot=\"mol-paragraph\">\n<p class=\"c_aW\"><span class=\"c_ej\">Ob\u011b automobilky se v\u00a0posledn\u00ed dob\u011b pot\u00fdkaj\u00ed s\u00a0poklesem tr\u017en\u00edho pod\u00edlu v\u00a0\u010c\u00edn\u011b, kde \u010del\u00ed ostr\u00e9 konkurenci ze strany \u010d\u00ednsk\u00fdch v\u00fdrobc\u016f elektromobil\u016f. Podle japonsk\u00e9ho listu Nikkei by ob\u011b firmy mohly p\u0159ikro\u010dit ke sni\u017eov\u00e1n\u00ed v\u00fdroby v\u00a0\u010c\u00edn\u011b.<\/span><\/p>\n<\/div>\n<div class=\"e_aW speakable\" data-dot=\"mol-paragraph\">\n<p class=\"c_aW\"><span class=\"c_ej\">Nikkei rovn\u011b\u017e uvedl, \u017ee spole\u010dnost Nissan se zaj\u00edm\u00e1 o spolupr\u00e1ci v oblasti elektromobil\u016f, kter\u00e1 by j\u00ed pomohla v soupe\u0159en\u00ed s \u010d\u00ednsk\u00fdmi konkurenty.<\/span><\/p>\n<p class=\"c_aW\"><span class=\"c_ej\">V lo\u0148sk\u00e9m roce se spole\u010dnost Nissan dohodla na \u00faprav\u011b sv\u00e9 aliance s francouzskou automobilkou Renault. Dohoda zahrnuje v\u00fdrazn\u00e9 sn\u00ed\u017een\u00ed pod\u00edlu, kter\u00fd Renault v Nissanu vlastn\u00ed. Jej\u00edm c\u00edlem je m\u00e9n\u011b rozs\u00e1hl\u00e1, ale pragmati\u010dt\u011bj\u0161\u00ed a aktivn\u011bj\u0161\u00ed spolupr\u00e1ce t\u011bchto podnik\u016f.<\/span><\/p>\n<p><strong>Zdroj: novinky.cz<\/strong><\/p>\n<\/div>\n<\/div>\n<\/div>\n<\/article>\n<\/div>\n<\/div>\n<\/section>\n<\/div>\n<\/div>\n<\/div>\n","protected":false},"excerpt":{"rendered":"<p>Nissan Motor uva\u017euje o nav\u00e1z\u00e1n\u00ed obchodn\u00edho partnerstv\u00ed s automobilkou Honda Motor. Informovala o tom japonsk\u00e1&#8230;<\/p>\n","protected":false},"author":1,"featured_media":2805,"comment_status":"closed","ping_status":"closed","sticky":false,"template":"","format":"standard","meta":{"footnotes":""},"categories":[31,18],"tags":[],"class_list":["post-2804","post","type-post","status-publish","format-standard","has-post-thumbnail","hentry","category-news","category-vyroba"],"_links":{"self":[{"href":"https:\/\/www.automakers.cz\/index.php?rest_route=\/wp\/v2\/posts\/2804","targetHints":{"allow":["GET"]}}],"collection":[{"href":"https:\/\/www.automakers.cz\/index.php?rest_route=\/wp\/v2\/posts"}],"about":[{"href":"https:\/\/www.automakers.cz\/index.php?rest_route=\/wp\/v2\/types\/post"}],"author":[{"embeddable":true,"href":"https:\/\/www.automakers.cz\/index.php?rest_route=\/wp\/v2\/users\/1"}],"replies":[{"embeddable":true,"href":"https:\/\/www.automakers.cz\/index.php?rest_route=%2Fwp%2Fv2%2Fcomments&post=2804"}],"version-history":[{"count":3,"href":"https:\/\/www.automakers.cz\/index.php?rest_route=\/wp\/v2\/posts\/2804\/revisions"}],"predecessor-version":[{"id":2808,"href":"https:\/\/www.automakers.cz\/index.php?rest_route=\/wp\/v2\/posts\/2804\/revisions\/2808"}],"wp:featuredmedia":[{"embeddable":true,"href":"https:\/\/www.automakers.cz\/index.php?rest_route=\/wp\/v2\/media\/2805"}],"wp:attachment":[{"href":"https:\/\/www.automakers.cz\/index.php?rest_route=%2Fwp%2Fv2%2Fmedia&parent=2804"}],"wp:term":[{"taxonomy":"category","embeddable":true,"href":"https:\/\/www.automakers.cz\/index.php?rest_route=%2Fwp%2Fv2%2Fcategories&post=2804"},{"taxonomy":"post_tag","embeddable":true,"href":"https:\/\/www.automakers.cz\/index.php?rest_route=%2Fwp%2Fv2%2Ftags&post=2804"}],"curies":[{"name":"wp","href":"https:\/\/api.w.org\/{rel}","templated":true}]}}