{"id":2809,"date":"2024-03-14T12:55:41","date_gmt":"2024-03-14T12:55:41","guid":{"rendered":"https:\/\/www.automakers.cz\/?p=2809"},"modified":"2024-03-14T16:16:48","modified_gmt":"2024-03-14T16:16:48","slug":"europoslanci-schvalili-normu-euro-7","status":"publish","type":"post","link":"https:\/\/www.automakers.cz\/?p=2809","title":{"rendered":"Norma Euro 7 schv\u00e1lena (Koment\u00e1\u0159 \u010cT 24)"},"content":{"rendered":"<div id=\"space-a\" class=\"col-h\">\n<div class=\"art-full\">\n<div class=\"opener\"><strong>Europoslanci schv\u00e1lili ve st\u0159edu novou emisn\u00ed normu Euro 7. Pro normu hlasovalo 297 europoslanc\u016f, proti jich bylo 190 a 37 se zdr\u017eelo. Co nov\u00e1 legislativa p\u0159in\u00e1\u0161\u00ed?<\/strong><\/div>\n<\/div>\n<\/div>\n<p><!--more--><\/p>\n<p>Emisn\u00ed limity pro osobn\u00ed i n\u00e1kladn\u00ed auta u\u017e nejsou tak p\u0159\u00edsn\u00e9 jako v p\u016fvodn\u00edm n\u00e1vrhu a rovn\u011b\u017e se poda\u0159ilo dojednat del\u0161\u00ed \u010dasov\u00fd r\u00e1mec zaveden\u00ed normy. Mimo jin\u00e9 i \u010desk\u00e9 automobilky tedy budou m\u00edt v\u00edce \u010dasu p\u0159ipravit se na nov\u00e1 pravidla.<\/p>\n<div id=\"space-b\" class=\"col-a\">\n<div class=\"art-full\">\n<div data-io-article-url=\"https:\/\/www.idnes.cz\/ekonomika\/doprava\/euro-emise-limity-europoslanci-evropsky-parlament.A240313_172101_eko-doprava_remy\" data-article=\"A240313_172101_eko-doprava_remy\">\n<div id=\"art-text\" class=\"text\">\n<div class=\"bbtext\">\n<p data-debug-redistribute=\"002. \/ 76px \/ 213\">Aby p\u0159edpis za\u010dal platit, mus\u00ed ho je\u0161t\u011b form\u00e1ln\u011b schv\u00e1lit Rada EU slo\u017een\u00e1 z \u010dlensk\u00fdch st\u00e1t\u016f.<\/p>\n<p data-debug-redistribute=\"004. \/ 204px \/ 143\">P\u0159i vyjedn\u00e1v\u00e1n\u00ed o norm\u011b v takzvan\u00fdch trialoz\u00edch se poda\u0159ilo dos\u00e1hnout kompromisu, v n\u011bkter\u00fdch pozic\u00edch ustoupila Rada EU, v jin\u00fdch zase Evropsk\u00fd parlament. Emisn\u00ed limity v\u00fdfukov\u00fdch plyn\u016f z\u016fstanou na \u00farovni, kterou dnes obsahuje platn\u00e1 emisn\u00ed norma Euro 6, a to v\u010detn\u011b limit\u016f testov\u00e1n\u00ed, vypl\u00fdv\u00e1 z kone\u010dn\u00e9 verze p\u0159edpisu.<\/p>\n<p data-debug-redistribute=\"004. \/ 204px \/ 143\"><figure class=\"wp-block-embed wp-block-embed-youtube is-type-video is-provider-youtube epyt-figure\"><div class=\"wp-block-embed__wrapper\"><iframe loading=\"lazy\"  id=\"_ytid_96814\"  width=\"640\" height=\"360\"  data-origwidth=\"640\" data-origheight=\"360\" src=\"https:\/\/www.youtube.com\/embed\/Lz9bfcV2DK0?enablejsapi=1&autoplay=0&cc_load_policy=0&cc_lang_pref=&iv_load_policy=1&loop=0&modestbranding=0&rel=1&fs=1&playsinline=0&autohide=2&theme=dark&color=red&controls=1&\" class=\"__youtube_prefs__  no-lazyload\" title=\"YouTube player\"  allow=\"accelerometer; autoplay; clipboard-write; encrypted-media; gyroscope; picture-in-picture\" allowfullscreen data-no-lazy=\"1\" data-skipgform_ajax_framebjll=\"\"><\/iframe><\/div><\/figure><\/p>\n<p data-debug-redistribute=\"009. \/ 492px \/ -165\">Proti p\u016fvodn\u00edmu n\u00e1vrhu Evropsk\u00e9 komise, i podle z\u00e1stupc\u016f automobilov\u00e9ho pr\u016fmyslu nerealistick\u00e9 variant\u011b Euro 7, se postavilo hned na za\u010d\u00e1tku vyjedn\u00e1v\u00e1n\u00ed osm zem\u00ed. \u010cesko vedlo koalici stejn\u011b sm\u00fd\u0161lej\u00edc\u00edch st\u00e1t\u016f, ve kter\u00e9 byly je\u0161t\u011b Francie, It\u00e1lie, Bulharsko, Rumunsko, Ma\u010farsko, Polsko a Slovensko.<\/p>\n<p data-debug-redistribute=\"003. \/ 646px \/ 160\">Platnost emisn\u00edho na\u0159\u00edzen\u00ed Euro 7 m\u011bla podle p\u016fvodn\u00edho n\u00e1vrhu Evropsk\u00e9 komise p\u0159ij\u00edt u osobn\u00edch automobil\u016f u\u017e v polovin\u011b roku 2025, pro n\u00e1kladn\u00ed vozidla o dva roky pozd\u011bji. To \u0159ada unijn\u00edch zem\u00ed pova\u017eovala za nere\u00e1ln\u00e9.<\/p>\n<p data-debug-redistribute=\"006. \/ 774px \/ 90\">Automobilky si rovn\u011b\u017e st\u011b\u017eovaly, \u017ee nebudou m\u00edt na p\u0159\u00edpravu zm\u011bn dostatek \u010dasu. Kompromis proto p\u016fvodn\u00ed harmonogram prodlou\u017eil. Nyn\u00ed po\u010d\u00edt\u00e1 se zaveden\u00edm opat\u0159en\u00ed 2,5 roku od vstupu normy v platnost u nov\u00fdch model\u016f osobn\u00edch vozidel a 3,5 roku u st\u00e1vaj\u00edc\u00edch model\u016f. U n\u00e1kladn\u00edch aut to m\u00e1 b\u00fdt \u010dty\u0159i roky, respektive p\u011bt let. Tyto lh\u016fty umo\u017en\u00ed automobilk\u00e1m p\u0159ipravit se na nov\u00e9 po\u017eadavky.<\/p>\n<p data-debug-redistribute=\"010. \/ 1087px \/ -232\">\u201ePokud jde o spalovac\u00ed motory, tam se v rovin\u011b emis\u00ed v z\u00e1sad\u011b nic m\u011bnit nebude oproti Euru 6. S jednou malinkou v\u00fdjimkou, a to je filtr pevn\u00fdch \u010d\u00e1stic, ale ten stoj\u00ed deset eur, tedy 250 korun, co\u017e nen\u00ed drama,\u201c uvedl k osobn\u00edm a u\u017eitkov\u00fdm voz\u016fm ji\u017e d\u0159\u00edve zpravodaj normy v Evropsk\u00e9m parlamentu Alexandr Vondra (ODS).<\/p>\n<p data-debug-redistribute=\"010. \/ 1087px \/ -232\"><img loading=\"lazy\" decoding=\"async\" class=\"alignnone size-medium wp-image-1129\" src=\"http:\/\/www.automakers.cz\/wp-content\/uploads\/2023\/12\/Kupka-Vondra-Euro-7-TK-900x675.jpg\" alt=\"\" width=\"900\" height=\"675\" srcset=\"https:\/\/www.automakers.cz\/wp-content\/uploads\/2023\/12\/Kupka-Vondra-Euro-7-TK-900x675.jpg 900w, https:\/\/www.automakers.cz\/wp-content\/uploads\/2023\/12\/Kupka-Vondra-Euro-7-TK-1024x768.jpg 1024w, https:\/\/www.automakers.cz\/wp-content\/uploads\/2023\/12\/Kupka-Vondra-Euro-7-TK-768x576.jpg 768w, https:\/\/www.automakers.cz\/wp-content\/uploads\/2023\/12\/Kupka-Vondra-Euro-7-TK-1536x1152.jpg 1536w, https:\/\/www.automakers.cz\/wp-content\/uploads\/2023\/12\/Kupka-Vondra-Euro-7-TK.jpg 2040w\" sizes=\"auto, (max-width: 900px) 100vw, 900px\" \/><\/p>\n<p data-debug-redistribute=\"005. \/ 1241px \/ 93\">Emisn\u00ed limity pro n\u00e1kladn\u00ed automobily jsou sice m\u00edrn\u011b p\u0159\u00edsn\u011bj\u0161\u00ed (zejm\u00e9na pokud jde o dus\u00edkat\u00e9 emise), nicm\u00e9n\u011b pro v\u00fdrobce st\u00e1le technologicky dosa\u017eiteln\u00e9. Euro 7 nahrad\u00ed na\u0159\u00edzen\u00ed Euro 6 (pro osobn\u00ed automobily, dod\u00e1vky a lehk\u00e1 vozidla) a Euro VI (pro n\u00e1kladn\u00ed automobily a t\u011b\u017ek\u00e1 n\u00e1kladn\u00ed vozidla), a to jedin\u00fdm pr\u00e1vn\u00edm aktem, kter\u00fd se vztahuje na oba druhy vozidel.<\/p>\n<p data-debug-redistribute=\"001. \/ 1421px \/ 255\">Nov\u011b pak norma zav\u00e1d\u00ed opat\u0159en\u00ed ke sn\u00ed\u017een\u00ed emis\u00ed z pneumatik a brzd. Emise pevn\u00fdch \u010d\u00e1stic, kter\u00e9 vznikaj\u00ed ot\u011brem pneumatik o vozovku a brzdov\u00fdch desti\u010dek o kotou\u010de, dosud upravov\u00e1ny nebyly. Nov\u00e1 norma stanovuje limit t\u0159\u00ed mg\/km pro \u010dist\u011b elektrick\u00e1 vozidla, sedm mg\/km pro v\u011bt\u0161inu spalovac\u00edch motor\u016f a hybridn\u00ed elektrick\u00e1 vozidla a jeden\u00e1ct mg\/km pro velk\u00e9 dod\u00e1vky.<\/p>\n<p data-debug-redistribute=\"001. \/ 1421px \/ 255\"><strong>Zdroj: \u010cT 24, iDNES<\/strong><\/p>\n<\/div>\n<\/div>\n<\/div>\n<\/div>\n<\/div>\n","protected":false},"excerpt":{"rendered":"<p>Europoslanci schv\u00e1lili ve st\u0159edu novou emisn\u00ed normu Euro 7. Pro normu hlasovalo 297 europoslanc\u016f, proti&#8230;<\/p>\n","protected":false},"author":1,"featured_media":165,"comment_status":"closed","ping_status":"closed","sticky":false,"template":"","format":"standard","meta":{"footnotes":""},"categories":[25,31,66],"tags":[],"class_list":["post-2809","post","type-post","status-publish","format-standard","has-post-thumbnail","hentry","category-legislativa","category-news","category-video"],"_links":{"self":[{"href":"https:\/\/www.automakers.cz\/index.php?rest_route=\/wp\/v2\/posts\/2809","targetHints":{"allow":["GET"]}}],"collection":[{"href":"https:\/\/www.automakers.cz\/index.php?rest_route=\/wp\/v2\/posts"}],"about":[{"href":"https:\/\/www.automakers.cz\/index.php?rest_route=\/wp\/v2\/types\/post"}],"author":[{"embeddable":true,"href":"https:\/\/www.automakers.cz\/index.php?rest_route=\/wp\/v2\/users\/1"}],"replies":[{"embeddable":true,"href":"https:\/\/www.automakers.cz\/index.php?rest_route=%2Fwp%2Fv2%2Fcomments&post=2809"}],"version-history":[{"count":3,"href":"https:\/\/www.automakers.cz\/index.php?rest_route=\/wp\/v2\/posts\/2809\/revisions"}],"predecessor-version":[{"id":2821,"href":"https:\/\/www.automakers.cz\/index.php?rest_route=\/wp\/v2\/posts\/2809\/revisions\/2821"}],"wp:featuredmedia":[{"embeddable":true,"href":"https:\/\/www.automakers.cz\/index.php?rest_route=\/wp\/v2\/media\/165"}],"wp:attachment":[{"href":"https:\/\/www.automakers.cz\/index.php?rest_route=%2Fwp%2Fv2%2Fmedia&parent=2809"}],"wp:term":[{"taxonomy":"category","embeddable":true,"href":"https:\/\/www.automakers.cz\/index.php?rest_route=%2Fwp%2Fv2%2Fcategories&post=2809"},{"taxonomy":"post_tag","embeddable":true,"href":"https:\/\/www.automakers.cz\/index.php?rest_route=%2Fwp%2Fv2%2Ftags&post=2809"}],"curies":[{"name":"wp","href":"https:\/\/api.w.org\/{rel}","templated":true}]}}