{"id":2813,"date":"2024-03-14T16:00:15","date_gmt":"2024-03-14T16:00:15","guid":{"rendered":"https:\/\/www.automakers.cz\/?p=2813"},"modified":"2024-03-14T16:09:58","modified_gmt":"2024-03-14T16:09:58","slug":"volvo-opet-privezlo-ceske-lvy","status":"publish","type":"post","link":"https:\/\/www.automakers.cz\/?p=2813","title":{"rendered":"Volvo op\u011bt dopravcem \u010cesk\u00fdch lv\u016f"},"content":{"rendered":"<p><strong>K\u0159i\u0161\u0165\u00e1lov\u00e9 so\u0161ky v podob\u011b kr\u00e1le zv\u00ed\u0159at se letos p\u0159ed\u00e1valy po jednat\u0159ic\u00e1t\u00e9. Slavnostn\u00ed galave\u010der v pra\u017esk\u00e9m Rudolfinu p\u0159edstavil to nejlep\u0161\u00ed z \u010desk\u00e9 filmov\u00e9 a televizn\u00ed tvorby a Volvo bylo op\u011bt u toho.<\/strong><!--more--><\/p>\n<p>Fin\u00e1lov\u00fd ceremoni\u00e1l p\u0159ed\u00e1v\u00e1n\u00ed Cen \u010cesk\u00e9 filmov\u00e9 a televizn\u00ed akademie za rok 2023 v\u00a0pra\u017esk\u00e9m Rudolfinu prob\u011bhl v p\u0159\u00edm\u00e9m p\u0159enosu \u010cesk\u00e9 televize 9. b\u0159ezna a ve\u010derem prov\u00e1zel Marek Eben.<\/p>\n<p>S\u00a0\u010ceskou filmovou a televizn\u00ed akademi\u00ed (\u010cFTA), je\u017e vyhla\u0161uje a ud\u00edl\u00ed presti\u017en\u00ed tv\u016fr\u010d\u00ed ceny \u010cesk\u00fd lev, spolupracuje Volvo Cars Czech Republic u\u017e osm\u00fdm rokem coby partner ve\u010dera a gener\u00e1ln\u00ed dopravce. Nominovan\u00ed tv\u016frci tak m\u011bli p\u0159i p\u0159\u00edjezdu k\u00a0Rudolfinu mo\u017enost vystoupit na \u010derven\u00fd koberec pr\u00e1v\u011b z\u00a0n\u011bkter\u00e9ho z\u00a0voz\u016f zna\u010dky Volvo.<\/p>\n<p>T\u00e9m\u011b\u0159 dv\u011b stovky filmov\u00fdch profesion\u00e1l\u016f m\u011bly necel\u00fdch \u0161est t\u00fddn\u016f na zhl\u00e9dnut\u00ed a v\u00fdb\u011br nominac\u00ed do 21 statut\u00e1rn\u00edch kategori\u00ed z 33 celove\u010dern\u00edch hran\u00fdch, 15 dokument\u00e1rn\u00edch, 8 animovan\u00fdch a 10 kr\u00e1tk\u00fdch film\u016f. Akademici hodnotili tak\u00e9 6 televizn\u00edch film\u016f nebo minis\u00e9ri\u00ed a 14 seri\u00e1l\u016f.<\/p>\n<p>Nejv\u00edce cen letos p\u0159ekvapiv\u011b nez\u00edskal celove\u010dern\u00ed film \u2013 retro seri\u00e1l Volha si toti\u017e z\u00a0ve\u010dera odnesl hned p\u011bt \u010cesk\u00fdch lv\u016f. Celkem 4 so\u0161ky z\u00edskal sci-fi thriller Bod obnovy a shodn\u011b dv\u011bma Lvy byly ocen\u011bny psychologick\u00fd film s krimin\u00e1ln\u00ed z\u00e1pletkou N\u011bm\u00e1 tajemstv\u00ed a \u010dern\u00e1 komedie P\u0159i\u0161la v\u00a0noci.<\/p>\n<p>Nejlep\u0161\u00edm celove\u010dern\u00edm hran\u00fdm filmem se stalo drama Tom\u00e1\u0161e Ma\u0161\u00edna Brat\u0159i. \u010cesk\u00e9 lvy za hlavn\u00ed role z\u00edskali Kry\u0161tof H\u00e1dek (Volha) a Simona Pekov\u00e1 (P\u0159i\u0161la v noci), ve vedlej\u0161\u00edch rol\u00edch pak zv\u00edt\u011bzili Milena Steinmasslov\u00e1 (N\u011bm\u00e1 tajemstv\u00ed) a Tom\u00e1\u0161 Je\u0159\u00e1bek (Volha).<\/p>\n<p><img loading=\"lazy\" decoding=\"async\" class=\"alignnone size-full wp-image-2817\" src=\"http:\/\/www.automakers.cz\/wp-content\/uploads\/2024\/03\/Volvo-Rudolfinum-Lev.jpg\" alt=\"\" width=\"400\" height=\"267\" \/><\/p>\n<p>Volvo bylo partnerem a gener\u00e1ln\u00edm dopravcem slavnostn\u00edho galave\u010dera.<\/p>\n<p><strong>Zdroj: Volvo, Petra Dole\u017ealov\u00e1<\/strong><\/p>\n","protected":false},"excerpt":{"rendered":"<p>K\u0159i\u0161\u0165\u00e1lov\u00e9 so\u0161ky v podob\u011b kr\u00e1le zv\u00ed\u0159at se letos p\u0159ed\u00e1valy po jednat\u0159ic\u00e1t\u00e9. Slavnostn\u00ed galave\u010der v pra\u017esk\u00e9m&#8230;<\/p>\n","protected":false},"author":1,"featured_media":2814,"comment_status":"closed","ping_status":"closed","sticky":false,"template":"","format":"standard","meta":{"footnotes":""},"categories":[26,36,29],"tags":[],"class_list":["post-2813","post","type-post","status-publish","format-standard","has-post-thumbnail","hentry","category-eventy","category-marketing","category-sponzoring"],"_links":{"self":[{"href":"https:\/\/www.automakers.cz\/index.php?rest_route=\/wp\/v2\/posts\/2813","targetHints":{"allow":["GET"]}}],"collection":[{"href":"https:\/\/www.automakers.cz\/index.php?rest_route=\/wp\/v2\/posts"}],"about":[{"href":"https:\/\/www.automakers.cz\/index.php?rest_route=\/wp\/v2\/types\/post"}],"author":[{"embeddable":true,"href":"https:\/\/www.automakers.cz\/index.php?rest_route=\/wp\/v2\/users\/1"}],"replies":[{"embeddable":true,"href":"https:\/\/www.automakers.cz\/index.php?rest_route=%2Fwp%2Fv2%2Fcomments&post=2813"}],"version-history":[{"count":4,"href":"https:\/\/www.automakers.cz\/index.php?rest_route=\/wp\/v2\/posts\/2813\/revisions"}],"predecessor-version":[{"id":2819,"href":"https:\/\/www.automakers.cz\/index.php?rest_route=\/wp\/v2\/posts\/2813\/revisions\/2819"}],"wp:featuredmedia":[{"embeddable":true,"href":"https:\/\/www.automakers.cz\/index.php?rest_route=\/wp\/v2\/media\/2814"}],"wp:attachment":[{"href":"https:\/\/www.automakers.cz\/index.php?rest_route=%2Fwp%2Fv2%2Fmedia&parent=2813"}],"wp:term":[{"taxonomy":"category","embeddable":true,"href":"https:\/\/www.automakers.cz\/index.php?rest_route=%2Fwp%2Fv2%2Fcategories&post=2813"},{"taxonomy":"post_tag","embeddable":true,"href":"https:\/\/www.automakers.cz\/index.php?rest_route=%2Fwp%2Fv2%2Ftags&post=2813"}],"curies":[{"name":"wp","href":"https:\/\/api.w.org\/{rel}","templated":true}]}}