{"id":2823,"date":"2024-03-14T16:43:32","date_gmt":"2024-03-14T16:43:32","guid":{"rendered":"https:\/\/www.automakers.cz\/?p=2823"},"modified":"2024-03-14T17:30:01","modified_gmt":"2024-03-14T17:30:01","slug":"cupra-otevrela-sestou-garage-ve-znojme","status":"publish","type":"post","link":"https:\/\/www.automakers.cz\/?p=2823","title":{"rendered":"CUPRA otev\u0159ela \u0161estou Garage ve Znojm\u011b"},"content":{"rendered":"<p><strong>P\u0159edloni se redakce Automakers byla pod\u00edvat na otev\u0159en\u00ed prvn\u00ed \u010desk\u00e9 CUPRA Garage ve Zl\u00edn\u011b, od t\u00e9 doby se jich v tuzemsku objevilo celkem \u0161est. Tu \u0161estou v po\u0159ad\u00ed slavnostn\u011b otev\u0159el letos 13. b\u0159ezna autorizovan\u00fd dealer Libor Such\u00fd ve Znojm\u011b.<\/strong><!--more--><\/p>\n<p>Prvn\u00ed stavebn\u00ed pr\u00e1ce na nov\u00e9m showroomu, kter\u00fd dopl\u0148uje i nab\u00eddka voz\u016f SEAT, za\u010daly v \u010dervenci roku 2023. Nov\u00e1 stavba byla dokon\u010dena za necel\u00fd p\u016flrok.<\/p>\n<p>Stejn\u011b jako ve v\u0161ech showroomech CUPRA se i ve znojemsk\u00e9m dealerstv\u00ed bude z\u00e1kazn\u00edk\u016fm v\u011bnovat tzv. CUPRA Master, kter\u00fd zajist\u00ed nejen exkluzivn\u00ed n\u00e1kupn\u00ed z\u00e1\u017eitky, ale tak\u00e9 poskytne ve\u0161ker\u00e9 pot\u0159ebn\u00e9 poradenstv\u00ed a dal\u0161\u00ed slu\u017eby v\u010detn\u011b testovac\u00edch j\u00edzd.<\/p>\n<p><img loading=\"lazy\" decoding=\"async\" class=\"alignnone size-medium wp-image-2826\" src=\"http:\/\/www.automakers.cz\/wp-content\/uploads\/2024\/03\/Cupra-Znojmo-podium-Hurt-Novak-Suchy-Filip-900x675.jpg\" alt=\"\" width=\"900\" height=\"675\" \/><\/p>\n<p><strong> V r\u00e1mci openingu pogratulovali p\u0159\u00edmo na podiu man\u017eel\u016fm Such\u00fdm jednatel Porsche \u010cR Jan Hurt, \u0161\u00e9f zna\u010dky Ale\u0161 Nov\u00e1k a jej\u00ed market\u00e9r Filip Stoulil.<\/strong><\/p>\n<p>\u201eM\u00e1m velkou radost, \u017ee m\u016f\u017eeme v dal\u0161\u00edm regionu \u010cesk\u00e9 republiky dop\u0159\u00e1t na\u0161im klient\u016fm exkluzivn\u00ed z\u00e1kaznick\u00e9 z\u00e1\u017eitky v jedine\u010dn\u011b pojat\u00e9m showroomu CUPRA Garage,\u201c \u0159ekl na p\u00f3diu Ale\u0161 Nov\u00e1k, \u0159editel divize CUPRA spole\u010dnosti Porsche \u010cesk\u00e1 republika, a dodal:<\/p>\n<p>\u201eU\u017e v\u00a0prvn\u00edch okam\u017eic\u00edch po vstupu do nov\u00e9ho znojemsk\u00e9ho showroomu CUPRA Garage je z\u00e1kazn\u00edk doslova vta\u017een do nekonven\u010dn\u00edho sv\u011bta zna\u010dky CUPRA, v\u00a0n\u011bm\u017e na n\u011bj \u010dekaj\u00ed unik\u00e1tn\u00ed z\u00e1\u017eitky pln\u00e9 emoc\u00ed, kter\u00e9 je\u0161t\u011b umocn\u00ed velk\u00e9 nad\u0161en\u00ed samotn\u00e9ho majitele tohoto rodinn\u00e9ho dealerstv\u00ed a jeho t\u00fdmu pro na\u0161i zna\u010dku.\u201c<\/p>\n<p><img loading=\"lazy\" decoding=\"async\" class=\"alignnone size-medium wp-image-2828\" src=\"http:\/\/www.automakers.cz\/wp-content\/uploads\/2024\/03\/Cupra-Znojmo-900x600.jpg\" alt=\"\" width=\"900\" height=\"600\" srcset=\"https:\/\/www.automakers.cz\/wp-content\/uploads\/2024\/03\/Cupra-Znojmo-900x600.jpg 900w, https:\/\/www.automakers.cz\/wp-content\/uploads\/2024\/03\/Cupra-Znojmo-1024x683.jpg 1024w, https:\/\/www.automakers.cz\/wp-content\/uploads\/2024\/03\/Cupra-Znojmo-768x512.jpg 768w, https:\/\/www.automakers.cz\/wp-content\/uploads\/2024\/03\/Cupra-Znojmo.jpg 1275w\" sizes=\"auto, (max-width: 900px) 100vw, 900px\" \/><\/p>\n<p>Pro z\u00e1kazn\u00edky tak vzniklo unik\u00e1tn\u00ed prost\u0159ed\u00ed, kter\u00e9 v\u011brn\u011b odr\u00e1\u017e\u00ed identitu zna\u010dky CUPRA. V tzv. \u201egar\u00e1\u017eov\u00e9 z\u00f3n\u011b\u201c l\u00e1kaj\u00ed k prohl\u00eddce a usednut\u00ed za volant nejv\u00fdznamn\u011bj\u0161\u00ed modely ve sv\u00e9 fyzick\u00e9 podob\u011b. Kompletn\u00ed portfolio model\u016f zna\u010dky je p\u0159\u00edstupn\u00e9 prost\u0159ednictv\u00edm inovativn\u00edch digit\u00e1ln\u00edch n\u00e1stroj\u016f s virtu\u00e1ln\u00ed realitou. V nich si mohou budouc\u00ed \u0159idi\u010di model\u016f CUPRA nakonfigurovat sv\u016fj v\u016fz sn\u016f p\u0159esn\u011b podle sv\u00fdch p\u0159edstav nebo si vyzkou\u0161et unik\u00e1tn\u00ed z\u00e1\u017eitky.<\/p>\n<p><strong>Libor Such\u00fd: showroom stav\u011bla cel\u00e1 rodina<\/strong><\/p>\n<p>\u201eCUPRA si m\u011b z\u00edskala ji\u017e p\u0159ed 10 lety, kdy byl p\u0159edstaven model Leon Cupra R, tehdy je\u0161t\u011b pod zna\u010dkou SEAT. To byl opravdu vyda\u0159en\u00fd sportovn\u00ed v\u016fz se skv\u011bl\u00fdm v\u00fdkonem. Osamostatn\u011bn\u00ed zna\u010dky CUPRA v roce 2018 m\u011b nep\u0159ekvapilo. V\u011b\u0159il jsem v jej\u00ed velk\u00fd potenci\u00e1l, co\u017e potvrzuj\u00ed i pozoruhodn\u00e9 obchodn\u00ed v\u00fdsledky, jich\u017e dos\u00e1hla v prvn\u00edch \u0161esti letech na trhu,\u201c \u0159\u00edk\u00e1 Libor Such\u00fd, majitel dealerstv\u00ed Libor Such\u00fd, autoprodejna ve Znojm\u011b, a dod\u00e1v\u00e1:<\/p>\n<p>\u201eRozhodnut\u00ed st\u00e1t se dealerem zna\u010dky CUPRA proto pro n\u00e1s nebylo t\u011b\u017ek\u00e9. N\u00e1\u0161 prodejn\u00ed a servisn\u00ed t\u00fdm, a trouf\u00e1m si \u0159\u00edct, \u017ee i cel\u00e1 na\u0161e rodina, touto nekonven\u010dn\u00ed zna\u010dkou, kter\u00e1 kombinuje emoce a sportovn\u00ed v\u00fdkony, doslova \u017eije.\u201c<\/p>\n<p>Sv\u011btem zna\u010dky CUPRA, \u00fazce spjat\u00e9 s\u00a0motoristick\u00fdm sportem, se prol\u00edn\u00e1 tak\u00e9 vyt\u0159\u00edben\u00fd \u017eivotn\u00ed styl. Pro n\u00e1v\u0161t\u011bvn\u00edky znojemsk\u00e9ho showroomu CUPRA Garage je tak p\u0159ipravena lifestylov\u00e1 z\u00f3na s exkluzivn\u00edmi produkty, kter\u00e9 jsou v\u00fdsledkem spolupr\u00e1ce zna\u010dky CUPRA s\u00a0presti\u017en\u00edmi a inovativn\u00edmi zna\u010dkami z\u00a0jin\u00fdch obor\u016f, s\u00a0nimi\u017e sd\u00edl\u00ed stejn\u00e9 hodnoty.<\/p>\n<p><strong>\u201eZna\u010dka CUPRA m\u00e1 rozhodn\u011b co nab\u00eddnout a jsem velmi r\u00e1d, \u017ee m\u016f\u017eeme z\u00e1kazn\u00edk\u016fm p\u0159i koupi t\u011bchto nov\u00fdch voz\u016f dop\u0159\u00e1t maxim\u00e1ln\u00ed komfort a mimo\u0159\u00e1dn\u00e9 z\u00e1\u017eitky. Samoz\u0159ejm\u011b prodejem na\u0161e slu\u017eby nekon\u010d\u00ed a z\u00e1kazn\u00edk\u016fm nab\u00edz\u00edme i kompletn\u00ed slu\u017eby autorizovan\u00e9ho servisu SEAT a CUPRA,\u201c<\/strong> \u0159ekl na z\u00e1v\u011br Libor Such\u00fd.<\/p>\n<p>Libor Such\u00fd, autoprodejna je rodinn\u00e1 firma s\u00a0v\u00edce ne\u017e 30letou tradic\u00ed. Na trhu p\u016fsob\u00ed ji\u017e od roku 1990, kdy nejprve za\u010d\u00ednala s\u00a0prodejem a servisem voz\u016f \u0160koda. V\u00a0roce 1994 se pak Libor Such\u00fd stal autorizovan\u00fdm prodejcem zna\u010dky SEAT, ve kter\u00e9 spat\u0159oval mladou, sportovn\u00ed a dynamickou zna\u010dku. Hned rok pot\u00e9, v\u00a0roce 1995, se projevilo ve\u0161ker\u00e9 v\u011bnovan\u00e9 \u00fasil\u00ed zna\u010dce, kdy\u017e firma z\u00edskala ocen\u011bn\u00ed \u201eGolden dealer\u201c a obsadila prvn\u00ed m\u00edsto v\u00a0prodeji voz\u016f SEAT v\u00a0\u010cesk\u00e9 republice.<\/p>\n<p><strong>P\u0159es p\u016fl milion\u016f voz\u016f za \u0161est let<\/strong><\/p>\n<p>Zna\u010dka CUPRA oslavila letos v\u00a0\u00fanoru \u0161est\u00e9 v\u00fdro\u010d\u00ed a v\u00a0roce 2023 dos\u00e1hla nov\u00e9ho miln\u00edku v podob\u011b 528\u00a0000 dodan\u00fdch voz\u016f od sv\u00e9ho uveden\u00ed na trh v\u00a0roce 2018. Glob\u00e1ln\u00edm bestsellerem z\u016fst\u00e1v\u00e1 CUPRA Formentor se 120\u00a0100 dodan\u00fdmi vozy, na druh\u00e9m m\u00edst\u011b figuruje elektromobil CUPRA Born se 45\u00a0300 dodan\u00fdmi vozy.<\/p>\n<p>CUPRA loni upevnila sv\u00e9 postaven\u00ed jedn\u00e9 z\u00a0nejrychleji rostouc\u00edch automobilov\u00fdch zna\u010dek v\u00a0Evrop\u011b a intenzivn\u011b pracuje na dal\u0161\u00edm roz\u0161i\u0159ov\u00e1n\u00ed sv\u00e9ho produktov\u00e9ho portfolia. Loni oslavilo sv\u011btovou premi\u00e9ru zcela elektrick\u00e9 SUV CUPRA Tavascan, kter\u00e9 bude uvedeno na trh v\u00a0pr\u016fb\u011bhu leto\u0161n\u00edho roku.<\/p>\n<p><strong>Erich Handl, Znojmo<\/strong><\/p>\n<p><img loading=\"lazy\" decoding=\"async\" class=\"alignnone size-medium wp-image-2833\" src=\"http:\/\/www.automakers.cz\/wp-content\/uploads\/2024\/03\/Cupra-Formentor-Thaya-900x675.jpg\" alt=\"\" width=\"900\" height=\"675\" srcset=\"https:\/\/www.automakers.cz\/wp-content\/uploads\/2024\/03\/Cupra-Formentor-Thaya-900x675.jpg 900w, https:\/\/www.automakers.cz\/wp-content\/uploads\/2024\/03\/Cupra-Formentor-Thaya-1024x768.jpg 1024w, https:\/\/www.automakers.cz\/wp-content\/uploads\/2024\/03\/Cupra-Formentor-Thaya-768x576.jpg 768w, https:\/\/www.automakers.cz\/wp-content\/uploads\/2024\/03\/Cupra-Formentor-Thaya-1536x1152.jpg 1536w, https:\/\/www.automakers.cz\/wp-content\/uploads\/2024\/03\/Cupra-Formentor-Thaya.jpg 2040w\" sizes=\"auto, (max-width: 900px) 100vw, 900px\" \/><\/p>\n","protected":false},"excerpt":{"rendered":"<p>P\u0159edloni se redakce Automakers byla pod\u00edvat na otev\u0159en\u00ed prvn\u00ed \u010desk\u00e9 CUPRA Garage ve Zl\u00edn\u011b, od&#8230;<\/p>\n","protected":false},"author":1,"featured_media":2824,"comment_status":"closed","ping_status":"closed","sticky":false,"template":"","format":"standard","meta":{"footnotes":""},"categories":[17,73],"tags":[],"class_list":["post-2823","post","type-post","status-publish","format-standard","has-post-thumbnail","hentry","category-dealeri","category-opening"],"_links":{"self":[{"href":"https:\/\/www.automakers.cz\/index.php?rest_route=\/wp\/v2\/posts\/2823","targetHints":{"allow":["GET"]}}],"collection":[{"href":"https:\/\/www.automakers.cz\/index.php?rest_route=\/wp\/v2\/posts"}],"about":[{"href":"https:\/\/www.automakers.cz\/index.php?rest_route=\/wp\/v2\/types\/post"}],"author":[{"embeddable":true,"href":"https:\/\/www.automakers.cz\/index.php?rest_route=\/wp\/v2\/users\/1"}],"replies":[{"embeddable":true,"href":"https:\/\/www.automakers.cz\/index.php?rest_route=%2Fwp%2Fv2%2Fcomments&post=2823"}],"version-history":[{"count":7,"href":"https:\/\/www.automakers.cz\/index.php?rest_route=\/wp\/v2\/posts\/2823\/revisions"}],"predecessor-version":[{"id":2834,"href":"https:\/\/www.automakers.cz\/index.php?rest_route=\/wp\/v2\/posts\/2823\/revisions\/2834"}],"wp:featuredmedia":[{"embeddable":true,"href":"https:\/\/www.automakers.cz\/index.php?rest_route=\/wp\/v2\/media\/2824"}],"wp:attachment":[{"href":"https:\/\/www.automakers.cz\/index.php?rest_route=%2Fwp%2Fv2%2Fmedia&parent=2823"}],"wp:term":[{"taxonomy":"category","embeddable":true,"href":"https:\/\/www.automakers.cz\/index.php?rest_route=%2Fwp%2Fv2%2Fcategories&post=2823"},{"taxonomy":"post_tag","embeddable":true,"href":"https:\/\/www.automakers.cz\/index.php?rest_route=%2Fwp%2Fv2%2Ftags&post=2823"}],"curies":[{"name":"wp","href":"https:\/\/api.w.org\/{rel}","templated":true}]}}