{"id":2835,"date":"2024-03-15T07:41:05","date_gmt":"2024-03-15T07:41:05","guid":{"rendered":"https:\/\/www.automakers.cz\/?p=2835"},"modified":"2024-03-15T07:42:46","modified_gmt":"2024-03-15T07:42:46","slug":"webasto-chysta-drasticke-propousteni","status":"publish","type":"post","link":"https:\/\/www.automakers.cz\/?p=2835","title":{"rendered":"Webasto chyst\u00e1 drastick\u00e9 propou\u0161t\u011bn\u00ed"},"content":{"rendered":"<p><strong>Po neuspokojiv\u00e9m finan\u010dn\u00edm roce 2023 se chyst\u00e1 Webasto na tvrd\u00e1 \u00fasporn\u00e1 opat\u0159en\u00ed. Dodavatel, kter\u00fd m\u00e1 16 600 zam\u011bstnanc\u016f po cel\u00e9m sv\u011bt\u011b, oznamuje propou\u0161t\u011bn\u00ed v dvoucifern\u00e9m procentu\u00e1ln\u00edm rozmez\u00ed.<\/strong><!--more--><\/p>\n<p id=\"first-graph\" class=\"paragraph-newsletter-1\">Dodavatel Webasto uzav\u0159el finan\u010dn\u00ed rok 2023 v\u00fdrazn\u011b pod o\u010dek\u00e1v\u00e1n\u00edm. Podle p\u0159edb\u011b\u017en\u00fdch a dosud neauditovan\u00fdch \u00fadaj\u016f vzrostly tr\u017eby glob\u00e1ln\u00ed spole\u010dnosti v lo\u0148sk\u00e9m roce na necel\u00fdch 4,6 miliardy eur (2022: 4,4 miliardy eur).<\/p>\n<p class=\"paragraph-newsletter-1\">Zisk p\u0159ed \u00faroky a zdan\u011bn\u00edm byl v\u0161ak jen m\u00edrn\u011b kladn\u00fd a \u010dinil p\u0159ibli\u017en\u011b 20 milion\u016f eur, vysv\u011btlila spole\u010dnost z bavorsk\u00e9ho Stockdorfu. V roce 2022 dos\u00e1hl dodavatel st\u0159e\u0161n\u00edch syst\u00e9m\u016f, nez\u00e1visl\u00e9ho topen\u00ed a bateriov\u00fdch syst\u00e9m\u016f rentability tr\u017eeb ve v\u00fd\u0161i 2,5 procenta.<\/p>\n<div id=\"paywall-wrapper\" class=\"inline-paywall-transitions\"><\/div>\n","protected":false},"excerpt":{"rendered":"<p>Po neuspokojiv\u00e9m finan\u010dn\u00edm roce 2023 se chyst\u00e1 Webasto na tvrd\u00e1 \u00fasporn\u00e1 opat\u0159en\u00ed. Dodavatel, kter\u00fd m\u00e1&#8230;<\/p>\n","protected":false},"author":1,"featured_media":2839,"comment_status":"closed","ping_status":"closed","sticky":false,"template":"","format":"standard","meta":{"footnotes":""},"categories":[23,5],"tags":[],"class_list":["post-2835","post","type-post","status-publish","format-standard","has-post-thumbnail","hentry","category-dodavatele","category-personalie"],"_links":{"self":[{"href":"https:\/\/www.automakers.cz\/index.php?rest_route=\/wp\/v2\/posts\/2835","targetHints":{"allow":["GET"]}}],"collection":[{"href":"https:\/\/www.automakers.cz\/index.php?rest_route=\/wp\/v2\/posts"}],"about":[{"href":"https:\/\/www.automakers.cz\/index.php?rest_route=\/wp\/v2\/types\/post"}],"author":[{"embeddable":true,"href":"https:\/\/www.automakers.cz\/index.php?rest_route=\/wp\/v2\/users\/1"}],"replies":[{"embeddable":true,"href":"https:\/\/www.automakers.cz\/index.php?rest_route=%2Fwp%2Fv2%2Fcomments&post=2835"}],"version-history":[{"count":2,"href":"https:\/\/www.automakers.cz\/index.php?rest_route=\/wp\/v2\/posts\/2835\/revisions"}],"predecessor-version":[{"id":2838,"href":"https:\/\/www.automakers.cz\/index.php?rest_route=\/wp\/v2\/posts\/2835\/revisions\/2838"}],"wp:featuredmedia":[{"embeddable":true,"href":"https:\/\/www.automakers.cz\/index.php?rest_route=\/wp\/v2\/media\/2839"}],"wp:attachment":[{"href":"https:\/\/www.automakers.cz\/index.php?rest_route=%2Fwp%2Fv2%2Fmedia&parent=2835"}],"wp:term":[{"taxonomy":"category","embeddable":true,"href":"https:\/\/www.automakers.cz\/index.php?rest_route=%2Fwp%2Fv2%2Fcategories&post=2835"},{"taxonomy":"post_tag","embeddable":true,"href":"https:\/\/www.automakers.cz\/index.php?rest_route=%2Fwp%2Fv2%2Ftags&post=2835"}],"curies":[{"name":"wp","href":"https:\/\/api.w.org\/{rel}","templated":true}]}}