{"id":2843,"date":"2024-03-17T19:00:59","date_gmt":"2024-03-17T19:00:59","guid":{"rendered":"https:\/\/www.automakers.cz\/?p=2843"},"modified":"2024-03-17T20:46:01","modified_gmt":"2024-03-17T20:46:01","slug":"skoda-odtajnila-podobu-modelu-epiq","status":"publish","type":"post","link":"https:\/\/www.automakers.cz\/?p=2843","title":{"rendered":"\u0160koda odtajnila podobu modelu Epiq"},"content":{"rendered":"<p><strong>\u0160koda Auto odtajnila jm\u00e9no sv\u00e9ho elektrick\u00e9ho m\u011bstsk\u00e9ho crossoveru, a to spole\u010dn\u011b s designovou studi\u00ed nab\u00edzej\u00edc\u00ed prvn\u00ed pohled na nov\u00fd model. Cena Epiqu, jeho\u017e odhalen\u00ed je napl\u00e1nov\u00e1no na rok 2025, se bude pohybovat okolo 25 000 eur. <\/strong><!--more--><\/p>\n<p>Model s d\u00e9lkou 4,1 metru nab\u00eddne prostorn\u00fd interi\u00e9r a zavazadlov\u00fd prostor o objemu a\u017e 490 litr\u016f. Uvnit\u0159 i vn\u011b pak bude pln\u011b vych\u00e1zet z nov\u00e9ho v\u00fdrazn\u00e9ho, funk\u010dn\u00edho a autentick\u00e9ho designov\u00e9ho jazyka automobilky Modern Solid. Ten se propoj\u00ed s nov\u00fdmi technologiemi a pokro\u010dil\u00fdmi asisten\u010dn\u00edmi syst\u00e9my.<\/p>\n<p><img loading=\"lazy\" decoding=\"async\" class=\"alignnone size-medium wp-image-2870\" src=\"http:\/\/www.automakers.cz\/wp-content\/uploads\/2024\/03\/Skoda-Zellmer-Epiq-900x600.jpg\" alt=\"\" width=\"900\" height=\"600\" \/><\/p>\n<p><strong>Klaus Zellmer, p\u0159edseda p\u0159edstavenstva:<\/strong><\/p>\n<p>\u201eP\u0159ipravovan\u00e1 \u0160koda Epiq nab\u00eddne za velmi atraktivn\u00ed cenu v\u00fdjime\u010dnou hodnotu a prostorn\u00fd interi\u00e9r v kompaktn\u00ed karoserii. Naslouch\u00e1me na\u0161im z\u00e1kazn\u00edk\u016fm a proto roz\u0161i\u0159ujeme portfolio \u010dist\u011b elektrick\u00fdch voz\u016f do segmentu mal\u00fdch automobil\u016f. Designov\u00e1 studie modelu \u0160koda Epiq p\u0159in\u00e1\u0161\u00ed modern\u00ed design spojen\u00fd s velk\u00fdm dojezdem a u\u017eivatelsky p\u0159\u00edv\u011btiv\u00fdmi technologiemi. Kl\u00ed\u010dov\u00fdm aspektem p\u0159itom z\u016fst\u00e1v\u00e1 cenov\u00e1 dostupnost.\u201d<\/p>\n<p>D\u00e9lka 4,1 m, dojezd na jedno nabit\u00ed p\u0159es 400 km a zavazadlov\u00fd prostor o objemu a\u017e 490 l Nov\u00e1 digit\u00e1ln\u00ed designov\u00e1 studie zna\u010dky \u0160koda ukazuje kl\u00ed\u010dov\u00e9 prvky a vlastnosti p\u0159ipravovan\u00e9 novinky. Mal\u00fd m\u011bstsk\u00fd crossover \u0160koda Epiq s d\u00e9lkou 4,1 metru nab\u00eddne dostatek prostoru pro p\u011bt osob a zavazadlov\u00fd prostor o objemu a\u017e 490 l. Se vstupn\u00ed cenou za\u010d\u00ednaj\u00edc\u00ed na \u010d\u00e1stce p\u0159ibli\u017en\u011b 25 000 eur p\u016fjde o v\u00fdbornou volbu pro z\u00e1kazn\u00edky, kte\u0159\u00ed s elektromobilitou za\u010d\u00ednaj\u00ed. Uvnit\u0159 i vn\u011b vozu se uplat\u0148uje nov\u00fd designov\u00fd jazyk Modern Solid, v\u016fz nab\u00eddne maxim\u00e1ln\u00ed dojezd na jedno nabit\u00ed p\u0159es 400 kilometr\u016f.<\/p>\n<p>\u201eNov\u00fd designov\u00fd jazyk Modern Solid harmonicky kombinuje chytr\u00e9 funkce a prakti\u010dnost s atraktivn\u00edm vzhledem a na\u0161\u00edm p\u0159\u00edstupem k udr\u017eitelnosti. Designov\u00e1 studie modelu \u0160koda Epiq zt\u011bles\u0148uje v\u0161echny kl\u00ed\u010dov\u00e9 prvky na\u0161eho nov\u00e9ho designov\u00e9ho jazyka,\u201c uv\u00e1d\u00ed Oliver Stefani, \u0161\u00e9fdesign\u00e9r spole\u010dnosti \u0160koda Auto.<\/p>\n<p><strong>Modern Solid: autentick\u00fd design m\u00e1 nov\u011b interpretovat tradi\u010dn\u00ed rysy \u0160kody<\/strong><\/p>\n<p>Nov\u00fd designov\u00fd jazyk Modern Solid kombinuje robustnost, funk\u010dnost a autenti\u010dnost. Designov\u00e1 studie modelu \u0160koda Epiq m\u00e1 v\u00fdrazn\u011b tvarovanou kapotou s n\u00e1pisem \u0160koda. Leskle \u010dern\u00e1 maska Tech-Deck Face p\u0159edstavuje nov\u00e9 pojet\u00ed p\u0159\u00edd\u011b voz\u016f \u0160koda a z\u00e1rove\u0148 ukr\u00fdv\u00e1 elektrick\u00e1 za\u0159\u00edzen\u00ed, jako je radar a p\u0159edn\u00ed kamera. Po stran\u00e1ch masky TechDeck Face se nach\u00e1z\u00ed LED moduly ve tvaru p\u00edsmene T s dvoj\u00ed funkc\u00ed denn\u00edho sv\u00edcen\u00ed a sm\u011brov\u00fdch sv\u011btel. P\u0159edn\u00ed sv\u011btlomety jsou um\u00edst\u011bny v ni\u017e\u0161\u00ed, sekund\u00e1rn\u00ed poloze. Jejich sv\u011bteln\u00e9 moduly disponuj\u00ed technologi\u00ed LED Matrix a designem, kter\u00fd se inspiroval kubismem. Sou\u010d\u00e1st\u00ed robustn\u00edho p\u0159edn\u00edho n\u00e1razn\u00edku je spojler lakovan\u00fd v odst\u00ednu Unique Dark Chrome.<\/p>\n<p>Bo\u010dn\u00ed pohled na v\u016fz charakterizuje v\u00fdrazn\u00e1, vysoko um\u00edst\u011bn\u00e1 linka, kter\u00e1 zd\u016fraz\u0148uje mohutn\u00e9 boky vozu a vizu\u00e1ln\u011b odd\u011bluje prosklen\u00e9 horn\u00ed partie od zbytku karoserie. Pod jej\u00ed \u00farovn\u00ed se nach\u00e1z\u00ed podb\u011bhy kol zv\u00fdrazn\u011bn\u00e9 lemov\u00e1n\u00edm a aerodynamicky optimalizovan\u00e1 kola. N\u00edzk\u00e1, m\u00edrn\u011b se sva\u017euj\u00edc\u00ed linie st\u0159echy p\u0159ech\u00e1z\u00ed ve st\u0159e\u0161n\u00ed spojler. Zadn\u00ed partie vozu zaujmou robustn\u00edm n\u00e1razn\u00edkem \u010di n\u00e1pisem \u0160koda lakovan\u00fdm v odst\u00ednu Unique Dark Chrome. Minimalistick\u00fd vzhled designov\u00e9 studie modelu \u0160koda Epiq zd\u016fraz\u0148uje matn\u00e9 metalick\u00e9 lakov\u00e1n\u00ed v odst\u00ednu b\u00edl\u00e1 Moon.<\/p>\n<p><strong>Minimalistick\u00fd, funk\u010dn\u00ed interi\u00e9r a nov\u00e9 technologie<\/strong><\/p>\n<p>\u0160koda Epiq bude prvn\u00edm s\u00e9riov\u00fdm vozem s minimalistick\u00fdm interi\u00e9rem v pojet\u00ed Modern Solid, kter\u00fd se bude soust\u0159edit na odoln\u00e9, praktick\u00e9 a udr\u017eiteln\u00e9 materi\u00e1ly. Nab\u00edz\u00ed otev\u0159enou odkl\u00e1dac\u00ed schr\u00e1nku s bezdr\u00e1tov\u00fdm nab\u00edjen\u00edm pro mobiln\u00ed telefony ve voln\u011b stoj\u00edc\u00ed st\u0159edov\u00e9 konzole, stejn\u011b jako dal\u0161\u00ed schr\u00e1nky na odlo\u017een\u00ed drobnost\u00ed. Simply Clever prvky se nach\u00e1z\u00ed tak\u00e9 v zavazadlov\u00e9m prostoru, nap\u0159\u00edklad h\u00e1\u010dky na ta\u0161ky, cargo elementy, upev\u0148ovac\u00ed prvky nebo odkl\u00e1dac\u00ed prostor ukryt\u00fd pod podlahou. Na dvouramenn\u00e9m volantu se objevuje nov\u00fd n\u00e1pis \u0160koda, stejn\u011b jako fyzick\u00e1 tla\u010d\u00edtka a haptick\u00e9 oto\u010dn\u00e9 ovlada\u010de usnad\u0148uj\u00edc\u00ed ovl\u00e1d\u00e1n\u00ed z\u00e1kladn\u00edch funkc\u00ed za j\u00edzdy. U\u017eivatelsk\u00fd z\u00e1\u017eitek roz\u0161i\u0159uje mobiln\u00ed digit\u00e1ln\u00ed kl\u00ed\u010d, jen\u017e umo\u017e\u0148uje \u0161irokou \u0161k\u00e1lu nastaven\u00ed prost\u0159ednictv\u00edm chytr\u00e9ho mobiln\u00edho telefonu. \u0160koda Epiq tak\u00e9 podporuje obousm\u011brn\u00e9 nab\u00edjen\u00ed, co\u017e z vozu u\u010din\u00ed poj\u00edzdn\u00e9 elektrick\u00e9 \u00falo\u017ei\u0161t\u011b, je\u017e m\u016f\u017ee energii poskytovat dom\u00e1c\u00edm a jin\u00fdm spot\u0159ebi\u010d\u016fm.<\/p>\n<p><strong>Jm\u00e9no pro d\u016fle\u017eit\u00fd miln\u00edk v historii zna\u010dky \u0160koda<\/strong><\/p>\n<p>\u0160koda Epiq se podle mana\u017eer\u016f firmy stane nejen d\u00edky atraktivn\u00ed cen\u011b miln\u00edkem v historii zna\u010dky \u0160koda, co\u017e zd\u016fraz\u0148uje tak\u00e9 jej\u00ed v\u00fdrazn\u00e9 a snadno rozeznateln\u00e9 jm\u00e9no. Po\u010d\u00e1te\u010dn\u00ed p\u00edsmeno \u201eE\u201c zna\u010d\u00ed elektrick\u00fd model \u0160koda, zat\u00edmco p\u00edsmeno \u201eQ\u201c na konci \u0159ad\u00ed v\u016fz do rodiny SUV. Slovo \u201eEpiq\u201c je odvozen\u00e9 ze staro\u0159eck\u00e9ho slova \u201eepos\u201c, jeho\u017e v\u00fdznamem je \u201eslovo\u201c nebo \u201ever\u0161\u201c, ale tak\u00e9 \u201ep\u0159\u00edb\u011bh\u201c nebo \u201eb\u00e1se\u0148\u201c. Toto jm\u00e9no vyvol\u00e1v\u00e1 pozitivn\u00ed asociace, jako skv\u011bl\u00fd, v\u00fdjime\u010dn\u00fd nebo pozoruhodn\u00fd.<\/p>\n<p>\u0160koda Epiq bude vyr\u00e1b\u011bna ve \u0161pan\u011blsk\u00e9 Pamplon\u011b jako\u017eto spole\u010dn\u00fd projekt v\u00fdvoje a v\u00fdroby zna\u010dek \u0160koda, Cupra Volkswagen, kter\u00e9 tvo\u0159\u00ed skupinu objemov\u00fdch zna\u010dek Core koncernu Volkswagen. \u0160koda Auto investuje do sv\u00e9 transformace v oblasti elektromobility v nadch\u00e1zej\u00edc\u00edch letech 5,6 miliard eur. Prvn\u00edm vozem uveden\u00fdm v r\u00e1mci nadch\u00e1zej\u00edc\u00ed kampan\u011b zam\u011b\u0159en\u00e9 na elektromobily bude kompaktn\u00ed SUV \u0160koda Elroq. Jeho p\u0159edstaven\u00ed je pl\u00e1nov\u00e1no na podzim tohoto roku.<\/p>\n<p><img loading=\"lazy\" decoding=\"async\" class=\"alignnone size-medium wp-image-2845\" src=\"http:\/\/www.automakers.cz\/wp-content\/uploads\/2024\/03\/Skoda-Epiq-2-small-900x506.jpg\" alt=\"\" width=\"900\" height=\"506\" srcset=\"https:\/\/www.automakers.cz\/wp-content\/uploads\/2024\/03\/Skoda-Epiq-2-small-900x506.jpg 900w, https:\/\/www.automakers.cz\/wp-content\/uploads\/2024\/03\/Skoda-Epiq-2-small-1024x576.jpg 1024w, https:\/\/www.automakers.cz\/wp-content\/uploads\/2024\/03\/Skoda-Epiq-2-small-768x432.jpg 768w, https:\/\/www.automakers.cz\/wp-content\/uploads\/2024\/03\/Skoda-Epiq-2-small-1536x864.jpg 1536w, https:\/\/www.automakers.cz\/wp-content\/uploads\/2024\/03\/Skoda-Epiq-2-small-2048x1152.jpg 2048w, https:\/\/www.automakers.cz\/wp-content\/uploads\/2024\/03\/Skoda-Epiq-2-small-1280x720.jpg 1280w\" sizes=\"auto, (max-width: 900px) 100vw, 900px\" \/><\/p>\n","protected":false},"excerpt":{"rendered":"<p>\u0160koda Auto odtajnila jm\u00e9no sv\u00e9ho elektrick\u00e9ho m\u011bstsk\u00e9ho crossoveru, a to spole\u010dn\u011b s designovou studi\u00ed nab\u00edzej\u00edc\u00ed&#8230;<\/p>\n","protected":false},"author":2,"featured_media":2844,"comment_status":"closed","ping_status":"closed","sticky":false,"template":"","format":"standard","meta":{"footnotes":""},"categories":[13,69,40],"tags":[],"class_list":["post-2843","post","type-post","status-publish","format-standard","has-post-thumbnail","hentry","category-design","category-suv","category-technologie"],"_links":{"self":[{"href":"https:\/\/www.automakers.cz\/index.php?rest_route=\/wp\/v2\/posts\/2843","targetHints":{"allow":["GET"]}}],"collection":[{"href":"https:\/\/www.automakers.cz\/index.php?rest_route=\/wp\/v2\/posts"}],"about":[{"href":"https:\/\/www.automakers.cz\/index.php?rest_route=\/wp\/v2\/types\/post"}],"author":[{"embeddable":true,"href":"https:\/\/www.automakers.cz\/index.php?rest_route=\/wp\/v2\/users\/2"}],"replies":[{"embeddable":true,"href":"https:\/\/www.automakers.cz\/index.php?rest_route=%2Fwp%2Fv2%2Fcomments&post=2843"}],"version-history":[{"count":4,"href":"https:\/\/www.automakers.cz\/index.php?rest_route=\/wp\/v2\/posts\/2843\/revisions"}],"predecessor-version":[{"id":2881,"href":"https:\/\/www.automakers.cz\/index.php?rest_route=\/wp\/v2\/posts\/2843\/revisions\/2881"}],"wp:featuredmedia":[{"embeddable":true,"href":"https:\/\/www.automakers.cz\/index.php?rest_route=\/wp\/v2\/media\/2844"}],"wp:attachment":[{"href":"https:\/\/www.automakers.cz\/index.php?rest_route=%2Fwp%2Fv2%2Fmedia&parent=2843"}],"wp:term":[{"taxonomy":"category","embeddable":true,"href":"https:\/\/www.automakers.cz\/index.php?rest_route=%2Fwp%2Fv2%2Fcategories&post=2843"},{"taxonomy":"post_tag","embeddable":true,"href":"https:\/\/www.automakers.cz\/index.php?rest_route=%2Fwp%2Fv2%2Ftags&post=2843"}],"curies":[{"name":"wp","href":"https:\/\/api.w.org\/{rel}","templated":true}]}}