{"id":2848,"date":"2024-03-17T18:49:47","date_gmt":"2024-03-17T18:49:47","guid":{"rendered":"https:\/\/www.automakers.cz\/?p=2848"},"modified":"2024-03-17T18:49:47","modified_gmt":"2024-03-17T18:49:47","slug":"polygon-most-startuje-tydny-bezpecnosti","status":"publish","type":"post","link":"https:\/\/www.automakers.cz\/?p=2848","title":{"rendered":"Polygon Most startuje T\u00fddny bezpe\u010dnosti"},"content":{"rendered":"<p><strong>Polygon Most p\u0159i\u0161el s novou kampan\u00ed \u201eT\u00fddny bezpe\u010dnosti\u201c, kter\u00e1 m\u00e1 za c\u00edl motivovat ve\u0159ejnost k \u00fa\u010dasti na kurzech bezpe\u010dn\u00e9 j\u00edzdy a podn\u011bcovat \u0159idi\u010de k dal\u0161\u00edmu zdokonalov\u00e1n\u00ed sv\u00fdch dovednost\u00ed za volantem nebo \u0159\u00edd\u00edtky. Kampa\u0148 odstartovala 15. b\u0159ezna a bude trvat do 15. \u010dervna 2024. <\/strong><!--more--><\/p>\n<p>Hlavn\u00edm mottem kampan\u011b je\u00a0<strong>\u201eZ\u00e1bava na polygonu = bez starost\u00ed na silnici\u201c<\/strong>, kter\u00e9 m\u00e1 p\u0159ipomenout, \u017ee kurz bezpe\u010dn\u00e9 j\u00edzdy m\u016f\u017ee b\u00fdt nejen pou\u010dn\u00fd, ale i z\u00e1bavn\u00fd z\u00e1\u017eitek. Kampa\u0148 startuje 15. b\u0159ezna a je rozd\u011blena na t\u0159i \u010d\u00e1sti, z\u00a0nich\u017e ka\u017ed\u00e1 se zam\u011b\u0159uje na ur\u010dit\u00e9 skupiny \u0159idi\u010d\u016f.<\/p>\n<p><b>V prvn\u00ed \u010d\u00e1sti nab\u00eddne zv\u00fdhodn\u011bn\u00e9 unipoukazy na kurzy bezpe\u010dn\u00e9 j\u00edzdy zam\u011b\u0159en\u00e9 na \u0161irokou ve\u0159ejnost.<\/b>\u00a0Z\u00e1jemci si d\u00edky zv\u00fdhodn\u011bn\u00fdm unipoukaz\u016fm budou moci vybrat kurz z\u00a0\u0161irok\u00e9 nab\u00eddky Polygonu Most, kter\u00fd jim nejv\u00edce vyhovuje. V nab\u00eddce najdou v\u0161e od z\u00e1kladn\u00edho Kurzu bezpe\u010dn\u00e9 j\u00edzdy, p\u0159es kurzy zam\u011b\u0159en\u00e9 na mlad\u00e9 \u0159idi\u010de, \u017eeny, pokro\u010dil\u00e9 \u0159idi\u010de, ale i motork\u00e1\u0159e, nebo kurz s odpo\u010dtem bod\u016f.<\/p>\n<p><b>V\u00a0druh\u00e9 \u010d\u00e1sti, kter\u00e1 startuje 15. dubna se kampa\u0148 zam\u011b\u0159\u00ed na pokro\u010dil\u00e9 a sportovn\u011b orientovan\u00e9 \u0159idi\u010de<\/b>, kte\u0159\u00ed budou moci absolvovat zv\u00fdhodn\u011bn\u00e9 kurzy zam\u011b\u0159en\u00e9 na sportovn\u00ed j\u00edzdu a jejich\u017e sou\u010d\u00e1st\u00ed jsou nap\u0159\u00edklad i j\u00edzdy na dr\u00e1ze velk\u00e9ho mosteck\u00e9ho okruhu.<\/p>\n<p><b>V t\u0159et\u00ed f\u00e1zi se kampa\u0148 zam\u011b\u0159\u00ed na motork\u00e1\u0159e<\/b>, kte\u0159\u00ed se cht\u011bj\u00ed zdokonalit a z\u00edskat nov\u00e9 dovednosti pro bezpe\u010dnou j\u00edzdu v kurzu FOR MOTO STANDARD.<\/p>\n<p>Jako dal\u0161\u00ed motivaci pro z\u00e1jemce o vylep\u0161en\u00ed sv\u00fdch \u0159idi\u010dsk\u00fdch schopnost\u00ed p\u0159ipravil Polygon Most rovn\u011b\u017e\u00a0<b>atraktivn\u00ed d\u00e1rky pro absolventy kurz\u016f<\/b>. Najdeme mezi nimi nap\u0159\u00edklad vstupenky na\u00a0<a href=\"https:\/\/autodrom-mostcz.t.mailkit.eu\/mc\/VEQUVPCP\/FIWXLZOQFDIDTIBCFZ\/CIPLIVCLLIQ\" target=\"_blank\" rel=\"noopener\">mistrovstv\u00ed sv\u011bta superbik\u016f<\/a>, tradi\u010dn\u00ed\u00a0<a href=\"https:\/\/autodrom-mostcz.t.mailkit.eu\/mc\/VEQUVPEL\/ZFFPYCPFBLQZXDYGHU\/CIPLIVCLLIQ\" target=\"_blank\" rel=\"noopener\">Czech Truck Prix &amp; NASCAR Show<\/a>, poukazy na j\u00edzdu na z\u00e1vodn\u00edm okruhu a dal\u0161\u00ed. B\u011bhem kampan\u011b budou na soci\u00e1ln\u00edch s\u00edt\u00edch Autodromu Most prob\u00edhat tak\u00e9 sout\u011b\u017ee, ve kter\u00fdch fanou\u0161ci budou moci vyhr\u00e1t poukazy na kurzy.<\/p>\n<p>Mosteck\u00e9 t\u00fddny bezpe\u010dnosti skon\u010d\u00ed 15. \u010dervna, ale z\u00e1jemci, kte\u0159\u00ed vyu\u017eij\u00ed n\u011bkterou z nab\u00eddek, budou moct\u00a0<b>poukazy uplatnit v pr\u016fb\u011bhu cel\u00e9ho roku<\/b>.<\/p>\n<p><strong>Polygon Most<\/strong>\u00a0je nejv\u011bt\u0161\u00edm centrem kurz\u016f bezpe\u010dn\u00e9 j\u00edzdy v \u010cesk\u00e9 republice s komplexn\u00edm z\u00e1zem\u00edm a profesion\u00e1ln\u00edmi instruktory. Krom\u011b ve\u0159ejnosti jsou zde \u0161koleny i slo\u017eky IZS a profesion\u00e1lov\u00e9 od \u0159idi\u010d\u016f kamion\u016f, p\u0159es autobusy m\u011bstsk\u00e9 hromadn\u00e9 dopravy a\u017e po arm\u00e1dn\u00ed \u0159idi\u010de.\u00a0<strong>Polygon Most je p\u0159edn\u00edm \u010desk\u00fd centrem pro vzd\u011bl\u00e1v\u00e1n\u00ed ve\u0159ejnosti v oblasti silni\u010dn\u00ed bezpe\u010dnosti.<\/strong><\/p>\n<p><img loading=\"lazy\" decoding=\"async\" class=\"alignnone size-medium wp-image-2850\" src=\"http:\/\/www.automakers.cz\/wp-content\/uploads\/2024\/03\/kurzproridiceforladies-1-small--900x600.jpg\" alt=\"\" width=\"900\" height=\"600\" srcset=\"https:\/\/www.automakers.cz\/wp-content\/uploads\/2024\/03\/kurzproridiceforladies-1-small--900x600.jpg 900w, https:\/\/www.automakers.cz\/wp-content\/uploads\/2024\/03\/kurzproridiceforladies-1-small--1024x682.jpg 1024w, https:\/\/www.automakers.cz\/wp-content\/uploads\/2024\/03\/kurzproridiceforladies-1-small--768x512.jpg 768w, https:\/\/www.automakers.cz\/wp-content\/uploads\/2024\/03\/kurzproridiceforladies-1-small-.jpg 1280w\" sizes=\"auto, (max-width: 900px) 100vw, 900px\" \/><\/p>\n","protected":false},"excerpt":{"rendered":"<p>Polygon Most p\u0159i\u0161el s novou kampan\u00ed \u201eT\u00fddny bezpe\u010dnosti\u201c, kter\u00e1 m\u00e1 za c\u00edl motivovat ve\u0159ejnost k&#8230;<\/p>\n","protected":false},"author":2,"featured_media":2849,"comment_status":"closed","ping_status":"closed","sticky":false,"template":"","format":"standard","meta":{"footnotes":""},"categories":[26],"tags":[],"class_list":["post-2848","post","type-post","status-publish","format-standard","has-post-thumbnail","hentry","category-eventy"],"_links":{"self":[{"href":"https:\/\/www.automakers.cz\/index.php?rest_route=\/wp\/v2\/posts\/2848","targetHints":{"allow":["GET"]}}],"collection":[{"href":"https:\/\/www.automakers.cz\/index.php?rest_route=\/wp\/v2\/posts"}],"about":[{"href":"https:\/\/www.automakers.cz\/index.php?rest_route=\/wp\/v2\/types\/post"}],"author":[{"embeddable":true,"href":"https:\/\/www.automakers.cz\/index.php?rest_route=\/wp\/v2\/users\/2"}],"replies":[{"embeddable":true,"href":"https:\/\/www.automakers.cz\/index.php?rest_route=%2Fwp%2Fv2%2Fcomments&post=2848"}],"version-history":[{"count":3,"href":"https:\/\/www.automakers.cz\/index.php?rest_route=\/wp\/v2\/posts\/2848\/revisions"}],"predecessor-version":[{"id":2861,"href":"https:\/\/www.automakers.cz\/index.php?rest_route=\/wp\/v2\/posts\/2848\/revisions\/2861"}],"wp:featuredmedia":[{"embeddable":true,"href":"https:\/\/www.automakers.cz\/index.php?rest_route=\/wp\/v2\/media\/2849"}],"wp:attachment":[{"href":"https:\/\/www.automakers.cz\/index.php?rest_route=%2Fwp%2Fv2%2Fmedia&parent=2848"}],"wp:term":[{"taxonomy":"category","embeddable":true,"href":"https:\/\/www.automakers.cz\/index.php?rest_route=%2Fwp%2Fv2%2Fcategories&post=2848"},{"taxonomy":"post_tag","embeddable":true,"href":"https:\/\/www.automakers.cz\/index.php?rest_route=%2Fwp%2Fv2%2Ftags&post=2848"}],"curies":[{"name":"wp","href":"https:\/\/api.w.org\/{rel}","templated":true}]}}