{"id":2852,"date":"2024-03-17T17:49:07","date_gmt":"2024-03-17T17:49:07","guid":{"rendered":"https:\/\/www.automakers.cz\/?p=2852"},"modified":"2024-03-17T17:50:19","modified_gmt":"2024-03-17T17:50:19","slug":"kusy-sefem-elektroenergetickeho-datoveho-centra","status":"publish","type":"post","link":"https:\/\/www.automakers.cz\/?p=2852","title":{"rendered":"Kus\u00fd \u0161\u00e9fem Elektroenergetick\u00e9ho datov\u00e9ho centra"},"content":{"rendered":"<p><strong>Nov\u00fdm p\u0159edsedou p\u0159edstavenstva Elektroenergetick\u00e9ho datov\u00e9ho centra (EDC) byl jmenov\u00e1n Petr Kus\u00fd. B\u00fdval\u00fd radn\u00ed Energetick\u00e9ho regula\u010dn\u00edho \u00fa\u0159adu (ER\u00da) nahradil v \u010dele spole\u010dnosti Richarda Kabeleho, kter\u00fd se p\u0159esunul na pozici m\u00edstop\u0159edsedy p\u0159edstavenstva. Naopak funkci \u010dlena p\u0159edstavenstva opustil Luk\u00e1\u0161 K\u0159ivanec. Se shodn\u00fdm pod\u00edlem akci\u00ed vlastn\u00ed EDC spole\u010dnosti \u010cEZ Distribuce, EG.D, PREdistribuce a \u010cEPS.<\/strong><!--more--><\/p>\n<p>\u201eJedn\u00edm z kl\u00ed\u010dov\u00fdch p\u0159edpoklad\u016f komunitn\u00edho sd\u00edlen\u00ed elekt\u0159iny je zprovozn\u011bn\u00ed slu\u017eeb EDC. P\u0159ich\u00e1z\u00edm s v\u011bdom\u00edm d\u0159\u00edve stanoven\u00e9ho term\u00ednu 1. srpna 2024 pro start jeho fungov\u00e1n\u00ed a ud\u011bl\u00e1m maximum pro to, abychom byli v\u010das p\u0159ipraveni. Kl\u00ed\u010dov\u00fdm po\u017eadavkem pro spr\u00e1vn\u00e9 fungov\u00e1n\u00ed EDC je nyn\u00ed vybudov\u00e1n\u00ed IT syst\u00e9mu, kter\u00fd bude v \u0159\u00e1du des\u00edtek minut schopen p\u0159ij\u00edmat, vyhodnocovat a odes\u00edlat velk\u00e9 objemy nam\u011b\u0159en\u00fdch dat,\u201c uvedl P. Kus\u00fd.<\/p>\n<p>Podle novely energetick\u00e9ho z\u00e1kona LEX OZE II m\u00e1 EDC poskytovat vyhodnocov\u00e1n\u00ed sd\u00edlen\u00ed elekt\u0159iny v r\u00e1mci komunitn\u00edho sd\u00edlen\u00ed, resp. sd\u00edlen\u00ed mezi aktivn\u00edmi z\u00e1kazn\u00edky. V praxi to znamen\u00e1, \u017ee nejprve mus\u00ed umo\u017enit \u00fa\u010dastn\u00edk\u016fm trhu registrovat se v nov\u011b vytvo\u0159en\u00e9m syst\u00e9mu pro nastaven\u00ed v\u00fdm\u011bny a z\u00edsk\u00e1v\u00e1n\u00ed dat o sd\u00edlen\u00ed elekt\u0159iny.<\/p>\n<p>N\u00e1sledn\u011b bude EDC p\u0159ij\u00edmat od provozovatel\u016f distribu\u010dn\u00edch soustav nam\u011b\u0159en\u00e1 data z pr\u016fb\u011bhov\u00e9ho m\u011b\u0159en\u00ed. Z t\u011bchto dat bude na denn\u00ed b\u00e1zi vyhodnocovat sd\u00edlen\u00ed elekt\u0159iny a v\u00fdstupy bude poskytovat OTE, provozovatel\u016fm distribu\u010dn\u00edch soustav a dal\u0161\u00edm opr\u00e1vn\u011bn\u00fdm subjekt\u016fm. Na z\u00e1klad\u011b dohod akcion\u00e1\u0159\u016f a s c\u00edlem urychlit start EDC bude ze za\u010d\u00e1tku v\u011bt\u0161ina \u010dinnost\u00ed spole\u010dnosti outsourcov\u00e1na.<\/p>\n<p>\u201eV\u00fdsledek prvn\u00ed f\u00e1ze spojen\u00e9 se samotn\u00fdm rozjezdem spole\u010dnosti bude do zna\u010dn\u00e9 m\u00edry z\u00e1viset na t\u00fdmov\u00e9 pr\u00e1ci cel\u00e9ho p\u0159edstavenstva EDC a na sou\u010dinnosti na\u0161ich akcion\u00e1\u0159\u016f. P\u0159ibli\u017en\u011b za m\u011bs\u00edc pl\u00e1nujeme p\u0159edstavit z\u00e1kladn\u00ed popis fungov\u00e1n\u00ed, registrac\u00ed a dal\u0161\u00edch funkcionalit zejm\u00e9na pro oblast sd\u00edlen\u00ed elekt\u0159iny. Pln\u00fd provoz EDC, kter\u00fd by podporoval nejen komunitn\u00ed sd\u00edlen\u00ed elekt\u0159iny, ale tak\u00e9 zaji\u0161\u0165oval data pro umo\u017en\u011bn\u00ed flexibility, akumulace a agregace, je napl\u00e1novan\u00fd na polovinu roku 2026,\u201c vysv\u011btlil P. Kus\u00fd.<\/p>\n<p><strong>Z Plzn\u011b na ER\u00da<\/strong><\/p>\n<p>Od ukon\u010den\u00ed vysoko\u0161kolsk\u00e9ho studia na Fakult\u011b elektrotechnick\u00e9 Z\u00e1pado\u010desk\u00e9 univerzity v Plzni pracoval Petr Kus\u00fd v Energetick\u00e9m regula\u010dn\u00edm \u00fa\u0159adu. Zast\u00e1val mimo jin\u00e9 post vedouc\u00edho statistika, \u0159editele analyticko-statistick\u00e9ho odboru a radn\u00edho. Loni v b\u0159eznu p\u0159ijal seniorn\u00ed mana\u017eerskou pozici v PREdistribuce.<\/p>\n<p><strong>Zdroj: EDC<\/strong><\/p>\n","protected":false},"excerpt":{"rendered":"<p>Nov\u00fdm p\u0159edsedou p\u0159edstavenstva Elektroenergetick\u00e9ho datov\u00e9ho centra (EDC) byl jmenov\u00e1n Petr Kus\u00fd. B\u00fdval\u00fd radn\u00ed Energetick\u00e9ho regula\u010dn\u00edho&#8230;<\/p>\n","protected":false},"author":2,"featured_media":2856,"comment_status":"closed","ping_status":"closed","sticky":false,"template":"","format":"standard","meta":{"footnotes":""},"categories":[6,5],"tags":[],"class_list":["post-2852","post","type-post","status-publish","format-standard","has-post-thumbnail","hentry","category-management","category-personalie"],"_links":{"self":[{"href":"https:\/\/www.automakers.cz\/index.php?rest_route=\/wp\/v2\/posts\/2852","targetHints":{"allow":["GET"]}}],"collection":[{"href":"https:\/\/www.automakers.cz\/index.php?rest_route=\/wp\/v2\/posts"}],"about":[{"href":"https:\/\/www.automakers.cz\/index.php?rest_route=\/wp\/v2\/types\/post"}],"author":[{"embeddable":true,"href":"https:\/\/www.automakers.cz\/index.php?rest_route=\/wp\/v2\/users\/2"}],"replies":[{"embeddable":true,"href":"https:\/\/www.automakers.cz\/index.php?rest_route=%2Fwp%2Fv2%2Fcomments&post=2852"}],"version-history":[{"count":4,"href":"https:\/\/www.automakers.cz\/index.php?rest_route=\/wp\/v2\/posts\/2852\/revisions"}],"predecessor-version":[{"id":2860,"href":"https:\/\/www.automakers.cz\/index.php?rest_route=\/wp\/v2\/posts\/2852\/revisions\/2860"}],"wp:featuredmedia":[{"embeddable":true,"href":"https:\/\/www.automakers.cz\/index.php?rest_route=\/wp\/v2\/media\/2856"}],"wp:attachment":[{"href":"https:\/\/www.automakers.cz\/index.php?rest_route=%2Fwp%2Fv2%2Fmedia&parent=2852"}],"wp:term":[{"taxonomy":"category","embeddable":true,"href":"https:\/\/www.automakers.cz\/index.php?rest_route=%2Fwp%2Fv2%2Fcategories&post=2852"},{"taxonomy":"post_tag","embeddable":true,"href":"https:\/\/www.automakers.cz\/index.php?rest_route=%2Fwp%2Fv2%2Ftags&post=2852"}],"curies":[{"name":"wp","href":"https:\/\/api.w.org\/{rel}","templated":true}]}}