{"id":2889,"date":"2024-03-19T07:02:34","date_gmt":"2024-03-19T07:02:34","guid":{"rendered":"https:\/\/www.automakers.cz\/?p=2889"},"modified":"2024-03-19T08:00:24","modified_gmt":"2024-03-19T08:00:24","slug":"mpo-startuje-dotaci-zaruka-elektromobility","status":"publish","type":"post","link":"https:\/\/www.automakers.cz\/?p=2889","title":{"rendered":"MPO startuje dotaci &#8222;Z\u00e1ruka elektromobilita&#8220;"},"content":{"rendered":"<p class=\"-wm-MsoNormal\"><strong>Na pond\u011bln\u00ed tiskov\u00e9 konferenci v hotelu Courtyard by Marriott Prague City p\u0159edstavili z\u00e1stupci N\u00e1rodn\u00ed rozvojov\u00e9 banky, Ministerstva pr\u016fmyslu a obchodu, \u010cesk\u00e9 leasingov\u00e9 a finan\u010dn\u00ed asociace a Svazu dovozc\u016f automobil\u016f z\u00e1kladn\u00ed informace o zah\u00e1jen\u00ed p\u0159\u00edjmu \u017e\u00e1dost\u00ed na dotace z programu financovan\u00e9ho ze zdroj\u016f N\u00e1rodn\u00edho pl\u00e1nu obnovy s n\u00e1zvem Z\u00e1ruka Elektromobilita, kter\u00fd p\u0159ipravilo Ministerstvo pr\u016fmyslu a obchodu.<\/strong><!--more--><\/p>\n<p class=\"-wm-MsoNormal\">Tento program nab\u00edz\u00ed poskytnut\u00ed bezplatn\u00e9 z\u00e1ruky k\u00a0\u00fav\u011bru na n\u00e1kup elektromobil\u016f, pop\u0159. vozidel na vod\u00edkov\u00fd pohon a dob\u00edjec\u00edch stanic.<\/p>\n<p>Od 18. b\u0159ezna 2024 mohou podniky a podnikatel\u00e9 \u017e\u00e1dat o p\u0159\u00edsp\u011bvek a\u017e 300\u00a0000 K\u010d na n\u00e1kup elektromobil\u016f. N\u00e1rodn\u00ed rozvojov\u00e1 banka za\u010dala p\u0159ij\u00edmat \u017e\u00e1dosti o zaru\u010den\u00ed \u00fav\u011bru. P\u0159\u00edjem \u017e\u00e1dost\u00ed o podporu bude ukon\u010den 30. z\u00e1\u0159\u00ed 2025.<\/p>\n<p><img loading=\"lazy\" decoding=\"async\" class=\"alignnone size-medium wp-image-2777\" src=\"http:\/\/www.automakers.cz\/wp-content\/uploads\/2024\/03\/Elektromobil_01-2-900x600.jpg\" alt=\"\" width=\"900\" height=\"600\" \/><\/p>\n<p class=\"-wm-MsoNormal\"><b>Pro koho dotace jsou?<\/b><\/p>\n<p class=\"-wm-MsoNormal\">\u017d\u00e1dosti mohou v\u00a0r\u00e1mci uveden\u00e9ho programu pod\u00e1vat \u017eivnostn\u00edci, podnikatel\u00e9, mal\u00e9, st\u0159edn\u00ed i velk\u00e9 firmy. Nikoli soukrom\u00ed z\u00e1jemci.<\/p>\n<p class=\"-wm-MsoNormal\"><b>Co je c\u00edlem tohoto projektu?<\/b><\/p>\n<p class=\"-wm-MsoNormal\">Podpora n\u00e1kupu vozidel na alternativn\u00ed paliva a v\u00fdstavba dob\u00edjec\u00edch stanic.<\/p>\n<p class=\"-wm-MsoNormal\"><b>Jakou formou?<\/b><\/p>\n<p class=\"-wm-MsoNormal\">\u010clen p\u0159edstavenstva N\u00e1rodn\u00ed rozvojov\u00e9 banky, Pavel K\u0159ivono\u017eka k\u00a0tomu uvedl: \u201eNa\u0161e banka bude vystavovat z\u00e1ruky k\u00a0<b>\u00fav\u011br\u016fm<\/b>, kter\u00e9 poskytnou spolupracuj\u00edc\u00ed partne\u0159i \u2013 tedy komer\u010dn\u00ed banky \u010di leasingov\u00e9 spole\u010dnosti. Tento mechanismus pou\u017e\u00edv\u00e1me i v\u00a0jin\u00fdch programech na\u0161eho portfolia.<\/p>\n<p class=\"-wm-MsoNormal\"><b>Konkr\u00e9tn\u011b jak?<\/b><\/p>\n<p class=\"-wm-MsoNormal\">\u201eZvolili jsme optim\u00e1ln\u00ed zp\u016fsob financov\u00e1n\u00ed, kter\u00fd zahrnuje i finan\u010dn\u00ed p\u0159\u00edsp\u011bvek, p\u0159i\u010dem\u017e pr\u00e1v\u011b d\u00edky p\u0159\u00edtomnosti \u00fav\u011bru je zam\u011b\u0159en na ty, kte\u0159\u00ed si elektromobily sami nemohou dovolit z\u00a0vlastn\u00edch zdroj\u016f\u201c uvedl\u00a0<strong>Marian Piecha<\/strong><b>,<\/b>\u00a0\u0159editel sekce fond\u016f Evropsk\u00e9 unie, Ministerstva pr\u016fmyslu a obchodu.<\/p>\n<p class=\"-wm-MsoNormal\"><b>Kolik je na projekt rezervov\u00e1no pen\u011bz?<\/b><\/p>\n<p class=\"-wm-MsoNormal\">\u201eNa uveden\u00e9 dotace je p\u0159ipraveno celkem 1,65 miliardy K\u010d na po\u0159\u00edzen\u00ed vozidel a dal\u0161\u00edch 300 milion\u016f na dob\u00edjec\u00ed stanice\u201c, doplnil Marian Piecha s\u00a0t\u00edm, \u017ee \u201eMinisterstvo douf\u00e1, \u017ee tento program p\u0159isp\u011bje k\u00a0podpo\u0159e a rozvoji elektromobility i na \u00farovni dal\u0161\u00edch resort\u016f\u201c.<\/p>\n<p class=\"-wm-MsoNormal\"><b>Jak se \u010dek\u00e1 z\u00e1jem o tento projekt?<\/b><\/p>\n<p class=\"-wm-MsoNormal\">\u010cesk\u00e1 leasingov\u00e1 a finan\u010dn\u00ed asociace, jak uvedla\u00a0<strong>Jana Hanu\u0161ov\u00e1,<\/strong><strong>\u00a0<\/strong>p\u0159edsedkyn\u011b p\u0159edstavenstva \u010cLFA o\u010dek\u00e1v\u00e1, \u201e\u017de vznikne v\u00fdrazn\u00e9 zv\u00fd\u0161en\u00ed popt\u00e1vky po bezemisn\u00edch vozidlech, d\u00edky dostupn\u011bj\u0161\u00edmu financov\u00e1n\u00ed, co\u017e je kl\u00ed\u010dov\u00fdm momentem pro p\u0159echod k\u00a0n\u00edzkoemisn\u00ed mobilit\u011b. Jen v roce 2023 \u010dlenov\u00e9 \u010cLFA profinancovali ka\u017ed\u00fd t\u0159et\u00ed elektromobil prodan\u00fd v\u00a0\u010cR, konkr\u00e9tn\u011b to bylo 2047 vozidel a letos by to m\u011blo b\u00fdt v\u00fdrazn\u011b v\u00edc\u201c.<\/p>\n<p class=\"-wm-MsoNormal\"><b>Na jak\u00e9 elektromobily se dotace vztahuj\u00ed?<\/b><\/p>\n<p class=\"-wm-MsoNormal\">Na \u010dist\u011b elektrick\u00e1 vozidla kategori\u00ed osobn\u00ed (M1), lehk\u00e9 u\u017eitkov\u00e9 (N1) a n\u00e1kladn\u00ed (N2 s\u00a0hmotnost\u00ed do 4,25 t). Tato vozidla nemus\u00ed b\u00fdt zcela nov\u00e1, ale nesm\u00ed b\u00fdt star\u0161\u00ed \u0161esti m\u011bs\u00edc\u016f a s\u00a0n\u00e1jezdem v\u011bt\u0161\u00edm ne\u017e 6000 km. U osobn\u00edch voz\u016f nesm\u00ed b\u00fdt cena vy\u0161\u0161\u00ed ne\u017e 1,5 milionu bez DPH.<\/p>\n<p class=\"-wm-MsoNormal\"><b>Kolik lze dostat na vozidlo nebo na dob\u00edjec\u00ed stanici?<\/b><\/p>\n<p class=\"-wm-MsoNormal\">Po dolo\u017een\u00ed vlastnictv\u00ed vozidla mohou firmy a podnikatel\u00e9 z\u00edskat finan\u010dn\u00ed p\u0159\u00edsp\u011bvek ve v\u00fd\u0161i a\u017e 300\u00a0000 K\u010d na vozidlo a a\u017e 150\u00a0000 K\u010d na dob\u00edjec\u00ed stanici. Konkr\u00e9tn\u011b to m\u016f\u017ee b\u00fdt:<\/p>\n<ul type=\"disc\">\n<li class=\"-wm-MsoListParagraphCxSpFirst\">Max. 200\u00a0000 K\u010d na osobn\u00ed vozidla M1<\/li>\n<li class=\"-wm-MsoListParagraphCxSpMiddle\">Max. 250\u00a0000 K\u010d na lehk\u00e9 u\u017eitkov\u00e9 vozy N1<\/li>\n<li class=\"-wm-MsoListParagraphCxSpMiddle\">Max. 300\u00a0000 K\u010d na n\u00e1kladn\u00ed vozidlo N2 do 4,25 t<\/li>\n<li class=\"-wm-MsoListParagraphCxSpMiddle\">Max. 50\u00a0000 K\u010d na dob\u00edjec\u00ed stanici AC<\/li>\n<li class=\"-wm-MsoListParagraphCxSpMiddle\">Max. 100\u00a0000 K\u010d na dob\u00edjec\u00ed stanici DC do 40 kW<\/li>\n<li class=\"-wm-MsoListParagraphCxSpLast\">Max. 150\u00a0000 K\u010d na dob\u00edjec\u00ed stanici DC nad 40 kW<\/li>\n<\/ul>\n<p><strong>Kdo byl na konferenci<\/strong><\/p>\n<p>Informace o dotac\u00edch poskytovali (zleva) <strong>Jana Hanu\u0161ov\u00e1,\u00a0<\/strong>p\u0159edsedkyn\u011b p\u0159edstavenstva \u010cesk\u00e9 leasingov\u00e9 a finan\u010dn\u00ed asociace,\u00a0<strong>Marian Piecha<\/strong>, \u0159editel sekce fond\u016f Evropsk\u00e9 unie, Ministerstvo pr\u016fmyslu a obchodu,\u00a0<strong>Pavel K\u0159ivono\u017eka<\/strong><b>,<\/b>\u00a0\u010dlen p\u0159edstavenstva N\u00e1rodn\u00ed rozvojov\u00e9 banky,\u00a0<strong>Jan Riegl,<\/strong><strong>\u00a0<\/strong>\u0159editel odboru V\u00fdvoj a metodika produkt\u016f, N\u00e1rodn\u00ed rozvojov\u00e1 banka a\u00a0<strong>Josef Pokorn\u00fd<\/strong><b>,<\/b> tajemn\u00edk Svazu dovozc\u016f automobil\u016f.<\/p>\n<figure id=\"attachment_2908\" aria-describedby=\"caption-attachment-2908\" style=\"width: 900px\" class=\"wp-caption alignnone\"><img loading=\"lazy\" decoding=\"async\" class=\"size-medium wp-image-2908\" src=\"http:\/\/www.automakers.cz\/wp-content\/uploads\/2024\/03\/Dotace_NRB_Zaruka-elektromobilita-TK-Pokorny-900x584.jpg\" alt=\"\" width=\"900\" height=\"584\" \/><figcaption id=\"caption-attachment-2908\" class=\"wp-caption-text\">20240318_093548<\/figcaption><\/figure>\n<p class=\"-wm-MsoNormal\">V\u00edce informac\u00ed naleznou z\u00e1jemci na:\u00a0<a href=\"https:\/\/www.nrb.cz\/produkt\/elektromobilita\/\" target=\"_blank\" rel=\"noopener\">https:\/\/www.nrb.cz\/produkt\/elektromobilita\/<\/a><\/p>\n<p class=\"-wm-MsoNormal\"><strong>Karel Ber\u00e1nek, TK Coutyard by Mariott<\/strong><\/p>\n<p class=\"-wm-MsoNormal\">\n","protected":false},"excerpt":{"rendered":"<p>Na pond\u011bln\u00ed tiskov\u00e9 konferenci v hotelu Courtyard by Marriott Prague City p\u0159edstavili z\u00e1stupci N\u00e1rodn\u00ed rozvojov\u00e9&#8230;<\/p>\n","protected":false},"author":1,"featured_media":611,"comment_status":"closed","ping_status":"closed","sticky":false,"template":"","format":"standard","meta":{"footnotes":""},"categories":[9,22],"tags":[],"class_list":["post-2889","post","type-post","status-publish","format-standard","has-post-thumbnail","hentry","category-elektromobily","category-konference"],"_links":{"self":[{"href":"https:\/\/www.automakers.cz\/index.php?rest_route=\/wp\/v2\/posts\/2889","targetHints":{"allow":["GET"]}}],"collection":[{"href":"https:\/\/www.automakers.cz\/index.php?rest_route=\/wp\/v2\/posts"}],"about":[{"href":"https:\/\/www.automakers.cz\/index.php?rest_route=\/wp\/v2\/types\/post"}],"author":[{"embeddable":true,"href":"https:\/\/www.automakers.cz\/index.php?rest_route=\/wp\/v2\/users\/1"}],"replies":[{"embeddable":true,"href":"https:\/\/www.automakers.cz\/index.php?rest_route=%2Fwp%2Fv2%2Fcomments&post=2889"}],"version-history":[{"count":9,"href":"https:\/\/www.automakers.cz\/index.php?rest_route=\/wp\/v2\/posts\/2889\/revisions"}],"predecessor-version":[{"id":2894,"href":"https:\/\/www.automakers.cz\/index.php?rest_route=\/wp\/v2\/posts\/2889\/revisions\/2894"}],"wp:featuredmedia":[{"embeddable":true,"href":"https:\/\/www.automakers.cz\/index.php?rest_route=\/wp\/v2\/media\/611"}],"wp:attachment":[{"href":"https:\/\/www.automakers.cz\/index.php?rest_route=%2Fwp%2Fv2%2Fmedia&parent=2889"}],"wp:term":[{"taxonomy":"category","embeddable":true,"href":"https:\/\/www.automakers.cz\/index.php?rest_route=%2Fwp%2Fv2%2Fcategories&post=2889"},{"taxonomy":"post_tag","embeddable":true,"href":"https:\/\/www.automakers.cz\/index.php?rest_route=%2Fwp%2Fv2%2Ftags&post=2889"}],"curies":[{"name":"wp","href":"https:\/\/api.w.org\/{rel}","templated":true}]}}