{"id":2911,"date":"2024-03-20T08:03:57","date_gmt":"2024-03-20T08:03:57","guid":{"rendered":"https:\/\/www.automakers.cz\/?p=2911"},"modified":"2024-03-20T08:05:09","modified_gmt":"2024-03-20T08:05:09","slug":"patrik-madle-konci-v-komunikaci-csob","status":"publish","type":"post","link":"https:\/\/www.automakers.cz\/?p=2911","title":{"rendered":"Patrik Madle kon\u010d\u00ed v komunikaci \u010cSOB"},"content":{"rendered":"<p><strong>Dosavadn\u00ed mluv\u010d\u00ed \u010cSOB Patrik Madle po \u0161esti a p\u016fl roce odch\u00e1z\u00ed. Jako PR mana\u017eer banky p\u016fsobil \u0161est a p\u016fl roku, <a href=\"https:\/\/www.mediar.cz\/madle-strida-havovou-jako-mluvci-csob\/\">pozice se uj\u00edmal v\u00a0z\u00e1\u0159\u00ed 2017<\/a>. Z komunikace firmy odch\u00e1z\u00ed tak\u00e9 Pavla Kuklov\u00e1. Kdo je nahrad\u00ed?<br \/>\n<\/strong><!--more--><\/p>\n<p>Novou \u010dlenkou komunika\u010dn\u00edho t\u00fdmu bankovn\u00edho domu\u00a0<em><strong>\u010cSOB<\/strong><\/em>\u00a0se st\u00e1v\u00e1\u00a0<strong>Monika Ho\u0159\u00ednkov\u00e1<\/strong>. P\u0159ich\u00e1z\u00ed z\u00a0medi\u00e1ln\u00edho domu\u00a0<em><strong>Czech News Center<\/strong><\/em>, kde zaji\u0161\u0165ovala extern\u00ed i\u00a0intern\u00ed komunikaci,\u00a0<a href=\"https:\/\/www.mediar.cz\/horinkova-vede-komunikaci-czech-news-center\/\">nastupovala p\u0159ed t\u0159emi lety<\/a>, v\u00a0dubnu 2021.<\/p>\n<p>V\u00a0\u010cSOB bude ve spolupr\u00e1ci s\u00a0mana\u017eerkou komunika\u010dn\u00edho t\u00fdmu\u00a0<strong>Kate\u0159inou Dud\u00e1\u0161ovou<\/strong>,\u00a0<strong>Michaelou Pr\u016fchovou<\/strong>\u00a0a\u00a0<strong>Petrem Milatou<\/strong>\u00a0maj\u00ed \u201evyu\u017e\u00edvat sv\u00e9 expertn\u00ed synergie s\u00a0c\u00edlem obohatit komunikaci o\u00a0nov\u00e9 mo\u017enosti i\u00a0form\u00e1ty\u201c.<\/p>\n<figure id=\"attachment_2913\" aria-describedby=\"caption-attachment-2913\" style=\"width: 900px\" class=\"wp-caption alignnone\"><img loading=\"lazy\" decoding=\"async\" class=\"size-medium wp-image-2913\" src=\"http:\/\/www.automakers.cz\/wp-content\/uploads\/2024\/03\/monika-horinkova-900x600.jpg\" alt=\"\" width=\"900\" height=\"600\" srcset=\"https:\/\/www.automakers.cz\/wp-content\/uploads\/2024\/03\/monika-horinkova-900x600.jpg 900w, https:\/\/www.automakers.cz\/wp-content\/uploads\/2024\/03\/monika-horinkova-1024x683.jpg 1024w, https:\/\/www.automakers.cz\/wp-content\/uploads\/2024\/03\/monika-horinkova-768x512.jpg 768w, https:\/\/www.automakers.cz\/wp-content\/uploads\/2024\/03\/monika-horinkova.jpg 1500w\" sizes=\"auto, (max-width: 900px) 100vw, 900px\" \/><figcaption id=\"caption-attachment-2913\" class=\"wp-caption-text\">Monika Ho\u0159\u00ednkov\u00e1<\/figcaption><\/figure>\n<p>Pr\u016fchov\u00e1 bude mluv\u010d\u00ed pro oblast inovac\u00ed, vztahov\u00e9ho bankovnictv\u00ed a\u00a0ESG, Ho\u0159\u00ednkov\u00e1 mluv\u010d\u00ed pro oblast bydlen\u00ed, \u00fav\u011br\u016f, investic a\u00a0spo\u0159en\u00ed a\u00a0Milata mluv\u010d\u00ed pro oblast poji\u0161t\u011bn\u00ed, kybernetick\u00e9 prevence, penz\u00ed a\u00a0leasingu. C\u00edlem zm\u011bn je podle \u010cSOB \u201ereagovat na aktu\u00e1ln\u00ed pot\u0159eby sou\u010dasn\u00e9ho medi\u00e1ln\u00edho prost\u0159ed\u00ed\u201c.<\/p>\n<p><strong>Zdroj: mediar.cz<\/strong><\/p>\n","protected":false},"excerpt":{"rendered":"<p>Dosavadn\u00ed mluv\u010d\u00ed \u010cSOB Patrik Madle po \u0161esti a p\u016fl roce odch\u00e1z\u00ed. Jako PR mana\u017eer banky&#8230;<\/p>\n","protected":false},"author":1,"featured_media":1218,"comment_status":"closed","ping_status":"closed","sticky":false,"template":"","format":"standard","meta":{"footnotes":""},"categories":[5,21],"tags":[],"class_list":["post-2911","post","type-post","status-publish","format-standard","has-post-thumbnail","hentry","category-personalie","category-pr"],"_links":{"self":[{"href":"https:\/\/www.automakers.cz\/index.php?rest_route=\/wp\/v2\/posts\/2911","targetHints":{"allow":["GET"]}}],"collection":[{"href":"https:\/\/www.automakers.cz\/index.php?rest_route=\/wp\/v2\/posts"}],"about":[{"href":"https:\/\/www.automakers.cz\/index.php?rest_route=\/wp\/v2\/types\/post"}],"author":[{"embeddable":true,"href":"https:\/\/www.automakers.cz\/index.php?rest_route=\/wp\/v2\/users\/1"}],"replies":[{"embeddable":true,"href":"https:\/\/www.automakers.cz\/index.php?rest_route=%2Fwp%2Fv2%2Fcomments&post=2911"}],"version-history":[{"count":3,"href":"https:\/\/www.automakers.cz\/index.php?rest_route=\/wp\/v2\/posts\/2911\/revisions"}],"predecessor-version":[{"id":2914,"href":"https:\/\/www.automakers.cz\/index.php?rest_route=\/wp\/v2\/posts\/2911\/revisions\/2914"}],"wp:featuredmedia":[{"embeddable":true,"href":"https:\/\/www.automakers.cz\/index.php?rest_route=\/wp\/v2\/media\/1218"}],"wp:attachment":[{"href":"https:\/\/www.automakers.cz\/index.php?rest_route=%2Fwp%2Fv2%2Fmedia&parent=2911"}],"wp:term":[{"taxonomy":"category","embeddable":true,"href":"https:\/\/www.automakers.cz\/index.php?rest_route=%2Fwp%2Fv2%2Fcategories&post=2911"},{"taxonomy":"post_tag","embeddable":true,"href":"https:\/\/www.automakers.cz\/index.php?rest_route=%2Fwp%2Fv2%2Ftags&post=2911"}],"curies":[{"name":"wp","href":"https:\/\/api.w.org\/{rel}","templated":true}]}}