{"id":2928,"date":"2024-03-20T11:41:57","date_gmt":"2024-03-20T11:41:57","guid":{"rendered":"https:\/\/www.automakers.cz\/?p=2928"},"modified":"2024-03-20T11:41:57","modified_gmt":"2024-03-20T11:41:57","slug":"vitkovicke-slevarny-hledaji-investora","status":"publish","type":"post","link":"https:\/\/www.automakers.cz\/?p=2928","title":{"rendered":"V\u00edtkovick\u00e9 sl\u00e9v\u00e1rny hledaj\u00ed investora"},"content":{"rendered":"<p><strong>Ostravsk\u00e9 V\u00edtkovick\u00e9 sl\u00e9v\u00e1rny, kter\u00e9 jsou od listopadu v insolven\u010dn\u00edm \u0159\u00edzen\u00ed, pokra\u010duj\u00ed ve v\u00fdrob\u011b a hledaj\u00ed investora. Firm\u011b se poda\u0159ilo zat\u00edm zachovat nejen st\u011b\u017eejn\u00ed v\u00fdrobu v\u00e1lc\u016f a know-how, ale tak\u00e9 obchodn\u00ed vztahy a zam\u011bstnanost.<\/strong><!--more--><\/p>\n<p><em>\u201eM\u016f\u017eeme potvrdit, \u017ee pokra\u010duje v\u00fdroba lit\u00fdch v\u00e1lc\u016f i obchodn\u00ed \u010dinnost, p\u0159i\u010dem\u017e p\u0159ev\u00e1\u017en\u00e1 \u010d\u00e1st produkce sm\u011b\u0159uje do zahrani\u010d\u00ed. V\u00fdrobn\u00ed n\u00e1pl\u0148 tohoto roku je zaji\u0161t\u011bna a jsme schopni z\u00a0prodeje pr\u016fb\u011b\u017en\u011b financovat provoz i hradit mzdov\u00e9 n\u00e1roky zam\u011bstnanc\u016f,\u201c<\/em>\u00a0uvedl Ladislav Musil, krizov\u00fd mana\u017eer a jednatel spole\u010dnosti V\u00edtkovick\u00e9 sl\u00e9v\u00e1rny.<\/p>\n<p>V\u00a0posledn\u00edch t\u0159ech m\u011bs\u00edc\u00edch se spole\u010dnosti poda\u0159ilo dokon\u010dit v\u00fdznamn\u00e9 zak\u00e1zky i z\u00edskat nov\u00e9 objedn\u00e1vky pro p\u0159\u00ed\u0161t\u00ed m\u011bs\u00edce, v\u00a0n\u011bkter\u00fdch p\u0159\u00edpadech s\u00a0p\u0159esahem do p\u0159\u00ed\u0161t\u00edho roku. Nov\u00e9 v\u00e1lce pro v\u00e1lcov\u00e1n\u00ed kov\u016f firma nejen pr\u016fb\u011b\u017en\u011b dod\u00e1v\u00e1 kl\u00ed\u010dov\u00e9mu z\u00e1kazn\u00edkovi na Slovensku, ale dodala tak\u00e9 do N\u011bmecka, Turecka, USA a sv\u00e9mu dlouhodob\u00e9mu odb\u011brateli na Ukrajinu.<\/p>\n<p>Poda\u0159ilo se rovn\u011b\u017e stabilizovat zam\u011bstnanost, jako d\u016fle\u017eit\u00fd p\u0159edpoklad pro udr\u017een\u00ed provozu a konkurenceschopnosti. <em>\u201eOd ukon\u010den\u00ed ztr\u00e1tov\u00e9 v\u00fdroby divize sl\u00e9v\u00e1rny odlitk\u016f loni na podzim neprob\u011bhlo \u017e\u00e1dn\u00e9 dal\u0161\u00ed propou\u0161t\u011bn\u00ed ani se \u017e\u00e1dn\u00e9 nechyst\u00e1, naopak n\u011bkter\u00e9 odborn\u00e9 sl\u00e9va\u010dsk\u00e9 profese popt\u00e1v\u00e1me. Odstupn\u00e9, kter\u00e9 ji\u017e firma nebyla schopna loni vyplatit, uhradil b\u00fdval\u00fdm zam\u011bstnanc\u016fm z\u00a0p\u0159ev\u00e1\u017en\u00e9 \u010d\u00e1sti \u00fa\u0159ad pr\u00e1ce, zb\u00fdvaj\u00edc\u00ed \u010d\u00e1st chceme vyplatit v\u00a0brzk\u00e9 dob\u011b,\u201c<\/em>\u00a0doplnila Petra \u0160tefkov\u00e1, \u0159editelka spole\u010dnosti V\u00edtkovick\u00e9 sl\u00e9v\u00e1rny.<\/p>\n<p>Intenzivn\u011b se pracuje tak\u00e9 na prodej\u00edch zbytn\u00e9ho majetku, kter\u00e9 jsou dal\u0161\u00edm nutn\u00fdm krokem a zdrojem financ\u00ed. <em>\u201eByl \u00fasp\u011b\u0161n\u011b dokon\u010den prodej hotov\u00fdch v\u00fdrobk\u016f zbyl\u00fdch po uzav\u0159en\u00ed ztr\u00e1tov\u00e9 divize sl\u00e9v\u00e1rny odlitk\u016f s\u00a0v\u00fdsledn\u00fdm p\u0159\u00ednosem v des\u00edtk\u00e1ch milion\u016f korun a prob\u00edh\u00e1 prodejn\u00ed proces zbytn\u00e9ho nemovit\u00e9ho majetku t\u00e9to divize,\u201c<\/em>\u00a0vysv\u011btlil druh\u00fd jednatel spole\u010dnosti Josef Ihn\u00e1t. Pokro\u010dilo tak\u00e9 hled\u00e1n\u00ed investora pro funguj\u00edc\u00ed divizi sl\u00e9v\u00e1rny v\u00e1lc\u016f, co\u017e je dal\u0161\u00ed sou\u010d\u00e1st reorganiza\u010dn\u00edho pl\u00e1nu. Z\u00e1jemci ji\u017e p\u0159edlo\u017eili indikativn\u00ed nab\u00eddky a aktu\u00e1ln\u011b prob\u00edh\u00e1 druh\u00e9 kolo v\u00fdb\u011brov\u00e9ho \u0159\u00edzen\u00ed.<\/p>\n<p>V\u00edtkovick\u00e9 sl\u00e9v\u00e1rny pat\u0159\u00ed k nejv\u00fdznamn\u011bj\u0161\u00edm sl\u00e9v\u00e1rensk\u00fdm spole\u010dnostem a v\u00fdrobc\u016fm v\u00e1lc\u016f ve st\u0159edn\u00ed a v\u00fdchodn\u00ed Evrop\u011b. V n\u00e1vaznosti na proveden\u00ed provozn\u00ed restrukturalizace m\u016f\u017ee b\u00fdt podnik perspektivn\u00ed investi\u010dn\u00ed p\u0159\u00edle\u017eitost\u00ed. Proto se veden\u00ed spole\u010dnosti zam\u011b\u0159uje u\u017e tak\u00e9 na zefektivn\u011bn\u00ed v\u00fdroby, finan\u010dn\u00ed pl\u00e1nov\u00e1n\u00ed a p\u0159enastaven\u00ed \u0159\u00edd\u00edc\u00edch i kontroln\u00edch mechanism\u016f.<\/p>\n<p>Spole\u010dnost podala na sebe loni v listopadu insolven\u010dn\u00ed n\u00e1vrh a navrhla \u0159e\u0161en\u00ed \u00fapadku formou reorganizace, co\u017e odsouhlasila p\u0159ev\u00e1\u017en\u00e1 \u010d\u00e1st v\u011b\u0159itel\u016f. Insolven\u010dn\u00ed soud v n\u00e1vaznosti na to zah\u00e1jil insolven\u010dn\u00ed \u0159\u00edzen\u00ed a posl\u00e9ze povolil spole\u010dnosti p\u0159ipravovanou reorganizaci. Reorganiza\u010dn\u00ed pl\u00e1n, kter\u00fd p\u0159ipravilo veden\u00ed ve spolupr\u00e1ci se specializovan\u00fdmi poradci EY a AK Glatzov\u00e1 a krizov\u00fdm mana\u017eerem, je postaven na kombinaci zachov\u00e1n\u00ed provozu restrukturalizovan\u00e9 divize sl\u00e9v\u00e1rny v\u00e1lc\u016f, vstupu investora a rozprodeje majetku divize sl\u00e9v\u00e1rny odlitk\u016f, kter\u00e1 ukon\u010dila v\u00fdrobu loni na podzim.<\/p>\n<p>Dne 27. 3. prob\u011bhne u Krajsk\u00e9ho soudu v Ostrav\u011b p\u0159ezkumn\u00e9 jedn\u00e1n\u00ed a prvn\u00ed sch\u016fze v\u011b\u0159itel\u016f, na kter\u00e9 mimo jin\u00e9 prob\u011bhne volba v\u011b\u0159itelsk\u00e9ho org\u00e1nu a projedn\u00e1n\u00ed znaleck\u00e9ho posudku. Podle \u00fadaj\u016f v\u00a0Insolven\u010dn\u00edm rejst\u0159\u00edku p\u0159ihl\u00e1silo sv\u00e9 pohled\u00e1vky do insolven\u010dn\u00edho \u0159\u00edzen\u00ed ve stanoven\u00e9m term\u00ednu celkem 195 v\u011b\u0159itel\u016f, kte\u0159\u00ed p\u0159ihl\u00e1sili pohled\u00e1vky v\u00a0celkov\u00e9 v\u00fd\u0161i 874 milion\u016f korun.<\/p>\n<p>Insolven\u010dn\u00ed spr\u00e1vce ve zve\u0159ejn\u011bn\u00e9 zpr\u00e1v\u011b (v Insolven\u010dn\u00edm rejst\u0159\u00edku) o hospod\u00e1\u0159sk\u00e9 situaci dlu\u017en\u00edka a sv\u00e9 dosavadn\u00ed \u010dinnosti krom\u011b jin\u00e9ho konstatuje: <em>\u201ePo ukon\u010den\u00ed provozu divize sl\u00e9v\u00e1rny odlitk\u016f aktu\u00e1ln\u011b dlu\u017en\u00edk implementuje dal\u0161\u00ed vyty\u010den\u00e1 restrukturaliza\u010dn\u00ed opat\u0159en\u00ed. Tato se zam\u011b\u0159uj\u00ed zejm\u00e9na na nastaven\u00ed intern\u00edch proces\u016f a pos\u00edlen\u00ed aktivity obchodn\u00edho odd\u011blen\u00ed. Dle dlu\u017en\u00edkem zpracovan\u00e9ho ekonomick\u00e9ho pl\u00e1nu by m\u011bl provoz obchodn\u00edho z\u00e1vodu dosahovat v pr\u016fb\u011bhu insolven\u010dn\u00edho \u0159\u00edzen\u00ed ziskov\u00e9ho hospoda\u0159en\u00ed.\u201c<\/em><\/p>\n<p>Reorganizace p\u0159inese v\u011b\u0159itel\u016fm vy\u0161\u0161\u00ed uspokojen\u00ed, ne\u017e jak\u00e9 by z\u00edskali v p\u0159\u00edpad\u011b konkurzu. Firm\u011b m\u00e1 reorganizace umo\u017enit nejen p\u0159ekon\u00e1n\u00ed finan\u010dn\u00edch pot\u00ed\u017e\u00ed, ale tak\u00e9 pokra\u010dov\u00e1n\u00ed ve v\u00fdrobn\u00ed \u010dinnosti. Pro obchodn\u00ed partnery m\u016f\u017ee b\u00fdt \u0159\u00edzen\u00fd a \u00fasp\u011b\u0161n\u00fd ozdravn\u00fd proces p\u0159\u00edslibem dal\u0161\u00ed dlouhodob\u00e9 a pravideln\u00e9 obchodn\u00ed spolupr\u00e1ce.<\/p>\n<p><strong>V\u00edtkovick\u00e9 sl\u00e9v\u00e1rny<\/strong><\/p>\n<p>Sl\u00e9v\u00e1rny jsou tradi\u010dn\u00edm v\u00fdrobcem v\u00e1lc\u016f pro v\u00e1lcov\u00e1n\u00ed kov\u016f za tepla, do ned\u00e1vna tak\u00e9 v\u00fdrobcem tvarov\u00fdch odlitk\u016f z ocel\u00ed, litin a slitin m\u011bdi. Jako jedin\u00fd \u010desk\u00fd v\u00fdrobce disponuj\u00ed technologi\u00ed odst\u0159ediv\u00e9ho lit\u00ed v\u00e1lc\u016f. Ro\u010dn\u00ed v\u00fdroba se pohybuje kolem 6 000 tun v\u00e1lc\u016f.<\/p>\n<p>V\u00edtkovick\u00e9 sl\u00e9v\u00e1rny vznikly v roce 1994 vy\u010dlen\u011bn\u00edm sl\u00e9v\u00e1rny barevn\u00fdch kov\u016f a pozd\u011bji sl\u00e9v\u00e1rny v\u00e1lc\u016f z pr\u016fmyslov\u00e9ho koncernu V\u00cdTKOVICE, a.s. p\u0159i restrukturalizaci. Firmu vlastn\u00ed fyzick\u00e1 osoba prost\u0159ednictv\u00edm spole\u010dnosti IC TRADE. V\u00edtkovick\u00e9 sl\u00e9v\u00e1rny zam\u011bstn\u00e1valy v posledn\u00edch letech kolem 300 lid\u00ed, po ukon\u010den\u00ed ztr\u00e1tov\u00e9 v\u00fdroby odlitk\u016f se jejich po\u010det sn\u00ed\u017eil na 180.<\/p>\n<p><u><strong>Zdroj:<\/strong> <\/u><\/p>\n<p><strong>Jana Dronsk\u00e1, interim medi\u00e1ln\u00ed z\u00e1stupce<\/strong><\/p>\n<p>&nbsp;<\/p>\n","protected":false},"excerpt":{"rendered":"<p>Ostravsk\u00e9 V\u00edtkovick\u00e9 sl\u00e9v\u00e1rny, kter\u00e9 jsou od listopadu v insolven\u010dn\u00edm \u0159\u00edzen\u00ed, pokra\u010duj\u00ed ve v\u00fdrob\u011b a hledaj\u00ed&#8230;<\/p>\n","protected":false},"author":1,"featured_media":2929,"comment_status":"closed","ping_status":"closed","sticky":false,"template":"","format":"standard","meta":{"footnotes":""},"categories":[23,3],"tags":[],"class_list":["post-2928","post","type-post","status-publish","format-standard","has-post-thumbnail","hentry","category-dodavatele","category-investice"],"_links":{"self":[{"href":"https:\/\/www.automakers.cz\/index.php?rest_route=\/wp\/v2\/posts\/2928","targetHints":{"allow":["GET"]}}],"collection":[{"href":"https:\/\/www.automakers.cz\/index.php?rest_route=\/wp\/v2\/posts"}],"about":[{"href":"https:\/\/www.automakers.cz\/index.php?rest_route=\/wp\/v2\/types\/post"}],"author":[{"embeddable":true,"href":"https:\/\/www.automakers.cz\/index.php?rest_route=\/wp\/v2\/users\/1"}],"replies":[{"embeddable":true,"href":"https:\/\/www.automakers.cz\/index.php?rest_route=%2Fwp%2Fv2%2Fcomments&post=2928"}],"version-history":[{"count":2,"href":"https:\/\/www.automakers.cz\/index.php?rest_route=\/wp\/v2\/posts\/2928\/revisions"}],"predecessor-version":[{"id":2931,"href":"https:\/\/www.automakers.cz\/index.php?rest_route=\/wp\/v2\/posts\/2928\/revisions\/2931"}],"wp:featuredmedia":[{"embeddable":true,"href":"https:\/\/www.automakers.cz\/index.php?rest_route=\/wp\/v2\/media\/2929"}],"wp:attachment":[{"href":"https:\/\/www.automakers.cz\/index.php?rest_route=%2Fwp%2Fv2%2Fmedia&parent=2928"}],"wp:term":[{"taxonomy":"category","embeddable":true,"href":"https:\/\/www.automakers.cz\/index.php?rest_route=%2Fwp%2Fv2%2Fcategories&post=2928"},{"taxonomy":"post_tag","embeddable":true,"href":"https:\/\/www.automakers.cz\/index.php?rest_route=%2Fwp%2Fv2%2Ftags&post=2928"}],"curies":[{"name":"wp","href":"https:\/\/api.w.org\/{rel}","templated":true}]}}