{"id":2981,"date":"2024-03-21T14:41:35","date_gmt":"2024-03-21T14:41:35","guid":{"rendered":"https:\/\/www.automakers.cz\/?p=2981"},"modified":"2024-03-21T15:15:01","modified_gmt":"2024-03-21T15:15:01","slug":"zbysek-pechr-konci-ve-svete-motoru","status":"publish","type":"post","link":"https:\/\/www.automakers.cz\/?p=2981","title":{"rendered":"Zby\u0161ek Pechr kon\u010d\u00ed ve Sv\u011bt\u011b motor\u016f"},"content":{"rendered":"<p><strong>B\u0159ezen p\u0159in\u00e1\u0161\u00ed do motoristick\u00e9 divize CNC person\u00e1ln\u00ed pr\u016fvan. Z\u00e1stupce \u0161\u00e9fredaktora Sv\u011bta motor\u016f David \u0160princl ode\u0161el na pozici \u0161\u00e9fredaktora magaz\u00ednu 4 Fleet a 22. b\u0159ezna, sou\u010dasn\u011b se st\u011bhov\u00e1n\u00edm redakce do nov\u00fdch prostor, skon\u010d\u00ed i \u0161\u00e9f divize a \u0161\u00e9fredaktor SM Zby\u0161ek Pechr. Co s n\u00edm bude d\u00e1l?<\/strong><span id=\"more-59549\"><\/span><span id=\"more-2265\"><\/span><!--more--><\/p>\n<p>Ze strany vydavatelstv\u00ed zat\u00edm nedo\u0161lo krom\u011b jmenov\u00e1n\u00ed \u0160princla k \u017e\u00e1dn\u00e9mu ofici\u00e1ln\u00edmu potvrzen\u00ed, podle dostupn\u00fdch informac\u00ed m\u00e1 Pechr v p\u00e1tek p\u0159edat po dohod\u011b s veden\u00edm CNC svoji pozici \u0161\u00e9fa divize dosavadn\u00edmu \u0161\u00e9fredaktorovi Auto.cz Petru Benzlovi.<\/p>\n<p><img loading=\"lazy\" decoding=\"async\" class=\"alignnone size-medium wp-image-2985\" src=\"http:\/\/www.automakers.cz\/wp-content\/uploads\/2024\/03\/Slovacek-Petr-900x506.webp\" alt=\"\" width=\"900\" height=\"506\" srcset=\"https:\/\/www.automakers.cz\/wp-content\/uploads\/2024\/03\/Slovacek-Petr-900x506.webp 900w, https:\/\/www.automakers.cz\/wp-content\/uploads\/2024\/03\/Slovacek-Petr-1024x576.webp 1024w, https:\/\/www.automakers.cz\/wp-content\/uploads\/2024\/03\/Slovacek-Petr-768x432.webp 768w, https:\/\/www.automakers.cz\/wp-content\/uploads\/2024\/03\/Slovacek-Petr-1536x864.webp 1536w, https:\/\/www.automakers.cz\/wp-content\/uploads\/2024\/03\/Slovacek-Petr-1280x720.webp 1280w, https:\/\/www.automakers.cz\/wp-content\/uploads\/2024\/03\/Slovacek-Petr.webp 1920w\" sizes=\"auto, (max-width: 900px) 100vw, 900px\" \/>Na pozici \u0161\u00e9fredaktora Sv\u011bta motor\u016f se m\u00e1 posunout redaktor Petr Slov\u00e1\u010dek.<\/p>\n<p><img loading=\"lazy\" decoding=\"async\" class=\"alignnone size-full wp-image-2269\" src=\"http:\/\/www.automakers.cz\/wp-content\/uploads\/2024\/02\/Pechr.jpg\" alt=\"\" width=\"474\" height=\"316\" \/><\/p>\n<p><strong>Co bude se Zby\u0161kem Pechrem?<\/strong><\/p>\n<p>\u201eSou\u010dasnou pozici opust\u00edm p\u0159esn\u011b v den, kdy se na\u0161e redakce bude st\u011bhovat z hole\u0161ovick\u00e9 budovy. S veden\u00edm CNC nyn\u00ed d\u00e1le jedn\u00e1me o m\u00e9m dal\u0161\u00edm mo\u017en\u00e9m anga\u017em\u00e1,\u201c potvrdil n\u00e1m ned\u00e1vno Pechr.<\/p>\n<p>V\u00fdsledek jedn\u00e1n\u00ed s vydavatelem n\u00e1m zat\u00edm neup\u0159esnil, ale podle dostupn\u00fdch informac\u00ed majitel\u00e9 CNC skute\u010dn\u011b zva\u017euj\u00ed spole\u010dn\u011b se Zby\u0161kem nov\u00fd projekt. R\u00fdsovala by se mu tak nov\u00e1 \u0161\u00e9fredaktorsk\u00e1 pozice v printov\u00e9m m\u00e9diu.<\/p>\n<p><strong>Do sl\u00e1vistick\u00e9 fan z\u00f3ny<\/strong><\/p>\n<p>Nudit se Zby\u0161ek ale tak \u010di onak nebude, z\u00e1jem o spolupr\u00e1ci m\u00e1 \u00fadajn\u011b i jeho obl\u00edben\u00fd fotbalov\u00fd odd\u00edl Slavia Praha.<\/p>\n<p><strong>Zdroj: Automakers, archiv<br \/>\n<\/strong><\/p>\n","protected":false},"excerpt":{"rendered":"<p>B\u0159ezen p\u0159in\u00e1\u0161\u00ed do motoristick\u00e9 divize CNC person\u00e1ln\u00ed pr\u016fvan. Z\u00e1stupce \u0161\u00e9fredaktora Sv\u011bta motor\u016f David \u0160princl ode\u0161el&#8230;<\/p>\n","protected":false},"author":1,"featured_media":2270,"comment_status":"closed","ping_status":"closed","sticky":false,"template":"","format":"standard","meta":{"footnotes":""},"categories":[49,27,5],"tags":[],"class_list":["post-2981","post","type-post","status-publish","format-standard","has-post-thumbnail","hentry","category-media","category-novinari","category-personalie"],"_links":{"self":[{"href":"https:\/\/www.automakers.cz\/index.php?rest_route=\/wp\/v2\/posts\/2981","targetHints":{"allow":["GET"]}}],"collection":[{"href":"https:\/\/www.automakers.cz\/index.php?rest_route=\/wp\/v2\/posts"}],"about":[{"href":"https:\/\/www.automakers.cz\/index.php?rest_route=\/wp\/v2\/types\/post"}],"author":[{"embeddable":true,"href":"https:\/\/www.automakers.cz\/index.php?rest_route=\/wp\/v2\/users\/1"}],"replies":[{"embeddable":true,"href":"https:\/\/www.automakers.cz\/index.php?rest_route=%2Fwp%2Fv2%2Fcomments&post=2981"}],"version-history":[{"count":9,"href":"https:\/\/www.automakers.cz\/index.php?rest_route=\/wp\/v2\/posts\/2981\/revisions"}],"predecessor-version":[{"id":2992,"href":"https:\/\/www.automakers.cz\/index.php?rest_route=\/wp\/v2\/posts\/2981\/revisions\/2992"}],"wp:featuredmedia":[{"embeddable":true,"href":"https:\/\/www.automakers.cz\/index.php?rest_route=\/wp\/v2\/media\/2270"}],"wp:attachment":[{"href":"https:\/\/www.automakers.cz\/index.php?rest_route=%2Fwp%2Fv2%2Fmedia&parent=2981"}],"wp:term":[{"taxonomy":"category","embeddable":true,"href":"https:\/\/www.automakers.cz\/index.php?rest_route=%2Fwp%2Fv2%2Fcategories&post=2981"},{"taxonomy":"post_tag","embeddable":true,"href":"https:\/\/www.automakers.cz\/index.php?rest_route=%2Fwp%2Fv2%2Ftags&post=2981"}],"curies":[{"name":"wp","href":"https:\/\/api.w.org\/{rel}","templated":true}]}}