{"id":2993,"date":"2024-03-22T09:35:25","date_gmt":"2024-03-22T09:35:25","guid":{"rendered":"https:\/\/www.automakers.cz\/?p=2993"},"modified":"2024-03-22T09:36:05","modified_gmt":"2024-03-22T09:36:05","slug":"hallmark-bude-sefovat-aston-martin","status":"publish","type":"post","link":"https:\/\/www.automakers.cz\/?p=2993","title":{"rendered":"Hallmark bude \u0161\u00e9fovat Aston Martin"},"content":{"rendered":"<div class=\"story_intro\">\n<p><strong>\u0160\u00e9f Bentley Motors Adrian Hallmark p\u0159ejde k dal\u0161\u00edmu britsk\u00e9mu v\u00fdrobci luxusn\u00edch automobil\u016f. Od \u0159\u00edjna m\u00e1 \u0161\u00e9fovat Aston Martin Lagonda.\u00a0<\/strong><\/p>\n<p>Hallmark pracuje ve spole\u010dnosti Bentley od roku 2018 a pracoval tak\u00e9 ve spole\u010dnostech Porsche a Volkswagen.<\/p>\n<p>Sou\u010dasn\u00fd gener\u00e1ln\u00ed \u0159editel Astonu Amedeo Felisa z\u016fstane ve funkci a\u017e do p\u0159\u00edchodu Hallmarku, uvedla spole\u010dnost ve sv\u00e9m prohl\u00e1\u0161en\u00ed, a bude i nad\u00e1le dohl\u00ed\u017eet na p\u0159edstaven\u00ed sv\u00e9 t\u0159et\u00ed generace sportovn\u00edho vozu p\u0159\u00ed\u0161t\u00ed generace koncem tohoto roku, \u010d\u00edm\u017e dopln\u00ed sv\u00e9 nov\u00e9 portfolio s motorem vp\u0159edu po uveden\u00ed model\u016f DB12 a Vantage models.<\/p>\n<p><strong>Zdroj: The Business Desk<\/strong><\/p>\n<p>&nbsp;<\/p>\n<\/div>\n<p><!--more--><\/p>\n","protected":false},"excerpt":{"rendered":"<p>\u0160\u00e9f Bentley Motors Adrian Hallmark p\u0159ejde k dal\u0161\u00edmu britsk\u00e9mu v\u00fdrobci luxusn\u00edch automobil\u016f. Od \u0159\u00edjna m\u00e1&#8230;<\/p>\n","protected":false},"author":1,"featured_media":2994,"comment_status":"closed","ping_status":"closed","sticky":false,"template":"","format":"standard","meta":{"footnotes":""},"categories":[6,5],"tags":[],"class_list":["post-2993","post","type-post","status-publish","format-standard","has-post-thumbnail","hentry","category-management","category-personalie"],"_links":{"self":[{"href":"https:\/\/www.automakers.cz\/index.php?rest_route=\/wp\/v2\/posts\/2993","targetHints":{"allow":["GET"]}}],"collection":[{"href":"https:\/\/www.automakers.cz\/index.php?rest_route=\/wp\/v2\/posts"}],"about":[{"href":"https:\/\/www.automakers.cz\/index.php?rest_route=\/wp\/v2\/types\/post"}],"author":[{"embeddable":true,"href":"https:\/\/www.automakers.cz\/index.php?rest_route=\/wp\/v2\/users\/1"}],"replies":[{"embeddable":true,"href":"https:\/\/www.automakers.cz\/index.php?rest_route=%2Fwp%2Fv2%2Fcomments&post=2993"}],"version-history":[{"count":3,"href":"https:\/\/www.automakers.cz\/index.php?rest_route=\/wp\/v2\/posts\/2993\/revisions"}],"predecessor-version":[{"id":2997,"href":"https:\/\/www.automakers.cz\/index.php?rest_route=\/wp\/v2\/posts\/2993\/revisions\/2997"}],"wp:featuredmedia":[{"embeddable":true,"href":"https:\/\/www.automakers.cz\/index.php?rest_route=\/wp\/v2\/media\/2994"}],"wp:attachment":[{"href":"https:\/\/www.automakers.cz\/index.php?rest_route=%2Fwp%2Fv2%2Fmedia&parent=2993"}],"wp:term":[{"taxonomy":"category","embeddable":true,"href":"https:\/\/www.automakers.cz\/index.php?rest_route=%2Fwp%2Fv2%2Fcategories&post=2993"},{"taxonomy":"post_tag","embeddable":true,"href":"https:\/\/www.automakers.cz\/index.php?rest_route=%2Fwp%2Fv2%2Ftags&post=2993"}],"curies":[{"name":"wp","href":"https:\/\/api.w.org\/{rel}","templated":true}]}}