{"id":30,"date":"2023-11-08T02:11:46","date_gmt":"2023-11-08T02:11:46","guid":{"rendered":"https:\/\/www.automakers.cz\/?p=30"},"modified":"2023-11-08T09:41:34","modified_gmt":"2023-11-08T09:41:34","slug":"ae-mobility-se-ukaze-na-e-salonu","status":"publish","type":"post","link":"https:\/\/www.automakers.cz\/?p=30","title":{"rendered":"AE-MOBILITY se uk\u00e1\u017ee na e-Salonu"},"content":{"rendered":"<p><strong>Projekt AE-MOBILITY se po roce vrac\u00ed na e-Salon do PVA Let\u0148any, kde bude v Hale 2 prezentovat svou komplexn\u00ed slu\u017ebu v oblasti lok\u00e1ln\u011b bezemisn\u00ed mobility.<\/strong><span id=\"more-108041\"><\/span><!--more--><\/p>\n<p>Zakladatel projektu AE-MOBILITY Radek Donner p\u0159iv\u00e1\u017e\u00ed na e-Salon nejen nab\u00eddku osobn\u00edch a u\u017eitkov\u00fdch elektrick\u00fdch vozidel od v\u00edce ne\u017e dvaceti zna\u010dek, ale nov\u011b i nab\u00eddku manipula\u010dn\u00ed, stavebn\u00ed a komun\u00e1ln\u00ed techniky na elektrick\u00fd pohon.<\/p>\n<p>\u201eOd lo\u0148sk\u00e9ho e-Salonu jsme s projektem AE-MOBILITY u\u0161li po\u0159\u00e1dn\u00fd kus cesty, a tak se leto\u0161n\u00ed v\u00fdstavy z\u00fa\u010dastn\u00edme ve v\u00fdznamn\u011b pozm\u011bn\u011bn\u00e9 sestav\u011b. S na\u0161imi partnery v projektu uk\u00e1\u017eeme modern\u00ed a praktick\u00e9 \u0159e\u0161en\u00ed fotovoltaick\u00e9 elektr\u00e1rny s bateriov\u00fdm \u00falo\u017ei\u0161t\u011bm, dopln\u011bn\u00e9 o tepeln\u00e1 \u010derpadla nebo nab\u00edje\u010dky jak pro firemn\u00ed tak priv\u00e1tn\u00ed klientelu. D\u00e1le p\u0159edstav\u00edme \u0159e\u0161en\u00ed agrovoltaiky pro vyu\u017eit\u00ed v oblasti zem\u011bd\u011blstv\u00ed, kterou nov\u011b dopl\u0148ujeme \u0161irokou nab\u00eddkou manipula\u010dn\u00ed, stavebn\u00ed a komun\u00e1ln\u00ed techniky na elektrick\u00fd pohon. Samostatnou kapitolou pak je speci\u00e1ln\u00ed program pod z\u00e1\u0161titou Ministerstva \u017eivotn\u00edho prost\u0159ed\u00ed \u2013 Elektromobilita pro \u00fa\u0159ady a st\u00e1tn\u00ed spr\u00e1vu, se kterou v leto\u0161n\u00edm roce slav\u00edme v\u00fdznamn\u00e9 \u00fasp\u011bchy. Srde\u010dn\u011b zveme nejen na n\u00e1\u0161 st\u00e1nek na leto\u0161n\u00edm e-Salonu z\u00e1stupce st\u00e1tn\u00ed spr\u00e1vy, firem a drobn\u00fdch podnikatel\u016f, stejn\u011b tak v\u0161echny p\u0159\u00edznivce i odp\u016frce elektromobility, p\u0159ij\u010fte si prohl\u00e9hnout technologick\u00e9 novinky v oblasti lok\u00e1ln\u011b bezemisn\u00ed mobility\u201c doplnil Radek Donner.<\/p>\n<p><strong>Zdroj: AE-Mobility<\/strong><\/p>\n","protected":false},"excerpt":{"rendered":"<p>Projekt AE-MOBILITY se po roce vrac\u00ed na e-Salon do PVA Let\u0148any, kde bude v Hale&#8230;<\/p>\n","protected":false},"author":1,"featured_media":31,"comment_status":"open","ping_status":"open","sticky":false,"template":"","format":"standard","meta":{"footnotes":""},"categories":[9,8],"tags":[],"class_list":["post-30","post","type-post","status-publish","format-standard","has-post-thumbnail","hentry","category-elektromobily","category-vystavy"],"_links":{"self":[{"href":"https:\/\/www.automakers.cz\/index.php?rest_route=\/wp\/v2\/posts\/30","targetHints":{"allow":["GET"]}}],"collection":[{"href":"https:\/\/www.automakers.cz\/index.php?rest_route=\/wp\/v2\/posts"}],"about":[{"href":"https:\/\/www.automakers.cz\/index.php?rest_route=\/wp\/v2\/types\/post"}],"author":[{"embeddable":true,"href":"https:\/\/www.automakers.cz\/index.php?rest_route=\/wp\/v2\/users\/1"}],"replies":[{"embeddable":true,"href":"https:\/\/www.automakers.cz\/index.php?rest_route=%2Fwp%2Fv2%2Fcomments&post=30"}],"version-history":[{"count":1,"href":"https:\/\/www.automakers.cz\/index.php?rest_route=\/wp\/v2\/posts\/30\/revisions"}],"predecessor-version":[{"id":32,"href":"https:\/\/www.automakers.cz\/index.php?rest_route=\/wp\/v2\/posts\/30\/revisions\/32"}],"wp:featuredmedia":[{"embeddable":true,"href":"https:\/\/www.automakers.cz\/index.php?rest_route=\/wp\/v2\/media\/31"}],"wp:attachment":[{"href":"https:\/\/www.automakers.cz\/index.php?rest_route=%2Fwp%2Fv2%2Fmedia&parent=30"}],"wp:term":[{"taxonomy":"category","embeddable":true,"href":"https:\/\/www.automakers.cz\/index.php?rest_route=%2Fwp%2Fv2%2Fcategories&post=30"},{"taxonomy":"post_tag","embeddable":true,"href":"https:\/\/www.automakers.cz\/index.php?rest_route=%2Fwp%2Fv2%2Ftags&post=30"}],"curies":[{"name":"wp","href":"https:\/\/api.w.org\/{rel}","templated":true}]}}