{"id":3049,"date":"2024-03-24T18:48:37","date_gmt":"2024-03-24T18:48:37","guid":{"rendered":"https:\/\/www.automakers.cz\/?p=3049"},"modified":"2024-03-24T18:48:37","modified_gmt":"2024-03-24T18:48:37","slug":"most-chysta-bmw-m-day-2024","status":"publish","type":"post","link":"https:\/\/www.automakers.cz\/?p=3049","title":{"rendered":"Most chyst\u00e1 BMW M Day 2024"},"content":{"rendered":"<p><strong>Na Autodromu Most prob\u011bhne 29. b\u0159ezna dal\u0161\u00ed ro\u010dn\u00edk setk\u00e1n\u00ed majitel\u016f a fanou\u0161k\u016f voz\u016f BMW M \u2013 BMW \/\/\/M Day 2024. Osm\u00fd ro\u010dn\u00edk op\u011bt po\u0159\u00e1d\u00e1 Czech M Club za podpory BMW Group \u010cR. V leto\u0161n\u00edm roce se o\u010dek\u00e1v\u00e1 rekordn\u00ed \u00fa\u010dast, p\u0159esahuj\u00edc\u00ed 200 voz\u016f BMW M. <\/strong><!--more--><\/p>\n<p>Krom\u011b samotn\u00e9ho setk\u00e1n\u00ed v paddocku Autodromu Most budou m\u00edt registrovan\u00ed z\u00e1jemci za poplatek 6000 K\u010d mo\u017enost j\u00edzd na okruhu. K dispozici budou profesion\u00e1ln\u00ed BMW instrukto\u0159i. Pod taktovkou \u0160enk\u00fd\u0159 Motorsport v kooperaci se z\u00e1vodn\u00edm odd\u011blen\u00edm BMW Motorsport bude p\u0159ipravena prezentace a taxi j\u00edzdy v z\u00e1vodn\u00edch vozech BMW M4 GT3 a GT4.<\/p>\n<p>K vid\u011bn\u00ed sou\u010dasn\u011b budou nej\u017ehav\u011bj\u0161\u00ed novinky z d\u00edlny BMW M v podob\u011b nap\u0159\u00edklad model\u016f BMW M3 Competition Touring, BMW i7 M70, BMW M4 Competition, BMW X2 M35i \u010di BMW XM. Vystaveny budou tak\u00e9 v\u0161echny t\u0159i M motocykly BMW Motorrad: BMW M 1000 XR, BMW M 1000 RR a BMW M 1000 R.<\/p>\n<p>BMW \/\/\/M Day 2024 za\u010d\u00edn\u00e1 v 9 hodin, kdy se za\u010dnou sj\u00ed\u017ed\u011bt \u00fa\u010dastn\u00edci, a sou\u010dasn\u011b za\u010dnou dopoledn\u00ed j\u00edzdy na z\u00e1vodn\u00ed trati. Ve 13 hodin prob\u011bhne tradi\u010dn\u00ed spanil\u00e1 j\u00edzda na okruhu. Pot\u00e9 bude okruh a\u017e do 18 hodin op\u011bt otev\u0159en pro voln\u00e9 j\u00edzdy.<\/p>\n<p><strong>Registrace j\u00edzd a v\u00edce informac\u00ed na: czechmclub.cz\u00a0<\/strong><\/p>\n<p><img loading=\"lazy\" decoding=\"async\" class=\"alignnone size-medium wp-image-3051\" src=\"http:\/\/www.automakers.cz\/wp-content\/uploads\/2024\/03\/bmw-m-day-at-most-ci-small-1-900x600.jpg\" alt=\"\" width=\"900\" height=\"600\" srcset=\"https:\/\/www.automakers.cz\/wp-content\/uploads\/2024\/03\/bmw-m-day-at-most-ci-small-1-900x600.jpg 900w, https:\/\/www.automakers.cz\/wp-content\/uploads\/2024\/03\/bmw-m-day-at-most-ci-small-1-1024x683.jpg 1024w, https:\/\/www.automakers.cz\/wp-content\/uploads\/2024\/03\/bmw-m-day-at-most-ci-small-1-768x512.jpg 768w, https:\/\/www.automakers.cz\/wp-content\/uploads\/2024\/03\/bmw-m-day-at-most-ci-small-1-1536x1024.jpg 1536w, https:\/\/www.automakers.cz\/wp-content\/uploads\/2024\/03\/bmw-m-day-at-most-ci-small-1-2048x1365.jpg 2048w\" sizes=\"auto, (max-width: 900px) 100vw, 900px\" \/><\/p>\n","protected":false},"excerpt":{"rendered":"<p>Na Autodromu Most prob\u011bhne 29. b\u0159ezna dal\u0161\u00ed ro\u010dn\u00edk setk\u00e1n\u00ed majitel\u016f a fanou\u0161k\u016f voz\u016f BMW M&#8230;<\/p>\n","protected":false},"author":2,"featured_media":3050,"comment_status":"closed","ping_status":"closed","sticky":false,"template":"","format":"standard","meta":{"footnotes":""},"categories":[26],"tags":[],"class_list":["post-3049","post","type-post","status-publish","format-standard","has-post-thumbnail","hentry","category-eventy"],"_links":{"self":[{"href":"https:\/\/www.automakers.cz\/index.php?rest_route=\/wp\/v2\/posts\/3049","targetHints":{"allow":["GET"]}}],"collection":[{"href":"https:\/\/www.automakers.cz\/index.php?rest_route=\/wp\/v2\/posts"}],"about":[{"href":"https:\/\/www.automakers.cz\/index.php?rest_route=\/wp\/v2\/types\/post"}],"author":[{"embeddable":true,"href":"https:\/\/www.automakers.cz\/index.php?rest_route=\/wp\/v2\/users\/2"}],"replies":[{"embeddable":true,"href":"https:\/\/www.automakers.cz\/index.php?rest_route=%2Fwp%2Fv2%2Fcomments&post=3049"}],"version-history":[{"count":4,"href":"https:\/\/www.automakers.cz\/index.php?rest_route=\/wp\/v2\/posts\/3049\/revisions"}],"predecessor-version":[{"id":3056,"href":"https:\/\/www.automakers.cz\/index.php?rest_route=\/wp\/v2\/posts\/3049\/revisions\/3056"}],"wp:featuredmedia":[{"embeddable":true,"href":"https:\/\/www.automakers.cz\/index.php?rest_route=\/wp\/v2\/media\/3050"}],"wp:attachment":[{"href":"https:\/\/www.automakers.cz\/index.php?rest_route=%2Fwp%2Fv2%2Fmedia&parent=3049"}],"wp:term":[{"taxonomy":"category","embeddable":true,"href":"https:\/\/www.automakers.cz\/index.php?rest_route=%2Fwp%2Fv2%2Fcategories&post=3049"},{"taxonomy":"post_tag","embeddable":true,"href":"https:\/\/www.automakers.cz\/index.php?rest_route=%2Fwp%2Fv2%2Ftags&post=3049"}],"curies":[{"name":"wp","href":"https:\/\/api.w.org\/{rel}","templated":true}]}}