{"id":3062,"date":"2024-03-25T09:09:56","date_gmt":"2024-03-25T09:09:56","guid":{"rendered":"https:\/\/www.automakers.cz\/?p=3062"},"modified":"2024-03-25T09:12:54","modified_gmt":"2024-03-25T09:12:54","slug":"valentu-nahradi-u-volkswagenu-vankova","status":"publish","type":"post","link":"https:\/\/www.automakers.cz\/?p=3062","title":{"rendered":"Valentu nahrad\u00ed u Volkswagenu Va\u0148kov\u00e1"},"content":{"rendered":"<p><strong>\u0160\u00e9f zna\u010dky Volkswagen v Porsche \u010cR Jakub \u0160ebesta ohl\u00e1sil na konci \u00fanora odchod dlouholet\u00e9ho mluv\u010d\u00edho Davida Valenty. Obsazen\u00ed nov\u00e9 pozice vy\u0159e\u0161\u00ed v dubnu import slou\u010den\u00edm pozice PR mana\u017eera VW a zna\u010dky VW U\u017eitkov\u00e9. Novin\u00e1\u0159i se tak nyn\u00ed budou hl\u00e1sit u Lenky Va\u0148kov\u00e9.<\/strong><span id=\"more-2580\"><\/span><!--more--><\/p>\n<p><span lang=\"CS\">\u201eDovolujeme si v\u00e1m ozn\u00e1mit, \u017ee po vz\u00e1jemn\u00e9 dohod\u011b u n\u00e1s k 29. \u00fanoru 2024 kon\u010d\u00ed PR mana\u017eer zna\u010dky Volkswagen David Valenta. Jm\u00e9no n\u00e1stupce ozn\u00e1m\u00edme v bl\u00edzk\u00e9 budoucnosti,&#8220; sl\u00edbil na za\u010d\u00e1tku b\u0159ezna <\/span><span lang=\"CS\">\u0160ebesta.<br \/>\n<\/span><\/p>\n<p><strong>Valenta k odchodu<\/strong><\/p>\n<p>\u201eOd Volkswagenu odch\u00e1z\u00edm po t\u00e9m\u011b\u0159 10 letech a nen\u00ed to lehk\u00e9, proto\u017ee po takov\u00e9 dob\u011b u\u017e nejde jen o pracovn\u00ed \u00favazek, ale o kus \u017eivota. D\u016fvody jsou \u010dist\u011b intern\u00edho charakteru a m\u016fj odchod se odehr\u00e1l po vz\u00e1jemn\u00e9 dohod\u011b. Volkswagenu jsem velmi vd\u011b\u010dn\u00fd za obrovsk\u00e9 mno\u017estv\u00ed zku\u0161enost\u00ed a z\u00e1\u017eitk\u016f a p\u0159eji mu \u00fasp\u011b\u0161n\u00e9 sm\u011b\u0159ov\u00e1n\u00ed v t\u00e9to nelehk\u00e9 dob\u011b. J\u00e1 se po kr\u00e1tk\u00e9m volnu ur\u010dit\u011b chci co nejd\u0159\u00edve vr\u00e1tit k pr\u00e1ci, ide\u00e1ln\u011b v r\u00e1mci toho, co m\u011b bav\u00ed a zaj\u00edm\u00e1. T\u011b\u0161\u00edm se na nov\u00e9 p\u0159\u00edle\u017eitosti, kter\u00e9 mi \u017eivot p\u0159inese,\u201c uvedl pro n\u00e1\u0161 port\u00e1l odch\u00e1zej\u00edc\u00ed David Valenta.<\/p>\n<p><strong>Person\u00e1ln\u00ed \u00faspora<\/strong><\/p>\n<p>U\u017e b\u011bhem za\u010d\u00e1tku b\u0159ezna n\u00e1m nazna\u010dil jednatel firmy Jan Hurt, \u017ee uva\u017euje o slou\u010den\u00ed uvoln\u011bn\u00e9 pozice s PR odd\u011blen\u00edm zna\u010dky VW U\u017eitkov\u00e9 z d\u016fvodu person\u00e1ln\u00edch \u00faspor.<\/p>\n<p><strong>Jakub \u0160ebesta to v p\u00e1tek 22. b\u0159ezna potvrdil:<\/strong><\/p>\n<p>&#8222;V n\u00e1vaznosti na ned\u00e1vnou zpr\u00e1vu t\u00fdkaj\u00edc\u00ed se zm\u011bny na pozici PR managera zna\u010dky Volkswagen bych v\u00e1s cht\u011bl t\u00edmto informovat, \u017ee k 1. dubnu 2024 nastupuje na novou slou\u010denou pozici PR managerky pro zna\u010dky Volkswagen a Volkswagen U\u017eitkov\u00e9 vozy na\u0161e dlouholet\u00e1 kolegyn\u011b Lenka Va\u0148kov\u00e1. Jsem p\u0159esv\u011bd\u010den, \u017ee v\u00fdhody, kter\u00e9 toto spojen\u00ed p\u0159in\u00e1\u0161\u00ed, poc\u00edt\u00edte i vy na na\u0161em dennodenn\u00edm PR servisu,&#8220; uvedl v emailu ur\u010den\u00e9m m\u00e9di\u00edm.<\/p>\n<p><strong>Zdroj: Jakub \u0160ebesta, VW<\/strong><\/p>\n<p><img loading=\"lazy\" decoding=\"async\" class=\"alignnone size-medium wp-image-208\" src=\"http:\/\/www.automakers.cz\/wp-content\/uploads\/2023\/11\/eSalon-VW-Sebesta-900x675.jpg\" alt=\"\" width=\"900\" height=\"675\" srcset=\"https:\/\/www.automakers.cz\/wp-content\/uploads\/2023\/11\/eSalon-VW-Sebesta-900x675.jpg 900w, https:\/\/www.automakers.cz\/wp-content\/uploads\/2023\/11\/eSalon-VW-Sebesta-1024x768.jpg 1024w, https:\/\/www.automakers.cz\/wp-content\/uploads\/2023\/11\/eSalon-VW-Sebesta-768x576.jpg 768w, https:\/\/www.automakers.cz\/wp-content\/uploads\/2023\/11\/eSalon-VW-Sebesta-1536x1152.jpg 1536w, https:\/\/www.automakers.cz\/wp-content\/uploads\/2023\/11\/eSalon-VW-Sebesta.jpg 2040w\" sizes=\"auto, (max-width: 900px) 100vw, 900px\" \/><\/p>\n<p>&nbsp;<\/p>\n","protected":false},"excerpt":{"rendered":"<p>\u0160\u00e9f zna\u010dky Volkswagen v Porsche \u010cR Jakub \u0160ebesta ohl\u00e1sil na konci \u00fanora odchod dlouholet\u00e9ho mluv\u010d\u00edho&#8230;<\/p>\n","protected":false},"author":1,"featured_media":3063,"comment_status":"closed","ping_status":"closed","sticky":false,"template":"","format":"standard","meta":{"footnotes":""},"categories":[5,21],"tags":[],"class_list":["post-3062","post","type-post","status-publish","format-standard","has-post-thumbnail","hentry","category-personalie","category-pr"],"_links":{"self":[{"href":"https:\/\/www.automakers.cz\/index.php?rest_route=\/wp\/v2\/posts\/3062","targetHints":{"allow":["GET"]}}],"collection":[{"href":"https:\/\/www.automakers.cz\/index.php?rest_route=\/wp\/v2\/posts"}],"about":[{"href":"https:\/\/www.automakers.cz\/index.php?rest_route=\/wp\/v2\/types\/post"}],"author":[{"embeddable":true,"href":"https:\/\/www.automakers.cz\/index.php?rest_route=\/wp\/v2\/users\/1"}],"replies":[{"embeddable":true,"href":"https:\/\/www.automakers.cz\/index.php?rest_route=%2Fwp%2Fv2%2Fcomments&post=3062"}],"version-history":[{"count":3,"href":"https:\/\/www.automakers.cz\/index.php?rest_route=\/wp\/v2\/posts\/3062\/revisions"}],"predecessor-version":[{"id":3066,"href":"https:\/\/www.automakers.cz\/index.php?rest_route=\/wp\/v2\/posts\/3062\/revisions\/3066"}],"wp:featuredmedia":[{"embeddable":true,"href":"https:\/\/www.automakers.cz\/index.php?rest_route=\/wp\/v2\/media\/3063"}],"wp:attachment":[{"href":"https:\/\/www.automakers.cz\/index.php?rest_route=%2Fwp%2Fv2%2Fmedia&parent=3062"}],"wp:term":[{"taxonomy":"category","embeddable":true,"href":"https:\/\/www.automakers.cz\/index.php?rest_route=%2Fwp%2Fv2%2Fcategories&post=3062"},{"taxonomy":"post_tag","embeddable":true,"href":"https:\/\/www.automakers.cz\/index.php?rest_route=%2Fwp%2Fv2%2Ftags&post=3062"}],"curies":[{"name":"wp","href":"https:\/\/api.w.org\/{rel}","templated":true}]}}