{"id":3067,"date":"2024-03-26T09:11:48","date_gmt":"2024-03-26T09:11:48","guid":{"rendered":"https:\/\/www.automakers.cz\/?p=3067"},"modified":"2024-03-26T09:11:48","modified_gmt":"2024-03-26T09:11:48","slug":"nosovice-startuji-modernizovany-i30","status":"publish","type":"post","link":"https:\/\/www.automakers.cz\/?p=3067","title":{"rendered":"No\u0161ovice startuj\u00ed modernizovan\u00fd i30"},"content":{"rendered":"<p><strong>Zna\u010dka Hyundai odhalila inovovanou modelovou \u0159adu i30 s vylep\u0161en\u00fdm designem a modernizovanou technikou. Korejci zah\u00e1j\u00ed <span lang=\"cs-CZ\">v\u00fdrobu nov\u00e9ho modelu ve sv\u00e9m v\u00fdrobn\u00edm z\u00e1vod\u011b v No\u0161ovic\u00edch v \u010cesk\u00e9 republice v dubnu 2024.<\/span><\/strong><!--more--><\/p>\n<p><span style=\"font-family: Arial, serif;\"><span style=\"font-size: small;\"><span lang=\"cs-CZ\">Inovovan\u00fd model i30 disponuje modernizovan\u00fdmi technologiemi v oblasti konektivity a komfortn\u00edmi prvky. Hyundai i30 je d\u00edky tomu ve sv\u00e9 t\u0159\u00edd\u011b je\u0161t\u011b v\u00edce konkurenceschopn\u00fd a z\u00e1kazn\u00edk\u016fm nab\u00edz\u00ed vy\u0161\u0161\u00ed p\u0159idanou hodnotu.<\/span><\/span><\/span><\/p>\n<p><span style=\"font-family: Arial, serif;\"><span style=\"font-size: small;\"><span lang=\"cs-CZ\"><b>Modernizovan\u00fd design<\/b><\/span><\/span><\/span><\/p>\n<p><span style=\"font-family: Arial, serif;\"><span style=\"font-size: small;\"><span lang=\"cs-CZ\">Modelov\u00e1 \u0159ada i30 byla p\u0159edstavena v\u00a0roce 2007 a v\u00a0sou\u010dasn\u00e9 dob\u011b je vyr\u00e1b\u011bna ji\u017e ve sv\u00e9 t\u0159et\u00ed generaci. Po modernizaci exteri\u00e9ru a interi\u00e9ru se ta aktu\u00e1ln\u00ed m\u016f\u017ee pochlubit je\u0161t\u011b odv\u00e1\u017en\u011bj\u0161\u00edm designem.<\/span><\/span><\/span><\/p>\n<p><span style=\"font-family: Arial, serif;\"><span style=\"font-size: small;\"><span lang=\"cs-CZ\">Exteri\u00e9r je okam\u017eit\u011b rozpoznateln\u00fd podle osobit\u00e9 p\u0159\u00edd\u011b a elegantn\u00ed z\u00e1d\u011b. Vp\u0159edu byla nov\u011b navr\u017eena m\u0159\u00ed\u017eka masky chladi\u010de spolu s ozdobn\u00fdm prvkem pod prostorem pro registra\u010dn\u00ed zna\u010dku a kryty mlhovek. Karos\u00e1\u0159sk\u00e9 varianty hatchback a kombi maj\u00ed hranat\u011bj\u0161\u00ed tvarov\u00e1n\u00ed chromovan\u00e9ho ozdobn\u00e9ho prvku na zadn\u00edm n\u00e1razn\u00edku.<\/span><\/span><\/span><\/p>\n<p><span style=\"font-family: Arial, serif;\"><span style=\"font-size: small;\"><span lang=\"cs-CZ\">Hlavn\u00ed p\u0159edn\u00ed sv\u011btlomety s\u00a0LED technologi\u00ed a zadn\u00ed kombinovan\u00e9 LED sv\u00edtilny, dod\u00e1van\u00e9 doposud na p\u0159\u00e1n\u00ed, jsou nyn\u00ed sou\u010d\u00e1st\u00ed standardn\u00ed v\u00fdbavy modelu i30, kter\u00fd se dod\u00e1v\u00e1 tak\u00e9 s\u00a0nov\u00fdm designem 16\u201c kol z\u00a0lehk\u00e9 slitiny.<\/span><\/span><\/span><\/p>\n<p><span style=\"font-family: Arial, serif;\"><span style=\"font-size: small;\"><span lang=\"cs-CZ\">Nov\u00fd Hyundai i30 m\u00e1 v nab\u00eddce\u00a012 barev karoserie. Sedm z\u00a0nich jsou nov\u00e9 odst\u00edny: perle\u0165ov\u00e9 laky Abyss Black, Ecotronic Gray, Meta Blue, Cypress Green a Sailing Blue, stejn\u011b jako metalick\u00e9 laky Ultimate Red a Jupiter Orange. Z\u00a0dosavadn\u00ed palety barev karoserie z\u016fst\u00e1vaj\u00ed v\u00a0nab\u00eddce laky Atlas White, Shadow Gray (dostupn\u00e1 v\u00fdhradn\u011b pro N Line) a Engine Red, perle\u0165ov\u00fd lak Serenity White a metalick\u00fd lak Shimmering Silver. <\/span><\/span><\/span><\/p>\n<p><span style=\"font-family: Arial, serif;\"><span style=\"font-size: small;\"><span lang=\"cs-CZ\">Modernizace se dotkla tak\u00e9 vnit\u0159n\u00edho designu. R\u016fzn\u00e9 ochrann\u00e9 prvky pokr\u00fdv\u00e1 speci\u00e1ln\u00ed lak, kter\u00fd je p\u0159\u00edjemn\u011bj\u0161\u00ed a hlad\u0161\u00ed na dotek. Panel st\u0159edov\u00e9 konzole nov\u011b zdob\u00ed proveden\u00ed z\u00a0klav\u00edrov\u00e9ho laku.<\/span><\/span><\/span><\/p>\n<p><span style=\"font-family: Arial, serif;\"><span style=\"font-size: small;\"><span lang=\"cs-CZ\">\u010cern\u00fd interi\u00e9r lze kombinovat se t\u0159emi modern\u00edmi variantami \u010daloun\u011bn\u00ed sedadel z\u00a0l\u00e1tky, k\u016f\u017ee a kombinace semi\u0161ov\u00e9 tkaniny a k\u016f\u017ee. Nab\u00eddka byla roz\u0161\u00ed\u0159ena tak\u00e9 o t\u0159i nov\u00e9 designov\u00e9 styly pou\u017eit\u00e9 na \u010daloun\u011bn\u00ed sedadel. V\u00a0interi\u00e9rech s\u00a0l\u00e1tkov\u00fdm \u010daloun\u011bn\u00edm se na op\u011bradlech nach\u00e1z\u00ed vzor tvo\u0159en\u00fd horizont\u00e1ln\u00edmi liniemi.<\/span><\/span><\/span><\/p>\n<p><span style=\"font-family: Arial, serif;\"><span style=\"font-size: small;\"><span lang=\"cs-CZ\">Model i30\u00a0N\u00a0Line obdr\u017eel v\u00a0r\u00e1mci vylep\u0161en\u00ed designu je\u0161t\u011b sportovn\u011bj\u0161\u00ed estetick\u00e9 prvky. Jedn\u00e1 se nap\u0159\u00edklad o odv\u00e1\u017en\u011bji \u0159e\u0161en\u00e9 m\u0159\u00ed\u017eky masky chladi\u010de a otvor\u016f pro p\u0159\u00edvod vzduchu. Interi\u00e9r \u010daloun\u011bn\u00fd kombinac\u00ed k\u016f\u017ee a semi\u0161ov\u00e9 tkaniny je zdoben t\u0159emi horizont\u00e1ln\u00edmi liniemi. D\u0159\u00edve kompletn\u011b \u010dern\u00e9 v\u00fdpln\u011b otvor\u016f v\u00a0p\u0159edn\u00edm n\u00e1razn\u00edku modelu i30 N Line maj\u00ed nyn\u00ed ozdobn\u00e9 prvky v\u00a0odst\u00ednu tmav\u00e9ho kovu. Tak\u00e9 nov\u00e9 bo\u010dn\u00ed prahy zdob\u00ed li\u0161ta v\u00a0odst\u00ednu tmav\u00e9ho kovu. Z\u00e1kazn\u00edci si mohou vybrat nov\u00e1 17\u201c nebo 18\u201c kola z\u00a0lehk\u00e9 slitiny v\u00a0designu N Line.<\/span><\/span><\/span><\/p>\n<p><span style=\"font-family: Arial, serif;\"><span style=\"font-size: small;\"><span lang=\"cs-CZ\"><b>V\u00a0interi\u00e9ru \u010dek\u00e1 na cestuj\u00edc\u00ed je\u0161t\u011b vy\u0161\u0161\u00ed \u00farove\u0148 bezpe\u010dnosti a v\u00edce konektivity<\/b><\/span><\/span><\/span><\/p>\n<p><span style=\"font-family: Arial, serif;\"><span style=\"font-size: small;\"><span lang=\"cs-CZ\">Technologie v\u00a0oblasti konektivity pro nov\u00fd model i30 nab\u00eddnou z\u00e1kazn\u00edk\u016fm je\u0161t\u011b v\u00edce komfortu a prakti\u010dnosti p\u0159i cestov\u00e1n\u00ed. Mezi nov\u00e9 prvky v\u00fdbavy pat\u0159\u00ed standardn\u011b dod\u00e1van\u00fd pln\u011b digit\u00e1ln\u00ed p\u0159\u00edstrojov\u00fd panel s 4,2\u201c barevn\u00fd displejem, t\u0159i nab\u00edjec\u00ed vstupy USB-C vp\u0159edu a vzadu, aktualizace mapov\u00fdch podklad\u016f bezdr\u00e1tov\u00fdm p\u0159enosem OTA (Over-the-Air) a na p\u0159\u00e1n\u00ed dod\u00e1van\u00fd \u0161k\u00e1lovateln\u00fd digit\u00e1ln\u00ed panel sdru\u017een\u00fdch p\u0159\u00edstroj\u016f s\u00a0\u00fahlop\u0159\u00ed\u010dkou 10,25 palce.<\/span><\/span><\/span><\/p>\n<p><span style=\"font-family: Arial, serif;\"><span style=\"font-size: small;\"><span lang=\"cs-CZ\">Nov\u00fd Hyundai i30 m\u00e1 nyn\u00ed ve sv\u00e9 standardn\u00ed v\u00fdbav\u011b je\u0161t\u011b v\u00edce bezpe\u010dnostn\u00edch prvk\u016f Hyundai Smart Sense. Autonomn\u00ed nouzov\u00e9 brzd\u011bn\u00ed FCA (Forward Collision-Avoidance Assist) pom\u00e1h\u00e1 detekovat p\u0159ek\u00e1\u017eky p\u0159ed vozem a p\u0159edch\u00e1zet p\u0159\u00edpadn\u00fdm koliz\u00edm. Aktivn\u00ed asistent pro veden\u00ed vozu uprost\u0159ed j\u00edzdn\u00edho pruhu LFA (Lane Following Assist) zvy\u0161uje bezpe\u010dnost j\u00edzdy na d\u00e1lnici udr\u017eov\u00e1n\u00edm vozidla v\u00a0jeho j\u00edzdn\u00edm pruhu a inteligentn\u00ed omezova\u010d rychlosti ISLA (Intelligent Speed Limit Assist) upozor\u0148uje \u0159idi\u010de na p\u0159ekro\u010den\u00ed omezen\u00ed rychlosti j\u00edzdy zvukov\u00fdmi a vizu\u00e1ln\u00edmi sign\u00e1ly. Upozor\u0148ov\u00e1n\u00ed na cestuj\u00edc\u00ed vzadu ROA (Rear Occupant Alert) informuje \u0159idi\u010de zpr\u00e1vou na displeji p\u0159\u00edstrojov\u00e9ho panelu, \u017ee byly otev\u0159eny zadn\u00ed dve\u0159e \u2013 aby p\u0159i odjezdu nezapomn\u011bl na \u010dlena pos\u00e1dky ze zadn\u00edch sedadel.<\/span><\/span><\/span><\/p>\n<p><span style=\"font-family: Arial, serif;\"><span style=\"font-size: small;\"><span lang=\"cs-CZ\">Z\u00e1kazn\u00edci maj\u00ed na p\u0159\u00e1n\u00ed mo\u017enost roz\u0161\u00ed\u0159it syst\u00e9m FCA o funkci<\/span><\/span><\/span> <span style=\"font-family: Arial, serif;\"><span style=\"font-size: small;\"><span lang=\"cs-CZ\">autonomn\u00edho nouzov\u00e9ho brzd\u011bn\u00ed p\u0159i odbo\u010dov\u00e1n\u00ed na k\u0159i\u017eovatk\u00e1ch. V\u00fdsledn\u00fd syst\u00e9m FCA Junction (Forward Collision-Avoidance Assist with Junction Turning) jim poskytne je\u0161t\u011b vy\u0161\u0161\u00ed m\u00edru bezpe\u010dnosti p\u0159i odbo\u010dov\u00e1n\u00ed vlevo na k\u0159i\u017eovatk\u00e1ch. Dal\u0161\u00ed na p\u0159\u00e1n\u00ed dod\u00e1van\u00fd bezpe\u010dnostn\u00ed syst\u00e9m, Asistent j\u00edzdy po d\u00e1lnici HDA 1.5 (Highway Driving Assist 1.5), udr\u017euje bezpe\u010dn\u00fd odstup od vp\u0159edu jedouc\u00edho vozidla, automaticky upravuje rychlost j\u00edzdy podle platn\u00fdch omezen\u00ed i p\u0159ed\u00a0zat\u00e1\u010dkami a udr\u017euje v\u016fz v\u00a0jeho j\u00edzdn\u00edm pruhu.<\/span><\/span><\/span><\/p>\n<p><span style=\"font-family: Arial, serif;\"><span style=\"font-size: small;\"><span lang=\"cs-CZ\"><b>V\u00edce komfortu pro z\u00e1kazn\u00edky<\/b><\/span><\/span><\/span><\/p>\n<p><span style=\"font-family: Arial, serif;\"><span style=\"font-size: small;\"><span lang=\"cs-CZ\">V\u00fdbavu nov\u00e9ho modelu i30, navr\u017een\u00e9ho jako univerz\u00e1ln\u00ed automobil pro v\u0161echny, zavr\u0161uje je\u0161t\u011b v\u011bt\u0161\u00ed po\u010det praktick\u00fdch a komfortn\u00edch prvk\u016f. Dokonalej\u0161\u00ed a p\u0159\u00edjemn\u011bj\u0161\u00ed osv\u011btlen\u00ed interi\u00e9ru a zavazadlov\u00e9ho prostoru zaji\u0161\u0165uj\u00ed sv\u00edtilny LED. Standardn\u00ed v\u00fdbava zahrnuje senzory p\u0159ek\u00e1\u017eek vp\u0159edu a vzadu, PDW (Parking Distance Warning), kter\u00e9 \u0159idi\u010de upozor\u0148uj\u00ed na p\u0159ek\u00e1\u017eky p\u0159i man\u00e9vrov\u00e1n\u00ed v\u00a0n\u00edzk\u00fdch rychlostech j\u00edzdy dop\u0159edu a dozadu.<\/span><\/span><\/span><\/p>\n<p><span style=\"font-family: Arial, serif;\"><span style=\"font-size: small;\"><span lang=\"cs-CZ\">Z\u00e1kazn\u00edci se budou moci spolehnout na obl\u00edben\u00e9 a osv\u011bd\u010den\u00e9 pohonn\u00e9 jednotky. Z\u00e1kladem bude z\u00e1\u017eehov\u00fd motor o objemu 1,5 litru s\u00a0dvojit\u00fdm nep\u0159\u00edm\u00fdm vst\u0159ikov\u00e1n\u00edm DPI (Dual Port Injection) spojen\u00fd v\u00fdhradn\u011b se\u00a0\u0161estistup\u0148ovou manu\u00e1ln\u00ed p\u0159evodovkou a v\u00fdkonem 96 kon\u00ed. Nab\u00eddku motor\u016f dopl\u0148uje p\u0159epl\u0148ovan\u00fd z\u00e1\u017eehov\u00fd motor 1,0 T-GDI\u00a0v\u00fdkonem 100 kon\u00ed, kter\u00fd je k\u00a0dispozici jak se \u0161estistup\u0148ovou manu\u00e1ln\u00ed p\u0159evodovkou nebo s\u00a0automatickou sedmistup\u0148ovou dvouspojkovou p\u0159evodovkou. Na vrcholu modelov\u00e9 \u0159ady stoj\u00ed motor 1,5 T-GDI vylad\u011bn\u00fd na 140 kon\u00ed, kter\u00fd standardn\u011b spolupracuje s\u00a048V mild-hybridn\u00edm syst\u00e9mem. I v\u00a0p\u0159\u00edpad\u011b tohoto poh\u00e1n\u011bc\u00edho \u00fastroj\u00ed si z\u00e1kazn\u00edk m\u016f\u017ee vybrat mezi \u0161estistup\u0148ovou manu\u00e1ln\u00ed p\u0159evodovkou a sedmistup\u0148ovou dvouspojkovou p\u0159evodovkou.<\/span><\/span><\/span><\/p>\n<p><span style=\"font-family: Arial, serif;\"><span style=\"font-size: small;\"><span lang=\"cs-CZ\"><b>Produktov\u00e1 \u0159ada Hyundai i<\/b><\/span><\/span><\/span><\/p>\n<p><span style=\"font-family: Arial, serif;\"><span style=\"font-size: small;\"><span lang=\"cs-CZ\">Model Hyundai i30 je dlouhodob\u011b nej\u00fasp\u011b\u0161n\u011bj\u0161\u00edm modelem zna\u010dky na \u010desk\u00e9m trhu. V\u00a0uplynul\u00e9m roce 2023 zaznamenal 7\u00a0728 registrac\u00ed. Po dobu dvou let je i30 nav\u00edc nejprod\u00e1van\u011bj\u0161\u00edm modelem v\u00a0priv\u00e1tn\u00edm segmentu v\u016fbec.<\/span><\/span><\/span><\/p>\n<p><span style=\"font-family: Arial, serif;\"><span style=\"font-size: small;\"><span lang=\"cs-CZ\">Produktov\u00e1 \u0159ada Hyundai \u201ei\u201c \u2013 slo\u017een\u00e1 z model\u016f i10, i20 a i30 \u2013 slav\u00ed velk\u00e9 \u00fasp\u011bchy v\u00a0cel\u00e9 Evrop\u011b. Produktov\u00e1 \u0159ada \u201ei\u201c, tvo\u0159en\u00e1 t\u0159emi modely, kter\u00e9 zna\u010dka Hyundai vyr\u00e1b\u00ed v\u00a0Evrop\u011b, se intenzivn\u011b zam\u011b\u0159uje na rozmanit\u00e9 po\u017eadavky evropsk\u00fdch z\u00e1kazn\u00edk\u016f. Modely \u0159ady \u201ei\u201c jsou pr\u016fb\u011b\u017en\u011b inovov\u00e1ny, aby sv\u00fdm u\u017eivatel\u016fm nab\u00edzely nejen dynamick\u00fd design, ale tak\u00e9 nejmodern\u011bj\u0161\u00ed funkce v\u00a0oblasti konektivity a nekompromisn\u00ed prakti\u010dnost i komfort s\u00a0atraktivn\u00edm pom\u011brem mezi cenou a u\u017eitn\u00fdmi vlastnostmi. <\/span><\/span><\/span><\/p>\n<p><strong>Zdroj: Medea<\/strong><\/p>\n<p lang=\"cs-CZ\">\n","protected":false},"excerpt":{"rendered":"<p>Zna\u010dka Hyundai odhalila inovovanou modelovou \u0159adu i30 s vylep\u0161en\u00fdm designem a modernizovanou technikou. Korejci zah\u00e1j\u00ed&#8230;<\/p>\n","protected":false},"author":1,"featured_media":3068,"comment_status":"closed","ping_status":"closed","sticky":false,"template":"","format":"standard","meta":{"footnotes":""},"categories":[13,18],"tags":[],"class_list":["post-3067","post","type-post","status-publish","format-standard","has-post-thumbnail","hentry","category-design","category-vyroba"],"_links":{"self":[{"href":"https:\/\/www.automakers.cz\/index.php?rest_route=\/wp\/v2\/posts\/3067","targetHints":{"allow":["GET"]}}],"collection":[{"href":"https:\/\/www.automakers.cz\/index.php?rest_route=\/wp\/v2\/posts"}],"about":[{"href":"https:\/\/www.automakers.cz\/index.php?rest_route=\/wp\/v2\/types\/post"}],"author":[{"embeddable":true,"href":"https:\/\/www.automakers.cz\/index.php?rest_route=\/wp\/v2\/users\/1"}],"replies":[{"embeddable":true,"href":"https:\/\/www.automakers.cz\/index.php?rest_route=%2Fwp%2Fv2%2Fcomments&post=3067"}],"version-history":[{"count":2,"href":"https:\/\/www.automakers.cz\/index.php?rest_route=\/wp\/v2\/posts\/3067\/revisions"}],"predecessor-version":[{"id":3077,"href":"https:\/\/www.automakers.cz\/index.php?rest_route=\/wp\/v2\/posts\/3067\/revisions\/3077"}],"wp:featuredmedia":[{"embeddable":true,"href":"https:\/\/www.automakers.cz\/index.php?rest_route=\/wp\/v2\/media\/3068"}],"wp:attachment":[{"href":"https:\/\/www.automakers.cz\/index.php?rest_route=%2Fwp%2Fv2%2Fmedia&parent=3067"}],"wp:term":[{"taxonomy":"category","embeddable":true,"href":"https:\/\/www.automakers.cz\/index.php?rest_route=%2Fwp%2Fv2%2Fcategories&post=3067"},{"taxonomy":"post_tag","embeddable":true,"href":"https:\/\/www.automakers.cz\/index.php?rest_route=%2Fwp%2Fv2%2Ftags&post=3067"}],"curies":[{"name":"wp","href":"https:\/\/api.w.org\/{rel}","templated":true}]}}