{"id":3084,"date":"2024-03-27T10:03:53","date_gmt":"2024-03-27T10:03:53","guid":{"rendered":"https:\/\/www.automakers.cz\/?p=3084"},"modified":"2024-03-27T10:03:53","modified_gmt":"2024-03-27T10:03:53","slug":"kepkova-posilila-dachser-air-sea-logistics","status":"publish","type":"post","link":"https:\/\/www.automakers.cz\/?p=3084","title":{"rendered":"Kepkov\u00e1 pos\u00edlila Dachser Air &#038; Sea Logistics"},"content":{"rendered":"<p><strong><b>Dachser Czech Republic m\u00e1 novou vedouc\u00ed obchodn\u00edho odd\u011blen\u00ed pro leteck\u00e9 n\u00e1mo\u0159n\u00ed p\u0159epravy. Ivana Kepkov\u00e1, zku\u0161en\u00e1 specialistka na mezikontinent\u00e1ln\u00ed p\u0159epravy, je na sv\u00e9 nov\u00e9 pozici Sales Manager Air &amp; Sea Logistics zodpov\u011bdn\u00e1 za rozvoj obchodn\u00edch aktivit a akvizici nov\u00fdch z\u00e1kazn\u00edk\u016f. <\/b><\/strong><!--more--><\/p>\n<p>Ivana Kepkov\u00e1 vystudovala Gymn\u00e1zium J. A. Komensk\u00e9ho v Nov\u00e9m Stra\u0161ec\u00ed. Po studi\u00edch p\u016fsobila v cestovn\u00edm ruchu a marketingu. P\u0159ed 25 lety vstoupila do sv\u011bta logistiky jako disponent sb\u011brn\u00fdch kamionov\u00fdch p\u0159eprav ve spole\u010dnosti Lagermax. Zde sb\u00edrala zku\u0161enosti tak\u00e9 v leteck\u00e9m exportn\u00edm a obchodn\u00edm odd\u011blen\u00ed. V letech 2006\u20132010 zast\u00e1vala pozici Indoor Sales Represenative ve spole\u010dnosti K\u00fchne + Nagel. V roce 2011 nastoupila do obchodn\u00edho odd\u011blen\u00ed spole\u010dnosti DB\u00a0Schenker, kde prohlubovala sv\u00e9 zku\u0161enosti v logistice jako Business Development Manager pro leteck\u00e9 a n\u00e1mo\u0159n\u00ed p\u0159epravy a Key Account Manager pro segment Automotive.<\/p>\n<p>Ve spole\u010dnosti Dachser Czech Republic p\u016fsob\u00ed na pozici vedouc\u00ed obchodn\u00edho odd\u011blen\u00ed pro leteck\u00e9 a n\u00e1mo\u0159n\u00ed p\u0159epravy, kde je spoluzodpov\u011bdn\u00e1 za pln\u011bn\u00ed firemn\u00ed obchodn\u00ed strategie a\u00a0tvorbu obchodn\u00edho pl\u00e1nu. V\u011bnuje se akvizici nov\u00fdch z\u00e1kazn\u00edk\u016f a implementaci z\u00e1kaznick\u00fdch \u0159e\u0161en\u00ed. Do jej\u00edch kompetenc\u00ed spad\u00e1 i p\u00e9\u010de o st\u00e1vaj\u00edc\u00ed z\u00e1kazn\u00edky a \u0159\u00edzen\u00ed a rozvoj lidsk\u00fdch zdroj\u016f v obchodn\u00edm odd\u011blen\u00ed.<\/p>\n<p>\u201e<em><i>Nastoupila jsem do dob\u0159e etablovan\u00e9 spole\u010dnosti a t\u011b\u0161\u00edm se, \u017ee zde budu moci z\u00faro\u010dit svoje zku\u0161enosti z leteck\u00fdch a n\u00e1mo\u0159n\u00edch p\u0159eprav,<\/i><\/em>\u201c \u0159\u00edk\u00e1 Ivana Kepkov\u00e1, Sales Manager Air &amp; Sea Logistics, Dachser Czech Republic, a dod\u00e1v\u00e1, \u201e<em><i>v\u00edce ne\u017e dvacet let v logistice m\u011b p\u0159esv\u011bd\u010dilo o\u00a0tom, \u017ee moje m\u00edsto je v obchodn\u00ed oblasti \u2013 odpov\u00edd\u00e1 m\u00e9mu temperamentu a nad\u0161en\u00ed pro logistiku a v\u011b\u0159\u00edm, \u017ee to v\u0161e budu moci pln\u011b vyu\u017e\u00edt pro z\u00e1kazn\u00edky spole\u010dnosti Dachser.\u201c<\/i><\/em><\/p>\n<p>\u201e<em><i>V Ivan\u011b Kepkov\u00e9 jsme na\u0161li logistick\u00e9ho profesion\u00e1la s hlubok\u00fdmi zku\u0161enostmi v\u00a0Air &amp; Sea a\u00a0p\u0159esahem do p\u0159\u00edbuzn\u00fdch p\u0159epravn\u00edch obor\u016f<\/i><\/em>,\u201c uv\u00e1d\u00ed Radek Duda, Country Manager\u00a0Air &amp; Sea Logistics, Dachser Czech Republic, a dopl\u0148uje, <em><i>\u201ena pozici vedouc\u00ed obchodn\u00edho odd\u011blen\u00ed bude moci dob\u0159e uplatnit sv\u00e9 zku\u0161enosti z mezikontinent\u00e1ln\u00edch p\u0159eprav a nab\u00eddne na\u0161im z\u00e1kazn\u00edk\u016fm \u0159e\u0161en\u00ed na m\u00edru, kter\u00e1 jsou s\u00a0ohledem na sou\u010dasn\u00e9 d\u011bn\u00ed ve sv\u011bt\u011b velmi \u017e\u00e1dan\u00e1.\u201c<\/i><\/em><\/p>\n<p><img loading=\"lazy\" decoding=\"async\" class=\"alignnone size-medium wp-image-670\" src=\"http:\/\/www.automakers.cz\/wp-content\/uploads\/2023\/12\/Fotovoltaika_strecha_Dachser-small-1-900x600.jpg\" alt=\"\" width=\"900\" height=\"600\" \/><\/p>\n<p>Dachser Air &amp; Sea Logistics p\u0159edstavuje pro sv\u00e9 z\u00e1kazn\u00edky partnera pro mezikontinent\u00e1ln\u00ed leteck\u00e9 a n\u00e1mo\u0159n\u00ed p\u0159epravy. Nab\u00edz\u00ed \u0161irokou \u0161k\u00e1lu produkt\u016f a slu\u017eeb, kter\u00e9 jsou zam\u011b\u0159eny na glob\u00e1ln\u00ed n\u00e1kupn\u00ed logistiku a distribuci nap\u0159\u00ed\u010d v\u0161emi pr\u016fmyslov\u00fdmi obory. Obchodn\u00ed oblast Dachser Air &amp; Sea Logistics je \u00fazce napojen\u00e1 na Dachser Road Logistics \u2013 p\u0159edn\u00ed evropskou s\u00ed\u0165 sb\u011brn\u00fdch p\u0159eprav a skladovac\u00edch slu\u017eeb \u2013 se kterou nab\u00edz\u00ed sv\u00fdm z\u00e1kazn\u00edk\u016fm komplexn\u00ed logistick\u00e1 \u0159e\u0161en\u00ed z jednoho zdroje.<\/p>\n<p><strong>Zdroj: Andrea Pitronov\u00e1<\/strong><\/p>\n","protected":false},"excerpt":{"rendered":"<p>Dachser Czech Republic m\u00e1 novou vedouc\u00ed obchodn\u00edho odd\u011blen\u00ed pro leteck\u00e9 n\u00e1mo\u0159n\u00ed p\u0159epravy. Ivana Kepkov\u00e1, zku\u0161en\u00e1&#8230;<\/p>\n","protected":false},"author":1,"featured_media":3085,"comment_status":"closed","ping_status":"closed","sticky":false,"template":"","format":"standard","meta":{"footnotes":""},"categories":[43,5],"tags":[],"class_list":["post-3084","post","type-post","status-publish","format-standard","has-post-thumbnail","hentry","category-logistika","category-personalie"],"_links":{"self":[{"href":"https:\/\/www.automakers.cz\/index.php?rest_route=\/wp\/v2\/posts\/3084","targetHints":{"allow":["GET"]}}],"collection":[{"href":"https:\/\/www.automakers.cz\/index.php?rest_route=\/wp\/v2\/posts"}],"about":[{"href":"https:\/\/www.automakers.cz\/index.php?rest_route=\/wp\/v2\/types\/post"}],"author":[{"embeddable":true,"href":"https:\/\/www.automakers.cz\/index.php?rest_route=\/wp\/v2\/users\/1"}],"replies":[{"embeddable":true,"href":"https:\/\/www.automakers.cz\/index.php?rest_route=%2Fwp%2Fv2%2Fcomments&post=3084"}],"version-history":[{"count":1,"href":"https:\/\/www.automakers.cz\/index.php?rest_route=\/wp\/v2\/posts\/3084\/revisions"}],"predecessor-version":[{"id":3086,"href":"https:\/\/www.automakers.cz\/index.php?rest_route=\/wp\/v2\/posts\/3084\/revisions\/3086"}],"wp:featuredmedia":[{"embeddable":true,"href":"https:\/\/www.automakers.cz\/index.php?rest_route=\/wp\/v2\/media\/3085"}],"wp:attachment":[{"href":"https:\/\/www.automakers.cz\/index.php?rest_route=%2Fwp%2Fv2%2Fmedia&parent=3084"}],"wp:term":[{"taxonomy":"category","embeddable":true,"href":"https:\/\/www.automakers.cz\/index.php?rest_route=%2Fwp%2Fv2%2Fcategories&post=3084"},{"taxonomy":"post_tag","embeddable":true,"href":"https:\/\/www.automakers.cz\/index.php?rest_route=%2Fwp%2Fv2%2Ftags&post=3084"}],"curies":[{"name":"wp","href":"https:\/\/api.w.org\/{rel}","templated":true}]}}