{"id":3109,"date":"2024-03-28T12:09:08","date_gmt":"2024-03-28T12:09:08","guid":{"rendered":"https:\/\/www.automakers.cz\/?p=3109"},"modified":"2024-03-28T12:11:40","modified_gmt":"2024-03-28T12:11:40","slug":"kupka-cr-letos-investuje-6-miliard-do-nabijecek","status":"publish","type":"post","link":"https:\/\/www.automakers.cz\/?p=3109","title":{"rendered":"Kupka: \u010cR letos investuje 6 miliard do nab\u00edje\u010dek"},"content":{"rendered":"<p class=\"v1MsoNormal\"><strong>Ministr Martin Kupka svolal na 28. b\u0159ezna tiskov\u00e9 setk\u00e1n\u00ed na p\u016fd\u011b ministerstva dopravy za \u00fa\u010dasti \u0159editele \u010desk\u00e9ho zastoupen\u00ed \u0160kody Auto Ji\u0159\u00edho Mal\u00e1\u010dka, pov\u011b\u0159ence pro \u010distou mobilitu MD Jana Bezd\u011bkovsk\u00e9ho a \u0159editele Centra dopravn\u00edho v\u00fdzkumu (CDV) Jind\u0159icha Fri\u010de.<\/strong> <!--more--><\/p>\n<p class=\"v1MsoNormal\">\u00da\u010dastn\u00edci p\u0159edstavili aktu\u00e1ln\u00ed v\u00fdvoj a ujedn\u00e1n\u00ed v oblasti rozvoje tuzemsk\u00e9 elektromobility, nov\u00e9 v\u00fdzvy na podporu dob\u00edjec\u00edch stanic \u010di novinky na webu<a href=\"http:\/\/www.cistadoprava.cz\/\" target=\"_blank\" rel=\"noopener noreferrer\">www.cistadoprava.cz<\/a>\u00a0z\u00a0d\u00edlny CDV, kter\u00fd se na tuto oblast specializuje.<\/p>\n<p>&#8222;Dva roky od podpisu memoranda mezi hlavn\u00edmi investory do elektromobiln\u00ed infrastruktury se m\u016f\u017eeme pochlubit v\u00edce ne\u017e 2600 dob\u00edjec\u00edmi body, kter\u00e9 m\u016f\u017eou dle na\u0161ich anal\u00fdz uspokojit a\u017e 90 000 elektromobil\u016f. Pln\u00edme tedy evropsk\u00e9 po\u017eadavky na podporu jak dom\u00e1c\u00edch elektromobilist\u016f, tak t\u011bch, kte\u0159\u00ed republikou proj\u00ed\u017ed\u011bj\u00ed. Opera\u010dn\u00ed program doprava nad\u00e1le po\u010d\u00edt\u00e1 s p\u0159\u00edpravou dal\u0161\u00edch dob\u00edjec\u00edch m\u00edst a plni\u010dek vod\u00edku. V programu je na leto\u0161ek p\u0159ipraveno p\u011bt miliard korun na dob\u00edjec\u00ed m\u00edsta a k tomu dal\u0161\u00ed miliarda na podporu v\u00fdstavby plni\u010dek vod\u00edku,&#8220; uvedl Kupka.<\/p>\n<p><strong>Erich Handl, TK MD\u010cR<\/strong><\/p>\n<p><img loading=\"lazy\" decoding=\"async\" class=\"alignnone size-medium wp-image-3115\" src=\"http:\/\/www.automakers.cz\/wp-content\/uploads\/2024\/03\/MDCR-Kupka-TK-elektromobilita-kamery-900x675.jpg\" alt=\"\" width=\"900\" height=\"675\" srcset=\"https:\/\/www.automakers.cz\/wp-content\/uploads\/2024\/03\/MDCR-Kupka-TK-elektromobilita-kamery-900x675.jpg 900w, https:\/\/www.automakers.cz\/wp-content\/uploads\/2024\/03\/MDCR-Kupka-TK-elektromobilita-kamery-1024x768.jpg 1024w, https:\/\/www.automakers.cz\/wp-content\/uploads\/2024\/03\/MDCR-Kupka-TK-elektromobilita-kamery-768x576.jpg 768w, https:\/\/www.automakers.cz\/wp-content\/uploads\/2024\/03\/MDCR-Kupka-TK-elektromobilita-kamery-1536x1152.jpg 1536w, https:\/\/www.automakers.cz\/wp-content\/uploads\/2024\/03\/MDCR-Kupka-TK-elektromobilita-kamery.jpg 2040w\" sizes=\"auto, (max-width: 900px) 100vw, 900px\" \/><\/p>\n","protected":false},"excerpt":{"rendered":"<p>Ministr Martin Kupka svolal na 28. b\u0159ezna tiskov\u00e9 setk\u00e1n\u00ed na p\u016fd\u011b ministerstva dopravy za \u00fa\u010dasti&#8230;<\/p>\n","protected":false},"author":1,"featured_media":3110,"comment_status":"closed","ping_status":"closed","sticky":false,"template":"","format":"standard","meta":{"footnotes":""},"categories":[9,20],"tags":[],"class_list":["post-3109","post","type-post","status-publish","format-standard","has-post-thumbnail","hentry","category-elektromobily","category-tiskovky"],"_links":{"self":[{"href":"https:\/\/www.automakers.cz\/index.php?rest_route=\/wp\/v2\/posts\/3109","targetHints":{"allow":["GET"]}}],"collection":[{"href":"https:\/\/www.automakers.cz\/index.php?rest_route=\/wp\/v2\/posts"}],"about":[{"href":"https:\/\/www.automakers.cz\/index.php?rest_route=\/wp\/v2\/types\/post"}],"author":[{"embeddable":true,"href":"https:\/\/www.automakers.cz\/index.php?rest_route=\/wp\/v2\/users\/1"}],"replies":[{"embeddable":true,"href":"https:\/\/www.automakers.cz\/index.php?rest_route=%2Fwp%2Fv2%2Fcomments&post=3109"}],"version-history":[{"count":5,"href":"https:\/\/www.automakers.cz\/index.php?rest_route=\/wp\/v2\/posts\/3109\/revisions"}],"predecessor-version":[{"id":3114,"href":"https:\/\/www.automakers.cz\/index.php?rest_route=\/wp\/v2\/posts\/3109\/revisions\/3114"}],"wp:featuredmedia":[{"embeddable":true,"href":"https:\/\/www.automakers.cz\/index.php?rest_route=\/wp\/v2\/media\/3110"}],"wp:attachment":[{"href":"https:\/\/www.automakers.cz\/index.php?rest_route=%2Fwp%2Fv2%2Fmedia&parent=3109"}],"wp:term":[{"taxonomy":"category","embeddable":true,"href":"https:\/\/www.automakers.cz\/index.php?rest_route=%2Fwp%2Fv2%2Fcategories&post=3109"},{"taxonomy":"post_tag","embeddable":true,"href":"https:\/\/www.automakers.cz\/index.php?rest_route=%2Fwp%2Fv2%2Ftags&post=3109"}],"curies":[{"name":"wp","href":"https:\/\/api.w.org\/{rel}","templated":true}]}}