{"id":3154,"date":"2024-04-02T11:41:41","date_gmt":"2024-04-02T11:41:41","guid":{"rendered":"https:\/\/www.automakers.cz\/?p=3154"},"modified":"2024-04-02T12:02:36","modified_gmt":"2024-04-02T12:02:36","slug":"svazu-dovozcu-automobilu-slavi-30-let","status":"publish","type":"post","link":"https:\/\/www.automakers.cz\/?p=3154","title":{"rendered":"Svaz dovozc\u016f automobil\u016f slav\u00ed 30 let"},"content":{"rendered":"<p><strong>P\u0159ed t\u0159iceti lety, 1. dubna 1994, zah\u00e1jil \u010dinnost Svaz dovozc\u016f automobil\u016f (SDA). Za t\u0159i desetilet\u00ed sv\u00e9 existence se stal instituc\u00ed sdru\u017euj\u00edc\u00ed prakticky v\u0161echny v\u00fdznamn\u00e9 dovozce motorov\u00fdch vozidel v \u010cesk\u00e9 republice, a tak\u00e9 respektovan\u00fdm partnerem \u0159ady st\u00e1tn\u00edch a dal\u0161\u00edch organizac\u00ed.<\/strong><!--more--><\/p>\n<p>Historie SDA sah\u00e1 prakticky je\u0161t\u011b o dva roky d\u0159\u00edve, kdy od roku 1992 u n\u00e1s vznikla Divize dovozc\u016f automobil\u016f v r\u00e1mci Sdru\u017een\u00edm automobilov\u00e9ho pr\u016fmyslu. Cesty a z\u00e1jmy, tehdy je\u0161t\u011b \u010deskoslovensk\u00e9ho automobilov\u00e9ho pr\u016fmyslu a dovozc\u016f, se s\u00a0rostouc\u00edm v\u00fdznamem dovozu motorov\u00fdch vozidel za\u010daly postupn\u011b odli\u0161ovat a vznik samostatn\u00e9 organizace dovozc\u016f byl logick\u00fdm vy\u00fast\u011bn\u00edm pot\u0159eb tehdy st\u00e1le v\u00fdznamn\u011bj\u0161\u00edho importu automobil\u016f a motocykl\u016f.<\/p>\n<p>Za dobu existence SDA bylo u n\u00e1s registrov\u00e1no v\u00edce ne\u017e \u010dty\u0159i miliony osobn\u00edch automobil\u016f a na p\u016fl milionu motocykl\u016f. V\u00fdznamnou sou\u010d\u00e1st\u00ed pr\u00e1ce SDA byla tak\u00e9 spolupr\u00e1ce na v\u00fdvoji \u010desk\u00e9 legislativy, aby adekv\u00e1tn\u011b navazovala na Evropsk\u00e9 normy a p\u0159edpisy vych\u00e1zej\u00edc\u00ed z Evropsk\u00e9 komise EU. \u00a0Rozhoduj\u00edc\u00ed z\u00e1sluhu m\u00e1 SDA rovn\u011b\u017e na vytvo\u0159en\u00ed p\u0159esn\u00fdch a p\u0159ehledn\u00fdch statistik o registrac\u00edch motorov\u00fdch vozidel, \u010cR a na jejich v\u0161eobecn\u00e9 prezentaci.<\/p>\n<p><strong>Bro\u017eura v\u011bnovan\u00e1 jubileu<\/strong><\/p>\n<p>T\u0159icetilet\u00e9 v\u00fdro\u010d\u00ed si Svaz dovozc\u016f automobil\u016f p\u0159ipomn\u011bl na jarn\u00edm zased\u00e1n\u00ed Rady \u0159editel\u016f, konan\u00e9m 27. b\u0159ezna, ale tak\u00e9 vyd\u00e1n\u00edm bro\u017eurky, v\u011bnovan\u00e9 tomuto jubileu, kter\u00e1 mapuje t\u0159i dek\u00e1dy aktivit Svazu. Je v n\u00ed nejen p\u0159ehled obchodn\u00edch v\u00fdsledk\u016f, v\u00fdsledk\u016f anket Auto roku a Motocykl roku, ale i p\u0159ehled sou\u010dasn\u00fdch i zanikl\u00fdch v\u00fdstav, stejn\u011b jako vzpom\u00ednky na obdob\u00ed vzniku SDA o\u010dima t\u011bch, kte\u0159\u00ed se nejv\u00edce zaslou\u017eili o jeho zalo\u017een\u00ed.<\/p>\n<p><strong>Karel Ber\u00e1nek<\/strong><\/p>\n","protected":false},"excerpt":{"rendered":"<p>P\u0159ed t\u0159iceti lety, 1. dubna 1994, zah\u00e1jil \u010dinnost Svaz dovozc\u016f automobil\u016f (SDA). Za t\u0159i desetilet\u00ed&#8230;<\/p>\n","protected":false},"author":1,"featured_media":3156,"comment_status":"closed","ping_status":"closed","sticky":false,"template":"","format":"standard","meta":{"footnotes":""},"categories":[11,4],"tags":[],"class_list":["post-3154","post","type-post","status-publish","format-standard","has-post-thumbnail","hentry","category-importeri","category-vyroci"],"_links":{"self":[{"href":"https:\/\/www.automakers.cz\/index.php?rest_route=\/wp\/v2\/posts\/3154","targetHints":{"allow":["GET"]}}],"collection":[{"href":"https:\/\/www.automakers.cz\/index.php?rest_route=\/wp\/v2\/posts"}],"about":[{"href":"https:\/\/www.automakers.cz\/index.php?rest_route=\/wp\/v2\/types\/post"}],"author":[{"embeddable":true,"href":"https:\/\/www.automakers.cz\/index.php?rest_route=\/wp\/v2\/users\/1"}],"replies":[{"embeddable":true,"href":"https:\/\/www.automakers.cz\/index.php?rest_route=%2Fwp%2Fv2%2Fcomments&post=3154"}],"version-history":[{"count":4,"href":"https:\/\/www.automakers.cz\/index.php?rest_route=\/wp\/v2\/posts\/3154\/revisions"}],"predecessor-version":[{"id":3164,"href":"https:\/\/www.automakers.cz\/index.php?rest_route=\/wp\/v2\/posts\/3154\/revisions\/3164"}],"wp:featuredmedia":[{"embeddable":true,"href":"https:\/\/www.automakers.cz\/index.php?rest_route=\/wp\/v2\/media\/3156"}],"wp:attachment":[{"href":"https:\/\/www.automakers.cz\/index.php?rest_route=%2Fwp%2Fv2%2Fmedia&parent=3154"}],"wp:term":[{"taxonomy":"category","embeddable":true,"href":"https:\/\/www.automakers.cz\/index.php?rest_route=%2Fwp%2Fv2%2Fcategories&post=3154"},{"taxonomy":"post_tag","embeddable":true,"href":"https:\/\/www.automakers.cz\/index.php?rest_route=%2Fwp%2Fv2%2Ftags&post=3154"}],"curies":[{"name":"wp","href":"https:\/\/api.w.org\/{rel}","templated":true}]}}