{"id":3165,"date":"2024-04-03T08:28:27","date_gmt":"2024-04-03T08:28:27","guid":{"rendered":"https:\/\/www.automakers.cz\/?p=3165"},"modified":"2024-04-03T08:29:39","modified_gmt":"2024-04-03T08:29:39","slug":"toyota-letos-na-2-miste-mezi-importery","status":"publish","type":"post","link":"https:\/\/www.automakers.cz\/?p=3165","title":{"rendered":"Toyota letos na 2. m\u00edst\u011b mezi import\u00e9ry"},"content":{"rendered":"<p><strong>Zna\u010dka Toyota se v b\u0159eznu um\u00edstila s celkem 2045 registrovan\u00fdmi nov\u00fdmi osobn\u00edmi a lehk\u00fdmi u\u017eitkov\u00fdmi vozy na druh\u00e9 p\u0159\u00ed\u010dce mezi import\u00e9ry s tr\u017en\u00edm pod\u00edlem 9,8 procent. Na druh\u00e9 p\u0159\u00ed\u010dce z\u00e1rove\u0148 ukon\u010dila cel\u00fd prvn\u00ed kvart\u00e1l roku 2024.<\/strong><!--more--><\/p>\n<p>Toyota i ve t\u0159et\u00edm m\u011bs\u00edci roku vyk\u00e1zala meziro\u010dn\u00ed r\u016fst, a to o 6,8 procent. Cel\u00fd trh p\u0159itom po slibn\u00e9m za\u010d\u00e1tku roku zaznamenal citeln\u00fd pokles o 13,7 procent. Ve srovn\u00e1n\u00ed s prvn\u00edm kvart\u00e1lem lo\u0148sk\u00e9ho roku si Toyota za prvn\u00ed t\u0159i m\u011bs\u00edce leto\u0161n\u00edho roku polep\u0161ila o 10 procent.<\/p>\n<p>\u201eI p\u0159es b\u0159eznov\u00e9 zakol\u00eds\u00e1n\u00ed celkov\u00e9ho trhu, prodeje zna\u010dky Toyota ji\u017e t\u0159et\u00ed rok v \u0159ad\u011b rostou. Druh\u00e9 m\u00edsto na trhu nov\u00fdch osobn\u00edch a lehk\u00fdch u\u017eitkov\u00fdch voz\u016f n\u00e1s velice t\u011b\u0161\u00ed, z\u00e1rove\u0148 je z\u00e1vazkem v\u016f\u010di v\u0161em z\u00e1kazn\u00edk\u016fm, kte\u0159\u00ed n\u00e1m dali svoji d\u016fv\u011bru,&#8220; \u0159\u00edk\u00e1 gener\u00e1ln\u00ed \u0159editel Toyota a Lexus \u010cR Martin Pele\u0161ka.<\/p>\n<figure id=\"attachment_1709\" aria-describedby=\"caption-attachment-1709\" style=\"width: 900px\" class=\"wp-caption alignnone\"><img loading=\"lazy\" decoding=\"async\" class=\"size-medium wp-image-1709\" src=\"http:\/\/www.automakers.cz\/wp-content\/uploads\/2024\/01\/Toyota-bilancni-TK-Peleska-2024-900x675.jpg\" alt=\"\" width=\"900\" height=\"675\" srcset=\"https:\/\/www.automakers.cz\/wp-content\/uploads\/2024\/01\/Toyota-bilancni-TK-Peleska-2024-900x675.jpg 900w, https:\/\/www.automakers.cz\/wp-content\/uploads\/2024\/01\/Toyota-bilancni-TK-Peleska-2024-1024x768.jpg 1024w, https:\/\/www.automakers.cz\/wp-content\/uploads\/2024\/01\/Toyota-bilancni-TK-Peleska-2024-768x576.jpg 768w, https:\/\/www.automakers.cz\/wp-content\/uploads\/2024\/01\/Toyota-bilancni-TK-Peleska-2024-1536x1152.jpg 1536w, https:\/\/www.automakers.cz\/wp-content\/uploads\/2024\/01\/Toyota-bilancni-TK-Peleska-2024.jpg 2040w\" sizes=\"auto, (max-width: 900px) 100vw, 900px\" \/><figcaption id=\"caption-attachment-1709\" class=\"wp-caption-text\">Martin Pele\u0161ka letos shrnul v\u00fdsledky Toyoty a Lexusu v centr\u00e1le importu<\/figcaption><\/figure>\n<p>C\u00edlem zna\u010dky Toyota pro leto\u0161n\u00ed rok je dr\u017eet tempo prvn\u00edho \u010dtvrtlet\u00ed a upevnit svoji pozici mezi vedouc\u00edmi hr\u00e1\u010di trhu nov\u00fdch voz\u016f v \u010cR.<\/p>\n<p><strong>Zdroj: Toyota, Jitka Jechov\u00e1<\/strong><\/p>\n<p><img loading=\"lazy\" decoding=\"async\" class=\"alignnone size-medium wp-image-1710\" src=\"http:\/\/www.automakers.cz\/wp-content\/uploads\/2024\/01\/Toyota-plan-2024-900x675.jpg\" alt=\"\" width=\"900\" height=\"675\" srcset=\"https:\/\/www.automakers.cz\/wp-content\/uploads\/2024\/01\/Toyota-plan-2024-900x675.jpg 900w, https:\/\/www.automakers.cz\/wp-content\/uploads\/2024\/01\/Toyota-plan-2024-1024x768.jpg 1024w, https:\/\/www.automakers.cz\/wp-content\/uploads\/2024\/01\/Toyota-plan-2024-768x576.jpg 768w, https:\/\/www.automakers.cz\/wp-content\/uploads\/2024\/01\/Toyota-plan-2024-1536x1152.jpg 1536w, https:\/\/www.automakers.cz\/wp-content\/uploads\/2024\/01\/Toyota-plan-2024.jpg 2040w\" sizes=\"auto, (max-width: 900px) 100vw, 900px\" \/><\/p>\n","protected":false},"excerpt":{"rendered":"<p>Zna\u010dka Toyota se v b\u0159eznu um\u00edstila s celkem 2045 registrovan\u00fdmi nov\u00fdmi osobn\u00edmi a lehk\u00fdmi u\u017eitkov\u00fdmi&#8230;<\/p>\n","protected":false},"author":1,"featured_media":170,"comment_status":"closed","ping_status":"closed","sticky":false,"template":"","format":"standard","meta":{"footnotes":""},"categories":[11,10],"tags":[],"class_list":["post-3165","post","type-post","status-publish","format-standard","has-post-thumbnail","hentry","category-importeri","category-statistika"],"_links":{"self":[{"href":"https:\/\/www.automakers.cz\/index.php?rest_route=\/wp\/v2\/posts\/3165","targetHints":{"allow":["GET"]}}],"collection":[{"href":"https:\/\/www.automakers.cz\/index.php?rest_route=\/wp\/v2\/posts"}],"about":[{"href":"https:\/\/www.automakers.cz\/index.php?rest_route=\/wp\/v2\/types\/post"}],"author":[{"embeddable":true,"href":"https:\/\/www.automakers.cz\/index.php?rest_route=\/wp\/v2\/users\/1"}],"replies":[{"embeddable":true,"href":"https:\/\/www.automakers.cz\/index.php?rest_route=%2Fwp%2Fv2%2Fcomments&post=3165"}],"version-history":[{"count":3,"href":"https:\/\/www.automakers.cz\/index.php?rest_route=\/wp\/v2\/posts\/3165\/revisions"}],"predecessor-version":[{"id":3167,"href":"https:\/\/www.automakers.cz\/index.php?rest_route=\/wp\/v2\/posts\/3165\/revisions\/3167"}],"wp:featuredmedia":[{"embeddable":true,"href":"https:\/\/www.automakers.cz\/index.php?rest_route=\/wp\/v2\/media\/170"}],"wp:attachment":[{"href":"https:\/\/www.automakers.cz\/index.php?rest_route=%2Fwp%2Fv2%2Fmedia&parent=3165"}],"wp:term":[{"taxonomy":"category","embeddable":true,"href":"https:\/\/www.automakers.cz\/index.php?rest_route=%2Fwp%2Fv2%2Fcategories&post=3165"},{"taxonomy":"post_tag","embeddable":true,"href":"https:\/\/www.automakers.cz\/index.php?rest_route=%2Fwp%2Fv2%2Ftags&post=3165"}],"curies":[{"name":"wp","href":"https:\/\/api.w.org\/{rel}","templated":true}]}}