{"id":3169,"date":"2024-04-03T15:18:13","date_gmt":"2024-04-03T15:18:13","guid":{"rendered":"https:\/\/www.automakers.cz\/?p=3169"},"modified":"2024-04-03T15:19:54","modified_gmt":"2024-04-03T15:19:54","slug":"trenazer-movitren-se-predvedl-ve-skoda-muzeu","status":"publish","type":"post","link":"https:\/\/www.automakers.cz\/?p=3169","title":{"rendered":"Movitren se p\u0159edvedl ve \u0160koda Muzeu"},"content":{"rendered":"<p class=\"xmprfx_MsoNormal\"><b>Asociace auto\u0161kol \u010cR spolu s dal\u0161\u00edmi partnery jako je Digiteq Automotive a \u0160koda Auto p\u0159edvedla 2. dubna novin\u00e1\u0159\u016fm v Mlad\u00e9 Boleslavi MOVITREN (Mobiln\u00ed virtu\u00e1ln\u00ed trena\u017eer), kter\u00fd nejen \u017e\u00e1ky auto\u0161kol \u00a0p\u0159iprav\u00ed a nau\u010d\u00ed spr\u00e1vn\u011b reagovat na rizikov\u00e9 dopravn\u00ed situace.<\/b><!--more--><\/p>\n<p class=\"xmprfx_MsoNormal\">MOVITREN m\u00e1 za \u00fakol popularizovat\u00a0vn\u00edm\u00e1n\u00ed rizik v doprav\u011b (Hazard Perception) za pomoci p\u0159edem animovan\u00fdch dopravn\u00edch situac\u00edch ve virtu\u00e1ln\u00ed realit\u011b ovl\u00e1dan\u00fdch pohybliv\u00fdm trena\u017eerem vozidla.\u00a0D\u00edky n\u011bmu si mohou \u00fa\u010dastn\u00edci vyzkou\u0161et r\u016fzn\u00e9 varianty re\u00e1ln\u00fdch rizikov\u00fdch situac\u00ed v\u00a0bezpe\u010dn\u00e9m prost\u0159ed\u00ed virtu\u00e1ln\u00edho trena\u017eeru.<\/p>\n<p class=\"xmprfx_MsoNormal\"><i>\u201eV Asociaci auto\u0161kol ji\u017e n\u011bkolik let p\u0159edstavujeme modernizaci \u010desk\u00e9ho vzd\u011bl\u00e1v\u00e1n\u00ed \u0159idi\u010d\u016f za pomoci definov\u00e1n\u00ed re\u00e1ln\u00fdch rizikov\u00fdch situac\u00ed do animovan\u00fdch nebo nato\u010den\u00fdch klip\u016f, kter\u00e9 dokonce implementujeme do z\u00e1v\u011bre\u010dn\u00fdch testov\u00fdch ot\u00e1zek. Nyn\u00ed v\u0161e v dopravn\u00ed bezpe\u010dnosti posouv\u00e1me o dal\u0161\u00ed krok d\u00e1le a za pomoci MOVITREN dok\u00e1\u017eeme ov\u011b\u0159it a popularizovat problematiku vn\u00edm\u00e1n\u00ed rizik \u0159idi\u010d\u016f, a dokonce ji p\u0159ibl\u00ed\u017eit \u00fa\u010dastn\u00edk\u016fm v\u00fdznamn\u00fdch vzd\u011bl\u00e1vac\u00edch akc\u00ed, do \u0161kol, dopravn\u00edch kongres\u016f \u010di dn\u016f zab\u00fdvaj\u00edc\u00edch se dopravn\u00ed bezpe\u010dnost\u00ed,\u201c<\/i> sd\u011blil tisku p\u0159edseda Asociace auto\u0161kol \u010cR Ale\u0161 Hor\u010di\u010dka.<\/p>\n<p><img loading=\"lazy\" decoding=\"async\" class=\"alignnone size-medium wp-image-3179\" src=\"http:\/\/www.automakers.cz\/wp-content\/uploads\/2024\/04\/Movitren-Horcicka-900x675.jpg\" alt=\"\" width=\"900\" height=\"675\" srcset=\"https:\/\/www.automakers.cz\/wp-content\/uploads\/2024\/04\/Movitren-Horcicka-900x675.jpg 900w, https:\/\/www.automakers.cz\/wp-content\/uploads\/2024\/04\/Movitren-Horcicka-1024x768.jpg 1024w, https:\/\/www.automakers.cz\/wp-content\/uploads\/2024\/04\/Movitren-Horcicka-768x576.jpg 768w, https:\/\/www.automakers.cz\/wp-content\/uploads\/2024\/04\/Movitren-Horcicka-1536x1152.jpg 1536w, https:\/\/www.automakers.cz\/wp-content\/uploads\/2024\/04\/Movitren-Horcicka.jpg 2040w\" sizes=\"auto, (max-width: 900px) 100vw, 900px\" \/><\/p>\n<p class=\"xmprfx_MsoNormal\"><b>Po\u010d\u00edta\u010de na kolech<\/b><\/p>\n<p class=\"xmprfx_MsoNormal\">D\u00edky nejvysp\u011blej\u0161\u00ed technice si \u017e\u00e1ci vyzkou\u0161\u00ed a za\u017eij\u00ed krizov\u00e9 situace v\u00a0bezpe\u010d\u00ed a pohodl\u00ed simul\u00e1toru. Ten je ide\u00e1ln\u00ed pro tr\u00e9nink\u00a0bezpe\u010dn\u00e9 j\u00edzdy b\u011b\u017en\u00fdch \u0159idi\u010d\u016f, \u00fapln\u00fdch nov\u00e1\u010dk\u016f i \u201estar\u00fdch matador\u016f\u201c.<\/p>\n<p class=\"xmprfx_MsoNormal\"><i>\u201eV Digiteq Automotive m\u011bn\u00edme vozidla v \u00b4po\u010d\u00edta\u010de na kolech\u00b4. Na\u0161e \u0159e\u0161en\u00ed \u010din\u00ed sv\u011bt mobility intuitivn\u011bj\u0161\u00edm, bezpe\u010dn\u011bj\u0161\u00edm a pohodln\u011bj\u0161\u00edm. Technologick\u00e9 partnerstv\u00ed projektu MOVITREN je pro n\u00e1s dal\u0161\u00ed p\u0159\u00edle\u017eitost\u00ed, jak sv\u00fdm know-how p\u0159isp\u011bt k rozvoji bezpe\u010dnosti a digitalizace v doprav\u011b. P\u0159i v\u00fdvoji simul\u00e1toru jsme vyu\u017eili rozs\u00e1hl\u00e9 zku\u0161enosti s v\u00fdvojem a testov\u00e1n\u00edm elektroniky a softwaru, kde virtu\u00e1ln\u00ed realita nab\u00fdv\u00e1 st\u00e1le v\u011bt\u0161\u00edho v\u00fdznamu,\u201c<\/i>\u00a0uv\u00e1d\u00ed tiskov\u00fd mluv\u010d\u00ed Digiteq Automotive Jan Futera.<\/p>\n<p class=\"xmprfx_MsoNormal\"><b>Spr\u00e1vn\u00e9 n\u00e1vyky a sebejistota<\/b><\/p>\n<p class=\"xmprfx_MsoNormal\">Cel\u00fd projekt m\u00e1 tak\u00e9 velmi d\u016fle\u017eit\u00e9ho a siln\u00e9ho partnera, kter\u00fdm je \u0160koda Auto. Spole\u010dnost vn\u00edm\u00e1 d\u016fle\u017eitost v\u00fdvoje \u010desk\u00e9ho auto\u0161kolstv\u00ed a jeho p\u0159izp\u016fsoben\u00ed dne\u0161n\u00ed dob\u011b.<\/p>\n<p class=\"xmprfx_MsoNormal\"><i>\u201e\u0160koda Auto si dob\u0159e uv\u011bdomuje svou pozici na trhu a p\u0159isp\u00edv\u00e1 proto k rozvoji spole\u010dnosti v oblastech bezpe\u010dnosti, dopravn\u00ed v\u00fdchovy a prevence. U\u010dit se \u0159\u00eddit ve voze, na kter\u00fd se \u0159idi\u010d m\u016f\u017ee spolehnout, je pro z\u00edsk\u00e1n\u00ed spr\u00e1vn\u00fdch n\u00e1vyk\u016f a sebejistoty za volantem i v provozu z\u00e1klad. Toto plat\u00ed nejen pro nejmlad\u0161\u00ed generace, u kter\u00e9 se vytv\u00e1\u0159\u00ed n\u00e1vyky v oblasti dopravn\u00ed bezpe\u010dnosti do dal\u0161\u00edch let,\u201c<\/i>\u00a0podot\u00fdk\u00e1\u00a0Libor \u0160ediv\u00e1k &#8211; Vedouc\u00ed marketingu \u0160koda Auto \u010cesk\u00e1 republika.<\/p>\n<p>Sou\u010d\u00e1st\u00ed projektu MOVITREN je tak\u00e9 praktick\u00e1 evalua\u010dn\u00ed j\u00edzda vozidlem \u0160koda Kodiaq s kvalifikovan\u00fdm u\u010ditelem auto\u0161koly, ten uchaze\u010di po absolvov\u00e1n\u00ed zku\u0161enosti ve virtu\u00e1ln\u00ed realit\u011b umo\u017en\u00ed obdobn\u00e9 dopravn\u00ed situace absolvovat i v\u00a0re\u00e1ln\u00e9m silni\u010dn\u00ed provozu a \u00a0poskytne zp\u011btnou vazbu na jeho \u00farove\u0148 \u0159\u00edzen\u00ed motorov\u00e9ho vozidla.<\/p>\n<p><img loading=\"lazy\" decoding=\"async\" class=\"alignnone size-medium wp-image-3182\" src=\"http:\/\/www.automakers.cz\/wp-content\/uploads\/2024\/04\/Movitren-blondyna-900x675.jpg\" alt=\"\" width=\"900\" height=\"675\" srcset=\"https:\/\/www.automakers.cz\/wp-content\/uploads\/2024\/04\/Movitren-blondyna-900x675.jpg 900w, https:\/\/www.automakers.cz\/wp-content\/uploads\/2024\/04\/Movitren-blondyna-1024x768.jpg 1024w, https:\/\/www.automakers.cz\/wp-content\/uploads\/2024\/04\/Movitren-blondyna-768x576.jpg 768w, https:\/\/www.automakers.cz\/wp-content\/uploads\/2024\/04\/Movitren-blondyna-1536x1152.jpg 1536w, https:\/\/www.automakers.cz\/wp-content\/uploads\/2024\/04\/Movitren-blondyna.jpg 2040w\" sizes=\"auto, (max-width: 900px) 100vw, 900px\" \/><\/p>\n<p>S pomoc\u00ed VR headsetu HTC Vive Pro 2 (speci\u00e1ln\u00ed br\u00fdle ur\u010den\u00e9 pro virtu\u00e1ln\u00ed realitu) a re\u00e1ln\u00fdch \u010d\u00e1st\u00ed vozu \u0160koda Enyaq mohou \u00fa\u010dastn\u00edci pro\u017e\u00edt hned n\u011bkolik r\u016fzn\u00fdch sc\u00e9n\u00e1\u0159\u016f z v\u00fduky auto\u0161koly. \u00a0Jedn\u00e1 se nap\u0159\u00edklad o anal\u00fdzu rizik sm\u011brem proj\u00ed\u017ed\u011bj\u00edc\u00edm cyklist\u016fm, chov\u00e1n\u00ed na d\u00e1lnici se zam\u011b\u0159en\u00edm na spr\u00e1vn\u00e9 utvo\u0159en\u00ed tzv. \u201ez\u00e1chrann\u00e9 uli\u010dky\u201c a dal\u0161\u00ed opakuj\u00edc\u00ed se rizika v\u00a0doprav\u011b.<\/p>\n<p><strong>Erich Handl, Mlad\u00e1 Boleslav<\/strong><\/p>\n","protected":false},"excerpt":{"rendered":"<p>Asociace auto\u0161kol \u010cR spolu s dal\u0161\u00edmi partnery jako je Digiteq Automotive a \u0160koda Auto p\u0159edvedla&#8230;<\/p>\n","protected":false},"author":1,"featured_media":3178,"comment_status":"closed","ping_status":"closed","sticky":false,"template":"","format":"standard","meta":{"footnotes":""},"categories":[20,46],"tags":[],"class_list":["post-3169","post","type-post","status-publish","format-standard","has-post-thumbnail","hentry","category-tiskovky","category-vzdelani"],"_links":{"self":[{"href":"https:\/\/www.automakers.cz\/index.php?rest_route=\/wp\/v2\/posts\/3169","targetHints":{"allow":["GET"]}}],"collection":[{"href":"https:\/\/www.automakers.cz\/index.php?rest_route=\/wp\/v2\/posts"}],"about":[{"href":"https:\/\/www.automakers.cz\/index.php?rest_route=\/wp\/v2\/types\/post"}],"author":[{"embeddable":true,"href":"https:\/\/www.automakers.cz\/index.php?rest_route=\/wp\/v2\/users\/1"}],"replies":[{"embeddable":true,"href":"https:\/\/www.automakers.cz\/index.php?rest_route=%2Fwp%2Fv2%2Fcomments&post=3169"}],"version-history":[{"count":5,"href":"https:\/\/www.automakers.cz\/index.php?rest_route=\/wp\/v2\/posts\/3169\/revisions"}],"predecessor-version":[{"id":3181,"href":"https:\/\/www.automakers.cz\/index.php?rest_route=\/wp\/v2\/posts\/3169\/revisions\/3181"}],"wp:featuredmedia":[{"embeddable":true,"href":"https:\/\/www.automakers.cz\/index.php?rest_route=\/wp\/v2\/media\/3178"}],"wp:attachment":[{"href":"https:\/\/www.automakers.cz\/index.php?rest_route=%2Fwp%2Fv2%2Fmedia&parent=3169"}],"wp:term":[{"taxonomy":"category","embeddable":true,"href":"https:\/\/www.automakers.cz\/index.php?rest_route=%2Fwp%2Fv2%2Fcategories&post=3169"},{"taxonomy":"post_tag","embeddable":true,"href":"https:\/\/www.automakers.cz\/index.php?rest_route=%2Fwp%2Fv2%2Ftags&post=3169"}],"curies":[{"name":"wp","href":"https:\/\/api.w.org\/{rel}","templated":true}]}}