{"id":3184,"date":"2024-04-03T15:31:02","date_gmt":"2024-04-03T15:31:02","guid":{"rendered":"https:\/\/www.automakers.cz\/?p=3184"},"modified":"2024-04-03T15:32:11","modified_gmt":"2024-04-03T15:32:11","slug":"kia-czech-s-novym-reditelem-obchodu","status":"publish","type":"post","link":"https:\/\/www.automakers.cz\/?p=3184","title":{"rendered":"Kia Czech s nov\u00fdm \u0161\u00e9fem obchodu"},"content":{"rendered":"<div class=\"perex\">\n<p><strong>Na pozici Obchodn\u00ed \u0159editel Kia Czech pov\u00fd\u0161il s \u00fa\u010dinnost\u00ed od 1. dubna zku\u0161en\u00fd mana\u017eer s v\u00edce ne\u017e 20letou prax\u00ed v oblasti automobilov\u00e9ho pr\u016fmyslu, z toho 13 let p\u016fsob\u00edc\u00ed v Kia Czech na r\u016fzn\u00fdch pozic\u00edch. Ve funkci Obchodn\u00ed \u0159editel Kia Czech bude zodpov\u00eddat za obchodn\u00ed aktivity zna\u010dky, fleetov\u00e9 aktivity a logistiku<\/strong>.<\/p>\n<\/div>\n<p><!--more--><\/p>\n<div class=\"text\">\n<p>Michal Dolansk\u00fd nastoupil do Kia Czech v\u00a0roce 2011 jako Mana\u017eer Fleet &amp; Used Cars a v\u00a0roce 2018 se stal Vedouc\u00edm odd\u011blen\u00ed Channel &amp; MECA, kde uplatnil sv\u00e9 schopnosti a dovednosti v\u00a0oblasti rozvoje dealersk\u00e9 s\u00edt\u011b s\u00a0implementac\u00ed nov\u00e9 korpor\u00e1tn\u00ed identity zna\u010dky a projekt\u016f mobility v \u010cesku.<\/p>\n<p>Sv\u00e9 bohat\u00e9 zku\u0161enosti uplatn\u00ed ve sv\u00e9 nov\u00e9\u00a0pozici, kde je nov\u011b zodpov\u011bdn\u00fd za prodejn\u00ed strategii s\u00a0c\u00edlem zv\u00fd\u0161it tr\u017en\u00ed pod\u00edl zna\u010dky Kia na \u010desk\u00e9m trhu a ve st\u0159edn\u011b dob\u00e9m horizontu doc\u00edlit pozice TOP 3 ze st\u00e1vaj\u00edc\u00ed p\u00e1t\u00e9 p\u0159\u00ed\u010dky nejprod\u00e1van\u011bj\u0161\u00edch zna\u010dek v\u00a0\u010cesk\u00e9 republice.<\/p>\n<p>Dolansk\u00fd bude sou\u010dasn\u011b odpov\u00eddat za \u00fasp\u011b\u0161n\u00fd vstup automobilky do segmentu elektrick\u00fdch voz\u016f\u00a0<a href=\"https:\/\/www.kia-express.cz\/tiskove-zpravy\/ces-2024-kia-predstavuje-vozidla-pbv-a-vydava-se-za-hranice-mobility\/\">PBV<\/a> (Platform Beyond Vehicle) na tuzemsk\u00fd trh.<\/p>\n<p><em>\u201eV\u00e1\u017e\u00edm si d\u016fv\u011bry, kter\u00e9 se mi dostalo od veden\u00ed Kia Czech. V\u011bt\u0161\u00ed \u010d\u00e1st sv\u00e9 profesn\u00ed kari\u00e9ry jsem p\u016fsobil v\u00a0oblasti prodeje, a proto se tam velmi r\u00e1d vrac\u00edm. T\u011b\u0161\u00edm se na ka\u017edodenn\u00ed spolupr\u00e1ci s\u00a0kolegy z\u00a0prodejn\u00edho odd\u011blen\u00ed, skv\u011bl\u00fdmi obchodn\u00edmi partnery a tak\u00e9 t\u011bmi nejd\u016fle\u017eit\u011bj\u0161\u00edmi, na\u0161imi z\u00e1kazn\u00edky.\u201c\u00a0<\/em>\u0159ekl ke sv\u00e9mu jmenov\u00e1n\u00ed Michal Dolansk\u00fd<em>.<\/em><\/p>\n<p><img loading=\"lazy\" decoding=\"async\" class=\"size-medium wp-image-3188\" src=\"http:\/\/www.automakers.cz\/wp-content\/uploads\/2024\/04\/Dolansky_Michal_02-900x600.jpg\" alt=\"\" width=\"900\" height=\"600\" srcset=\"https:\/\/www.automakers.cz\/wp-content\/uploads\/2024\/04\/Dolansky_Michal_02-900x600.jpg 900w, https:\/\/www.automakers.cz\/wp-content\/uploads\/2024\/04\/Dolansky_Michal_02-768x512.jpg 768w, https:\/\/www.automakers.cz\/wp-content\/uploads\/2024\/04\/Dolansky_Michal_02.jpg 1000w\" sizes=\"auto, (max-width: 900px) 100vw, 900px\" \/><\/p>\n<p>Michal Dolansk\u00fd (48 let) se ve sv\u00e9m voln\u00e9m \u010dase v\u011bnuje cestov\u00e1n\u00ed a sportu.<\/p>\n<p><strong>Zdroj: Kia Express<\/strong><\/p>\n<\/div>\n","protected":false},"excerpt":{"rendered":"<p>Na pozici Obchodn\u00ed \u0159editel Kia Czech pov\u00fd\u0161il s \u00fa\u010dinnost\u00ed od 1. dubna zku\u0161en\u00fd mana\u017eer s&#8230;<\/p>\n","protected":false},"author":1,"featured_media":3187,"comment_status":"closed","ping_status":"closed","sticky":false,"template":"","format":"standard","meta":{"footnotes":""},"categories":[6,5],"tags":[],"class_list":["post-3184","post","type-post","status-publish","format-standard","has-post-thumbnail","hentry","category-management","category-personalie"],"_links":{"self":[{"href":"https:\/\/www.automakers.cz\/index.php?rest_route=\/wp\/v2\/posts\/3184","targetHints":{"allow":["GET"]}}],"collection":[{"href":"https:\/\/www.automakers.cz\/index.php?rest_route=\/wp\/v2\/posts"}],"about":[{"href":"https:\/\/www.automakers.cz\/index.php?rest_route=\/wp\/v2\/types\/post"}],"author":[{"embeddable":true,"href":"https:\/\/www.automakers.cz\/index.php?rest_route=\/wp\/v2\/users\/1"}],"replies":[{"embeddable":true,"href":"https:\/\/www.automakers.cz\/index.php?rest_route=%2Fwp%2Fv2%2Fcomments&post=3184"}],"version-history":[{"count":6,"href":"https:\/\/www.automakers.cz\/index.php?rest_route=\/wp\/v2\/posts\/3184\/revisions"}],"predecessor-version":[{"id":3192,"href":"https:\/\/www.automakers.cz\/index.php?rest_route=\/wp\/v2\/posts\/3184\/revisions\/3192"}],"wp:featuredmedia":[{"embeddable":true,"href":"https:\/\/www.automakers.cz\/index.php?rest_route=\/wp\/v2\/media\/3187"}],"wp:attachment":[{"href":"https:\/\/www.automakers.cz\/index.php?rest_route=%2Fwp%2Fv2%2Fmedia&parent=3184"}],"wp:term":[{"taxonomy":"category","embeddable":true,"href":"https:\/\/www.automakers.cz\/index.php?rest_route=%2Fwp%2Fv2%2Fcategories&post=3184"},{"taxonomy":"post_tag","embeddable":true,"href":"https:\/\/www.automakers.cz\/index.php?rest_route=%2Fwp%2Fv2%2Ftags&post=3184"}],"curies":[{"name":"wp","href":"https:\/\/api.w.org\/{rel}","templated":true}]}}