{"id":3193,"date":"2024-04-04T09:25:42","date_gmt":"2024-04-04T09:25:42","guid":{"rendered":"https:\/\/www.automakers.cz\/?p=3193"},"modified":"2024-04-04T09:26:36","modified_gmt":"2024-04-04T09:26:36","slug":"ministr-kupka-testuje-hyundai-ioniq-6","status":"publish","type":"post","link":"https:\/\/www.automakers.cz\/?p=3193","title":{"rendered":"Ministr Kupka testuje Hyundai IONIQ 6"},"content":{"rendered":"<p><strong><b>Ministr dopravy Martin Kupka v pr<\/b><\/strong><strong><b>\u016f<\/b><\/strong><strong><b>b<\/b><\/strong><strong><b>\u011b<\/b><\/strong><strong><b>hu m\u011bs\u00edc\u016f b<\/b><\/strong><strong><b>\u0159<\/b><\/strong><strong><b>ezna a dubna testuje elektromobil Hyundai IONIQ 6, Sv<\/b><\/strong><strong><b>\u011b<\/b><\/strong><strong><b>tov\u00fd automobil roku 2023. V<\/b><\/strong><strong><b>\u016f<\/b><\/strong><strong><b>z mu do u\u017e\u00edv\u00e1n\u00ed p<\/b><\/strong><strong><b>\u0159<\/b><\/strong><strong><b>edal gener\u00e1ln\u00ed <\/b><\/strong><strong><b>\u0159<\/b><\/strong><strong><b>editel <\/b><\/strong><strong><b>\u010d<\/b><\/strong><strong><b>esk\u00e9ho zastoupen\u00ed zna<\/b><\/strong><strong><b>\u010d<\/b><\/strong><strong><b>ky Martin Saitz.<\/b><\/strong><!--more--><\/p>\n<p>Ministr Kupka spolu se sv\u00fdm t\u00fdmem bude elektromobil s dojezdem p\u0159es 600 kilometr\u016f\u00a0u\u017e\u00edvat b\u011bhem sv\u00e9 ka\u017edodenn\u00ed pr\u00e1ce, a vyzkou\u0161\u00ed tak nejen jeho \u00faspornost v ka\u017edodenn\u00edm provozu, ale tak\u00e9 schopnost v\u00fdjime\u010dn\u011b\u00a0rychl\u00e9ho dob\u00edjen\u00ed.<\/p>\n<p>\u201e\u00da\u010dinnost spalovac\u00edho motoru se pohybuje do 40 procent, u elektromobilu je a\u017e 90procentn\u00ed. To hraje velkou roli v dob\u011b, kdy \u0159e\u0161\u00edme, jak sni\u017eovat energetickou n\u00e1ro\u010dnost a vyu\u017e\u00edvat co nejefektivn\u011bj\u0161\u00ed pohony. Z\u00e1rove\u0148 s t\u00edm se da\u0159\u00ed neust\u00e1le posouvat technologie bateri\u00ed a t\u00edm tak\u00e9 zvy\u0161ovat dojezd automobil\u016f na alternativn\u00ed pohon a rychlost dob\u00edjen\u00ed. D\u00edky tomu se st\u00e1vaj\u00ed \u010d\u00edm d\u00e1l vyu\u017eiteln\u011bj\u0161\u00ed pro ka\u017edodenn\u00ed doj\u00ed\u017ed\u011bn\u00ed nebo i pro cestov\u00e1n\u00ed na del\u0161\u00ed vzd\u00e1lenosti,\u201c \u0159\u00edk\u00e1 ministr Kupka.<\/p>\n<p><img loading=\"lazy\" decoding=\"async\" class=\"alignnone size-medium wp-image-3195\" src=\"http:\/\/www.automakers.cz\/wp-content\/uploads\/2024\/04\/Kupka-Hyundai-Ioniq-6-900x600.jpg\" alt=\"\" width=\"900\" height=\"600\" srcset=\"https:\/\/www.automakers.cz\/wp-content\/uploads\/2024\/04\/Kupka-Hyundai-Ioniq-6-900x600.jpg 900w, https:\/\/www.automakers.cz\/wp-content\/uploads\/2024\/04\/Kupka-Hyundai-Ioniq-6-1024x683.jpg 1024w, https:\/\/www.automakers.cz\/wp-content\/uploads\/2024\/04\/Kupka-Hyundai-Ioniq-6-768x512.jpg 768w, https:\/\/www.automakers.cz\/wp-content\/uploads\/2024\/04\/Kupka-Hyundai-Ioniq-6-1536x1024.jpg 1536w, https:\/\/www.automakers.cz\/wp-content\/uploads\/2024\/04\/Kupka-Hyundai-Ioniq-6.jpg 1920w\" sizes=\"auto, (max-width: 900px) 100vw, 900px\" \/>\u201eMo\u017enosti nab\u00eddnout n\u00e1\u0161 v\u016fz do slu\u017eeb pana ministra Kupky si velmi v\u00e1\u017e\u00edme a jsme p\u0159esv\u011bd\u010deni o tom, \u017ee ho sv\u00fdmi kvalitami dok\u00e1\u017ee ohromit. Je chv\u00e1lyhodn\u00e9, \u017ee ministerstvo s takov\u00fdmto nad\u0161en\u00edm testuje r\u016fzn\u00e9 varianty n\u00edzkoemisn\u00ed a bezemisn\u00ed mobility,\u201c\u00a0uvedl gener\u00e1ln\u00ed \u0159editel spole\u010dnosti Hyundai Motor Czech, Martin Saitz.<\/p>\n<p>Hyundai IONIQ 6 je druh\u00fdm z\u00e1stupcem produktov\u00e9 \u0159ady IONIQ jihokorejsk\u00e9 automobilky Hyundai. D\u00edky sv\u00e9 aerodynamick\u00e9 karoserii, inspirovan\u00e9 mj. p\u0159edv\u00e1le\u010dn\u00fdmi modely Tatra, a n\u00edzk\u00e9mu odporu vzduchu nab\u00edz\u00ed dojezd a\u017e 614 kilometr\u016f\u00a0dle metodiky WLTP. Py\u0161n\u00ed se ultra-rychl\u00fdm dob\u00edjen\u00edm z 10 na 80 % za 18 minut, p\u0159i\u010dem\u017e za pouh\u00fdch 5 minut dob\u00edjen\u00ed z\u00edsk\u00e1 100 kilometr\u016f\u00a0dojezdu. Hyundai IONIQ 6 se stal Sv\u011btov\u00fdm autem roku 2023 a z\u00e1rove\u0148\u00a0ovl\u00e1dl kategorie Sv\u011btov\u00fd elektromobil roku a Sv\u011btov\u00fd automobilov\u00fd design roku.<\/p>\n<p><strong>Zdroj: Hyundai, David Pavl\u00ed\u010dek<\/strong><\/p>\n","protected":false},"excerpt":{"rendered":"<p>Ministr dopravy Martin Kupka v pr\u016fb\u011bhu m\u011bs\u00edc\u016f b\u0159ezna a dubna testuje elektromobil Hyundai IONIQ 6,&#8230;<\/p>\n","protected":false},"author":1,"featured_media":3194,"comment_status":"closed","ping_status":"closed","sticky":false,"template":"","format":"standard","meta":{"footnotes":""},"categories":[56,9],"tags":[],"class_list":["post-3193","post","type-post","status-publish","format-standard","has-post-thumbnail","hentry","category-celebrity","category-elektromobily"],"_links":{"self":[{"href":"https:\/\/www.automakers.cz\/index.php?rest_route=\/wp\/v2\/posts\/3193","targetHints":{"allow":["GET"]}}],"collection":[{"href":"https:\/\/www.automakers.cz\/index.php?rest_route=\/wp\/v2\/posts"}],"about":[{"href":"https:\/\/www.automakers.cz\/index.php?rest_route=\/wp\/v2\/types\/post"}],"author":[{"embeddable":true,"href":"https:\/\/www.automakers.cz\/index.php?rest_route=\/wp\/v2\/users\/1"}],"replies":[{"embeddable":true,"href":"https:\/\/www.automakers.cz\/index.php?rest_route=%2Fwp%2Fv2%2Fcomments&post=3193"}],"version-history":[{"count":3,"href":"https:\/\/www.automakers.cz\/index.php?rest_route=\/wp\/v2\/posts\/3193\/revisions"}],"predecessor-version":[{"id":3197,"href":"https:\/\/www.automakers.cz\/index.php?rest_route=\/wp\/v2\/posts\/3193\/revisions\/3197"}],"wp:featuredmedia":[{"embeddable":true,"href":"https:\/\/www.automakers.cz\/index.php?rest_route=\/wp\/v2\/media\/3194"}],"wp:attachment":[{"href":"https:\/\/www.automakers.cz\/index.php?rest_route=%2Fwp%2Fv2%2Fmedia&parent=3193"}],"wp:term":[{"taxonomy":"category","embeddable":true,"href":"https:\/\/www.automakers.cz\/index.php?rest_route=%2Fwp%2Fv2%2Fcategories&post=3193"},{"taxonomy":"post_tag","embeddable":true,"href":"https:\/\/www.automakers.cz\/index.php?rest_route=%2Fwp%2Fv2%2Ftags&post=3193"}],"curies":[{"name":"wp","href":"https:\/\/api.w.org\/{rel}","templated":true}]}}